{"id":38993,"date":"2024-09-11T11:45:28","date_gmt":"2024-09-11T14:45:28","guid":{"rendered":"http:\/\/cronicasyversiones.com\/?p=38993"},"modified":"2024-09-11T11:45:28","modified_gmt":"2024-09-11T14:45:28","slug":"llega-la-feria-internacional-del-libro-de-rosario","status":"publish","type":"post","link":"http:\/\/cronicasyversiones.com\/?p=38993","title":{"rendered":"Llega La Feria Internacional del Libro de Rosario"},"content":{"rendered":"<div style=\"padding-bottom:20px; padding-top:10px;\" class=\"hupso-share-buttons\"><!-- Hupso Share Buttons - https:\/\/www.hupso.com\/share\/ --><a class=\"hupso_counters\" href=\"https:\/\/www.hupso.com\/share\/\"><img decoding=\"async\" src=\"http:\/\/static.hupso.com\/share\/buttons\/lang\/es\/share-small.png\" style=\"border:0px; padding-top:2px; float:left;\" alt=\"Share Button\"\/><\/a><script type=\"text\/javascript\">var hupso_services_c=new Array(\"twitter\",\"facebook_like\",\"google\");var hupso_counters_lang = \"es_LA\";var hupso_image_folder_url = \"\";var hupso_twitter_via=\"crsyvrs\";var hupso_url_c=\"\";<\/script><script type=\"text\/javascript\" src=\"http:\/\/static.hupso.com\/share\/js\/counters.js\"><\/script><!-- Hupso Share Buttons --><\/div><h2>La cita tendr\u00e1 una programaci\u00f3n de m\u00e1s de 260 actividades, entre charlas, talleres y espect\u00e1culos.<\/h2>\n<p><img loading=\"lazy\" decoding=\"async\" class=\"size-medium wp-image-38994 aligncenter\" src=\"http:\/\/cronicasyversiones.com\/wp-content\/uploads\/2024\/09\/libro-300x204.jpg\" alt=\"\" width=\"300\" height=\"204\" srcset=\"http:\/\/cronicasyversiones.com\/wp-content\/uploads\/2024\/09\/libro-300x204.jpg 300w, http:\/\/cronicasyversiones.com\/wp-content\/uploads\/2024\/09\/libro-768x523.jpg 768w, http:\/\/cronicasyversiones.com\/wp-content\/uploads\/2024\/09\/libro.jpg 800w\" sizes=\"auto, (max-width: 300px) 100vw, 300px\" \/><\/p>\n<p>La <strong>Feria Internacional del Libro de Rosario 2024<\/strong> comienza este jueves y se extender\u00e1 hasta el domingo 15 de septiembre en el <strong>Centro Cultural Roberto Fontanarrosa.<\/strong><\/p>\n<p>El evento contar\u00e1 con la participaci\u00f3n de reconocidos escritores como <strong>Eduardo Sacheri, Mart\u00edn Kohan, Gabriela Cabez\u00f3n C\u00e1mara, Reynaldo Sietecase y Juan Jos\u00e9 Becerra<\/strong>, y tendr\u00e1 una programaci\u00f3n de m\u00e1s de 260 actividades, entre charlas, talleres y espect\u00e1culos.<\/p>\n<p>Esta edici\u00f3n de la Feria est\u00e1 coorganizada por la Fundaci\u00f3n El Libro, la Municipalidad de Rosario y el gobierno de la provincia de Santa Fe. El evento ser\u00e1 gratuito para el p\u00fablico.<\/p>\n<p><strong>Beatriz Vignoli,<\/strong> escritora, poeta y periodista, ser\u00e1 la encargada del discurso inaugural, este jueves a las 18. Junto al acto de apertura, se rendir\u00e1 homenaje al recientemente fallecido historiador Rafael Ielpi, quien fuera una figura central en el \u00e1mbito cultural de la ciudad y director del Centro Cultural Fontanarrosa.<\/p>\n<p>En esta edici\u00f3n la Feria se combinar\u00e1 con la Noche de las Peatonales, que se llevar\u00e1 a cabo el s\u00e1bado 14 de septiembre, evento que tiene como objetivo potenciar el movimiento cultural y comercial en torno al centro de la ciudad.<\/p>\n<p>El a\u00f1o pasado, la Feria del Libro convoc\u00f3 a m\u00e1s de 300.000 personas, y este 2024 espera igualar o superar esa cifra con la presencia de m\u00e1s de 70 editoriales locales y nacionales en una gran carpa exterior ubicada en la explanada entre las calles San Juan y San Luis.<\/p>\n<div style=\"padding-bottom:20px; padding-top:10px;\" class=\"hupso-share-buttons\"><!-- Hupso Share Buttons - https:\/\/www.hupso.com\/share\/ --><a class=\"hupso_counters\" href=\"https:\/\/www.hupso.com\/share\/\"><img decoding=\"async\" src=\"http:\/\/static.hupso.com\/share\/buttons\/lang\/es\/share-small.png\" style=\"border:0px; padding-top:2px; float:left;\" alt=\"Share Button\"\/><\/a><script type=\"text\/javascript\">var hupso_services_c=new Array(\"twitter\",\"facebook_like\",\"google\");var hupso_counters_lang = \"es_LA\";var hupso_image_folder_url = \"\";var hupso_twitter_via=\"crsyvrs\";var hupso_url_c=\"\";<\/script><script type=\"text\/javascript\" src=\"http:\/\/static.hupso.com\/share\/js\/counters.js\"><\/script><!-- Hupso Share Buttons --><\/div> ","protected":false},"excerpt":{"rendered":"<div style=\"padding-bottom:20px; padding-top:10px;\" class=\"hupso-share-buttons\"><!-- Hupso Share Buttons - https:\/\/www.hupso.com\/share\/ --><a class=\"hupso_counters\" href=\"https:\/\/www.hupso.com\/share\/\"><img src=\"http:\/\/static.hupso.com\/share\/buttons\/lang\/es\/share-small.png\" style=\"border:0px; padding-top:2px; float:left;\" alt=\"Share Button\"\/><\/a><script type=\"text\/javascript\">var hupso_services_c=new Array(\"twitter\",\"facebook_like\",\"google\");var hupso_counters_lang = \"es_LA\";var hupso_image_folder_url = \"\";var hupso_twitter_via=\"crsyvrs\";var hupso_url_c=\"\";<\/script><script type=\"text\/javascript\" src=\"http:\/\/static.hupso.com\/share\/js\/counters.js\"><\/script><!-- Hupso Share Buttons --><\/div><p>La cita tendr\u00e1 una programaci\u00f3n de m\u00e1s de 260 actividades, entre charlas, talleres y espect\u00e1culos. La Feria Internacional del Libro de Rosario 2024 comienza este jueves y se extender\u00e1 hasta el domingo 15 de septiembre en el Centro Cultural&#46;&#46;&#46;<\/p>\n<div style=\"padding-bottom:20px; padding-top:10px;\" class=\"hupso-share-buttons\"><!-- Hupso Share Buttons - https:\/\/www.hupso.com\/share\/ --><a class=\"hupso_counters\" href=\"https:\/\/www.hupso.com\/share\/\"><img src=\"http:\/\/static.hupso.com\/share\/buttons\/lang\/es\/share-small.png\" style=\"border:0px; padding-top:2px; float:left;\" alt=\"Share Button\"\/><\/a><script type=\"text\/javascript\">var hupso_services_c=new Array(\"twitter\",\"facebook_like\",\"google\");var hupso_counters_lang = \"es_LA\";var hupso_image_folder_url = \"\";var hupso_twitter_via=\"crsyvrs\";var hupso_url_c=\"\";<\/script><script type=\"text\/javascript\" src=\"http:\/\/static.hupso.com\/share\/js\/counters.js\"><\/script><!-- Hupso Share Buttons --><\/div>","protected":false},"author":5,"featured_media":38994,"comment_status":"closed","ping_status":"closed","sticky":false,"template":"","format":"standard","meta":{"footnotes":""},"categories":[7,9],"tags":[],"class_list":["post-38993","post","type-post","status-publish","format-standard","has-post-thumbnail","hentry","category-literatura","category-sociedad"],"_links":{"self":[{"href":"http:\/\/cronicasyversiones.com\/index.php?rest_route=\/wp\/v2\/posts\/38993","targetHints":{"allow":["GET"]}}],"collection":[{"href":"http:\/\/cronicasyversiones.com\/index.php?rest_route=\/wp\/v2\/posts"}],"about":[{"href":"http:\/\/cronicasyversiones.com\/index.php?rest_route=\/wp\/v2\/types\/post"}],"author":[{"embeddable":true,"href":"http:\/\/cronicasyversiones.com\/index.php?rest_route=\/wp\/v2\/users\/5"}],"replies":[{"embeddable":true,"href":"http:\/\/cronicasyversiones.com\/index.php?rest_route=%2Fwp%2Fv2%2Fcomments&post=38993"}],"version-history":[{"count":1,"href":"http:\/\/cronicasyversiones.com\/index.php?rest_route=\/wp\/v2\/posts\/38993\/revisions"}],"predecessor-version":[{"id":38995,"href":"http:\/\/cronicasyversiones.com\/index.php?rest_route=\/wp\/v2\/posts\/38993\/revisions\/38995"}],"wp:featuredmedia":[{"embeddable":true,"href":"http:\/\/cronicasyversiones.com\/index.php?rest_route=\/wp\/v2\/media\/38994"}],"wp:attachment":[{"href":"http:\/\/cronicasyversiones.com\/index.php?rest_route=%2Fwp%2Fv2%2Fmedia&parent=38993"}],"wp:term":[{"taxonomy":"category","embeddable":true,"href":"http:\/\/cronicasyversiones.com\/index.php?rest_route=%2Fwp%2Fv2%2Fcategories&post=38993"},{"taxonomy":"post_tag","embeddable":true,"href":"http:\/\/cronicasyversiones.com\/index.php?rest_route=%2Fwp%2Fv2%2Ftags&post=38993"}],"curies":[{"name":"wp","href":"https:\/\/api.w.org\/{rel}","templated":true}]}}