{"id":39038,"date":"2024-09-23T12:35:12","date_gmt":"2024-09-23T15:35:12","guid":{"rendered":"http:\/\/cronicasyversiones.com\/?p=39038"},"modified":"2024-09-23T12:35:13","modified_gmt":"2024-09-23T15:35:13","slug":"llega-una-nueva-edicion-del-filba","status":"publish","type":"post","link":"http:\/\/cronicasyversiones.com\/?p=39038","title":{"rendered":"Llega una nueva edici\u00f3n del Filba"},"content":{"rendered":"<div style=\"padding-bottom:20px; padding-top:10px;\" class=\"hupso-share-buttons\"><!-- Hupso Share Buttons - https:\/\/www.hupso.com\/share\/ --><a class=\"hupso_counters\" href=\"https:\/\/www.hupso.com\/share\/\"><img decoding=\"async\" src=\"http:\/\/static.hupso.com\/share\/buttons\/lang\/es\/share-small.png\" style=\"border:0px; padding-top:2px; float:left;\" alt=\"Share Button\"\/><\/a><script type=\"text\/javascript\">var hupso_services_c=new Array(\"twitter\",\"facebook_like\",\"google\");var hupso_counters_lang = \"es_LA\";var hupso_image_folder_url = \"\";var hupso_twitter_via=\"crsyvrs\";var hupso_url_c=\"\";<\/script><script type=\"text\/javascript\" src=\"http:\/\/static.hupso.com\/share\/js\/counters.js\"><\/script><!-- Hupso Share Buttons --><\/div><h2>La cita literaria porte\u00f1a tendr\u00e1 lugar entre el 26 al 29 de septiembre en varias sedes y con actividades gratuitos.<\/h2>\n<p><img loading=\"lazy\" decoding=\"async\" class=\"size-medium wp-image-39039 aligncenter\" src=\"http:\/\/cronicasyversiones.com\/wp-content\/uploads\/2024\/09\/filba-300x182.jpg\" alt=\"\" width=\"300\" height=\"182\" srcset=\"http:\/\/cronicasyversiones.com\/wp-content\/uploads\/2024\/09\/filba-300x182.jpg 300w, http:\/\/cronicasyversiones.com\/wp-content\/uploads\/2024\/09\/filba-1024x621.jpg 1024w, http:\/\/cronicasyversiones.com\/wp-content\/uploads\/2024\/09\/filba-768x465.jpg 768w, http:\/\/cronicasyversiones.com\/wp-content\/uploads\/2024\/09\/filba.jpg 1188w\" sizes=\"auto, (max-width: 300px) 100vw, 300px\" \/><\/p>\n<p>Con una larga lista de participantes nacionales e internacionales, como as\u00ed tambi\u00e9n un amplio abanico de actividades, se realizar\u00e1 el <strong>Filba 2024,<\/strong> entre el 26 al 29 de septiembre.<\/p>\n<p>Las palabras inaugurales de esta nueva edici\u00f3n del Festival Internacional de Literatura tendr\u00e1n lugar el 26 en el Auditorio del Malba y estar\u00e1n a cargo de <strong>Diana Bellesi y Pablo Katchadjian<\/strong> con la moderaci\u00f3n de <strong>Agustina Mu\u00f1oz.<\/strong><\/p>\n<p>Los participantes nacionales ser\u00e1n Cristian Alarc\u00f3n, Ezequiel Alemi\u00e1n, Leonora Balcarce, Mart\u00edn Bauer, Ingrid Bejerma, Diana Bellesi, Jorge Boccanera, Gabriela Cabez\u00f3n C\u00e1mara, Luciano Casamajor, Anal\u00eda Couceyro y Mariana Enr\u00edquez, Liliana Heker , Consuelo Iturraspe, Federico Jeanmaire, Kevin Johansen, Lucrecia Martel, Mar\u00eda Moreno, Ivana Romero, Cecilia Roth, Virginia Ruano, Luis Sagasti, Daniel Santoro, Renata Schussheim, Eugenia Zicavo y M\u00f3nica Zwaig, entre otros.<\/p>\n<p>Por su parte, entre los participantes internacionales se destacan Katya Adaui Per\u00fa), Charlotte Aigner (Alemania), Jesse Ball (Estados Unidos), \u017diga Jereb (Eslovenia), Mar Garc\u00eda Puig (Espa\u00f1a), Nell Leyshon (Reino Unido), Yuliana Ortiz Ruano (Ecuador) y Cynthia Rimsky (Chile).<\/p>\n<p>&nbsp;<\/p>\n<blockquote class=\"instagram-media\" style=\"background: #FFF; border: 0; border-radius: 3px; box-shadow: 0 0 1px 0 rgba(0,0,0,0.5),0 1px 10px 0 rgba(0,0,0,0.15); margin: 1px; max-width: 540px; min-width: 326px; padding: 0; width: calc(100% - 2px);\" data-instgrm-captioned=\"\" data-instgrm-permalink=\"https:\/\/www.instagram.com\/p\/C_tD8YXv_4g\/?utm_source=ig_embed&amp;utm_campaign=loading\" data-instgrm-version=\"14\">\n<div style=\"padding: 16px;\">\n<p>&nbsp;<\/p>\n<div style=\"display: flex; flex-direction: row; align-items: center;\">\n<div style=\"background-color: #f4f4f4; border-radius: 50%; flex-grow: 0; height: 40px; margin-right: 14px; width: 40px;\"><\/div>\n<div style=\"display: flex; flex-direction: column; flex-grow: 1; justify-content: center;\">\n<div style=\"background-color: #f4f4f4; border-radius: 4px; flex-grow: 0; height: 14px; margin-bottom: 6px; width: 100px;\"><\/div>\n<div style=\"background-color: #f4f4f4; border-radius: 4px; flex-grow: 0; height: 14px; width: 60px;\"><\/div>\n<\/div>\n<\/div>\n<div style=\"padding: 19% 0;\"><\/div>\n<div style=\"display: block; height: 50px; margin: 0 auto 12px; width: 50px;\"><\/div>\n<div style=\"padding-top: 8px;\">\n<div style=\"color: #3897f0; font-family: Arial,sans-serif; font-size: 14px; font-style: normal; font-weight: 550; line-height: 18px;\">Ver esta publicaci\u00f3n en Instagram<\/div>\n<\/div>\n<div style=\"padding: 12.5% 0;\"><\/div>\n<div style=\"display: flex; flex-direction: row; margin-bottom: 14px; align-items: center;\">\n<div>\n<div style=\"background-color: #f4f4f4; border-radius: 50%; height: 12.5px; width: 12.5px; transform: translateX(0px) translateY(7px);\"><\/div>\n<div style=\"background-color: #f4f4f4; height: 12.5px; transform: rotate(-45deg) translateX(3px) translateY(1px); width: 12.5px; flex-grow: 0; margin-right: 14px; margin-left: 2px;\"><\/div>\n<div style=\"background-color: #f4f4f4; border-radius: 50%; height: 12.5px; width: 12.5px; transform: translateX(9px) translateY(-18px);\"><\/div>\n<\/div>\n<div style=\"margin-left: 8px;\">\n<div style=\"background-color: #f4f4f4; border-radius: 50%; flex-grow: 0; height: 20px; width: 20px;\"><\/div>\n<div style=\"width: 0; height: 0; border-top: 2px solid transparent; border-left: 6px solid #f4f4f4; border-bottom: 2px solid transparent; transform: translateX(16px) translateY(-4px) rotate(30deg);\"><\/div>\n<\/div>\n<div style=\"margin-left: auto;\">\n<div style=\"width: 0px; border-top: 8px solid #F4F4F4; border-right: 8px solid transparent; transform: translateY(16px);\"><\/div>\n<div style=\"background-color: #f4f4f4; flex-grow: 0; height: 12px; width: 16px; transform: translateY(-4px);\"><\/div>\n<div style=\"width: 0; height: 0; border-top: 8px solid #F4F4F4; border-left: 8px solid transparent; transform: translateY(-4px) translateX(8px);\"><\/div>\n<\/div>\n<\/div>\n<div style=\"display: flex; flex-direction: column; flex-grow: 1; justify-content: center; margin-bottom: 24px;\">\n<div style=\"background-color: #f4f4f4; border-radius: 4px; flex-grow: 0; height: 14px; margin-bottom: 6px; width: 224px;\"><\/div>\n<div style=\"background-color: #f4f4f4; border-radius: 4px; flex-grow: 0; height: 14px; width: 144px;\"><\/div>\n<\/div>\n<p>&nbsp;<\/p>\n<p style=\"color: #c9c8cd; font-family: Arial,sans-serif; font-size: 14px; line-height: 17px; margin-bottom: 0; margin-top: 8px; overflow: hidden; padding: 8px 0 7px; text-align: center; text-overflow: ellipsis; white-space: nowrap;\"><a style=\"color: #c9c8cd; font-family: Arial,sans-serif; font-size: 14px; font-style: normal; font-weight: normal; line-height: 17px; text-decoration: none;\" href=\"https:\/\/www.instagram.com\/p\/C_tD8YXv_4g\/?utm_source=ig_embed&amp;utm_campaign=loading\" target=\"_blank\" rel=\"noopener\">Una publicaci\u00f3n compartida por Galicia (@bancogalicia)<\/a><\/p>\n<\/div>\n<\/blockquote>\n<p><script async src=\"\/\/www.instagram.com\/embed.js\"><\/script><\/p>\n<p>De acuerdo con la organizaci\u00f3n, habr\u00e1 actividades gratuitas como entrevistas, di\u00e1logos, talleres lecturas, recitales po\u00e9ticos, performances, m\u00fasica, conversaciones y una biblioteca abierta, una excelente propuesta para tiempos de crisis, ya que se podr\u00e1n llevar libros y a cambio retirar otros para ampliar el n\u00famero el campo de lecturas sin gastos.<\/p>\n<p>Adem\u00e1s, Filba saldr\u00e1 a la calle: esta vez el destino de <strong>Filba Barrio<\/strong> ser\u00e1 en el Parque la Isla de la Paternal, donde desembarcar\u00e1 con talleres, micr\u00f3fono abierto, m\u00fasica, conversaci\u00f3n, dibujo en vivo, performances, caf\u00e9s.<\/p>\n<p>En Filba Noche, en tanto, se podr\u00e1 disfrutar de un recital de poes\u00eda o de lectura compartiendo una copa de vino. Tambi\u00e9n habr\u00e1 noches de cine con la plataforma MUBI en pantalla grande.<\/p>\n<p>Todas las entradas al Filba son gratuitas, pero si se quiere colaborar se puede comprar un cafecito o hacerse amigo del Filba para contribuir con una donaci\u00f3n mensual.<\/p>\n<p>Las actividades del Filba se diversificar\u00e1n en distintas sedes: C3 Godoy Cruz 2270; Centro Cultural 25 de Mayo Triunvirato 4444; Librer\u00eda Eterna Cadencia, Honduras\u00a0 5582; Malba, Figueroa Alcorta 3415; Rodney Bar, Rodney 400; Casa G\u00f3mez, Yer\u00faa 4962; Cementerio Brit\u00e1nico, Av. Elcano 4568; Taller Musgo, Baunes 162; Teatro Orfeo, Avda. Tte. General Donato \u00c1lvarez 2680; Libros del Pasaje, Thames 1762; Libros Mendel, Paraguay 5163; Microgaler\u00eda, Loyola 514; y Naesqui, Charlone 1400.<\/p>\n<div style=\"padding-bottom:20px; padding-top:10px;\" class=\"hupso-share-buttons\"><!-- Hupso Share Buttons - https:\/\/www.hupso.com\/share\/ --><a class=\"hupso_counters\" href=\"https:\/\/www.hupso.com\/share\/\"><img decoding=\"async\" src=\"http:\/\/static.hupso.com\/share\/buttons\/lang\/es\/share-small.png\" style=\"border:0px; padding-top:2px; float:left;\" alt=\"Share Button\"\/><\/a><script type=\"text\/javascript\">var hupso_services_c=new Array(\"twitter\",\"facebook_like\",\"google\");var hupso_counters_lang = \"es_LA\";var hupso_image_folder_url = \"\";var hupso_twitter_via=\"crsyvrs\";var hupso_url_c=\"\";<\/script><script type=\"text\/javascript\" src=\"http:\/\/static.hupso.com\/share\/js\/counters.js\"><\/script><!-- Hupso Share Buttons --><\/div> ","protected":false},"excerpt":{"rendered":"<div style=\"padding-bottom:20px; padding-top:10px;\" class=\"hupso-share-buttons\"><!-- Hupso Share Buttons - https:\/\/www.hupso.com\/share\/ --><a class=\"hupso_counters\" href=\"https:\/\/www.hupso.com\/share\/\"><img src=\"http:\/\/static.hupso.com\/share\/buttons\/lang\/es\/share-small.png\" style=\"border:0px; padding-top:2px; float:left;\" alt=\"Share Button\"\/><\/a><script type=\"text\/javascript\">var hupso_services_c=new Array(\"twitter\",\"facebook_like\",\"google\");var hupso_counters_lang = \"es_LA\";var hupso_image_folder_url = \"\";var hupso_twitter_via=\"crsyvrs\";var hupso_url_c=\"\";<\/script><script type=\"text\/javascript\" src=\"http:\/\/static.hupso.com\/share\/js\/counters.js\"><\/script><!-- Hupso Share Buttons --><\/div><p>La cita literaria porte\u00f1a tendr\u00e1 lugar entre el 26 al 29 de septiembre en varias sedes y con actividades gratuitos. Con una larga lista de participantes nacionales e internacionales, como as\u00ed tambi\u00e9n un amplio abanico de actividades, se realizar\u00e1&#46;&#46;&#46;<\/p>\n<div style=\"padding-bottom:20px; padding-top:10px;\" class=\"hupso-share-buttons\"><!-- Hupso Share Buttons - https:\/\/www.hupso.com\/share\/ --><a class=\"hupso_counters\" href=\"https:\/\/www.hupso.com\/share\/\"><img src=\"http:\/\/static.hupso.com\/share\/buttons\/lang\/es\/share-small.png\" style=\"border:0px; padding-top:2px; float:left;\" alt=\"Share Button\"\/><\/a><script type=\"text\/javascript\">var hupso_services_c=new Array(\"twitter\",\"facebook_like\",\"google\");var hupso_counters_lang = \"es_LA\";var hupso_image_folder_url = \"\";var hupso_twitter_via=\"crsyvrs\";var hupso_url_c=\"\";<\/script><script type=\"text\/javascript\" src=\"http:\/\/static.hupso.com\/share\/js\/counters.js\"><\/script><!-- Hupso Share Buttons --><\/div>","protected":false},"author":5,"featured_media":39039,"comment_status":"closed","ping_status":"closed","sticky":false,"template":"","format":"standard","meta":{"footnotes":""},"categories":[7,9],"tags":[],"class_list":["post-39038","post","type-post","status-publish","format-standard","has-post-thumbnail","hentry","category-literatura","category-sociedad"],"_links":{"self":[{"href":"http:\/\/cronicasyversiones.com\/index.php?rest_route=\/wp\/v2\/posts\/39038","targetHints":{"allow":["GET"]}}],"collection":[{"href":"http:\/\/cronicasyversiones.com\/index.php?rest_route=\/wp\/v2\/posts"}],"about":[{"href":"http:\/\/cronicasyversiones.com\/index.php?rest_route=\/wp\/v2\/types\/post"}],"author":[{"embeddable":true,"href":"http:\/\/cronicasyversiones.com\/index.php?rest_route=\/wp\/v2\/users\/5"}],"replies":[{"embeddable":true,"href":"http:\/\/cronicasyversiones.com\/index.php?rest_route=%2Fwp%2Fv2%2Fcomments&post=39038"}],"version-history":[{"count":1,"href":"http:\/\/cronicasyversiones.com\/index.php?rest_route=\/wp\/v2\/posts\/39038\/revisions"}],"predecessor-version":[{"id":39040,"href":"http:\/\/cronicasyversiones.com\/index.php?rest_route=\/wp\/v2\/posts\/39038\/revisions\/39040"}],"wp:featuredmedia":[{"embeddable":true,"href":"http:\/\/cronicasyversiones.com\/index.php?rest_route=\/wp\/v2\/media\/39039"}],"wp:attachment":[{"href":"http:\/\/cronicasyversiones.com\/index.php?rest_route=%2Fwp%2Fv2%2Fmedia&parent=39038"}],"wp:term":[{"taxonomy":"category","embeddable":true,"href":"http:\/\/cronicasyversiones.com\/index.php?rest_route=%2Fwp%2Fv2%2Fcategories&post=39038"},{"taxonomy":"post_tag","embeddable":true,"href":"http:\/\/cronicasyversiones.com\/index.php?rest_route=%2Fwp%2Fv2%2Ftags&post=39038"}],"curies":[{"name":"wp","href":"https:\/\/api.w.org\/{rel}","templated":true}]}}