{"id":39041,"date":"2024-09-23T12:32:12","date_gmt":"2024-09-23T15:32:12","guid":{"rendered":"http:\/\/cronicasyversiones.com\/?p=39041"},"modified":"2024-09-23T12:32:23","modified_gmt":"2024-09-23T15:32:23","slug":"paquito-drivera-la-figura-principal-de-la-quinta-edicion-del-sax-fest","status":"publish","type":"post","link":"http:\/\/cronicasyversiones.com\/?p=39041","title":{"rendered":"Paquito D\u00b4Rivera, la figura principal de la quinta edici\u00f3n del Sax Fest"},"content":{"rendered":"<div style=\"padding-bottom:20px; padding-top:10px;\" class=\"hupso-share-buttons\"><!-- Hupso Share Buttons - https:\/\/www.hupso.com\/share\/ --><a class=\"hupso_counters\" href=\"https:\/\/www.hupso.com\/share\/\"><img decoding=\"async\" src=\"http:\/\/static.hupso.com\/share\/buttons\/lang\/es\/share-small.png\" style=\"border:0px; padding-top:2px; float:left;\" alt=\"Share Button\"\/><\/a><script type=\"text\/javascript\">var hupso_services_c=new Array(\"twitter\",\"facebook_like\",\"google\");var hupso_counters_lang = \"es_LA\";var hupso_image_folder_url = \"\";var hupso_twitter_via=\"crsyvrs\";var hupso_url_c=\"\";<\/script><script type=\"text\/javascript\" src=\"http:\/\/static.hupso.com\/share\/js\/counters.js\"><\/script><!-- Hupso Share Buttons --><\/div><h2>El m\u00fasico cubano, ganador de 16 premios Grammy es uno de los mejores saxofonistas y clarinetistas del mundo.<\/h2>\n<p><img loading=\"lazy\" decoding=\"async\" class=\"size-medium wp-image-39042 aligncenter\" src=\"http:\/\/cronicasyversiones.com\/wp-content\/uploads\/2024\/09\/paquito-300x254.jpg\" alt=\"\" width=\"300\" height=\"254\" srcset=\"http:\/\/cronicasyversiones.com\/wp-content\/uploads\/2024\/09\/paquito-300x254.jpg 300w, http:\/\/cronicasyversiones.com\/wp-content\/uploads\/2024\/09\/paquito-768x650.jpg 768w, http:\/\/cronicasyversiones.com\/wp-content\/uploads\/2024\/09\/paquito.jpg 998w\" sizes=\"auto, (max-width: 300px) 100vw, 300px\" \/><\/p>\n<p><strong>Pquito D\u00b4Rivera<\/strong> ser\u00e1 la figura principal de la quinta edici\u00f3n del <strong>Sax Fest,<\/strong> que se llevar\u00e1 a cabo en la ciudad de Mendoza del 15 al 18 de noviembre. El m\u00fasico cubano, ganador de 16 premios Grammy es uno de los mejores saxofonistas y clarinetistas del mundo y ser\u00e1 el artista ilustre de este evento.<\/p>\n<p>Mendoza se prepara para vivir la quinta edici\u00f3n de uno de los eventos internacionales m\u00e1s relevantes de nuestro pa\u00eds, el Festival Internacional<strong> Mendoza Sax Fest 2024,<\/strong> organizado por Mauricio Ag\u00fcero, Emilio Spitz y un gran equipo. La experiencia tendr\u00e1 lugar del 15 al 18 de noviembre y contar\u00e1 con la presencia de reconocidos m\u00fasicos, adem\u00e1s de exposiciones y cl\u00ednicas a cargo de concertistas internacionales de renombre.<\/p>\n<p>Este a\u00f1o contar\u00e1 con la presencia del gran Paquito D&#8217;Rivera. El m\u00fasico y compositor cubano, considerado uno de los mejores saxofonistas y clarinetistas del mundo, ser\u00e1 la figura principal del Mendoza Sax Fest. Con 76 a\u00f1os, viene a nuestra provincia para celebrar sus 70 a\u00f1os dedicados a la m\u00fasica.<\/p>\n<p>El viernes 15 de noviembre, D&#8217;Rivera se presentar\u00e1 en el Teatro Independencia junto a la Orquesta Filarm\u00f3nica de Mendoza, y el domingo 17 dar\u00e1 un concierto de jazz en el Teatro Plaza de Godoy Cruz. Estas presentaciones marcar\u00e1n un hito en el festival, confirmando su lugar como uno de los eventos musicales m\u00e1s importantes de Latinoam\u00e9rica.<\/p>\n<p>&nbsp;<\/p>\n<blockquote class=\"instagram-media\" style=\"background: #FFF; border: 0; border-radius: 3px; box-shadow: 0 0 1px 0 rgba(0,0,0,0.5),0 1px 10px 0 rgba(0,0,0,0.15); margin: 1px; max-width: 540px; min-width: 326px; padding: 0; width: calc(100% - 2px);\" data-instgrm-captioned=\"\" data-instgrm-permalink=\"https:\/\/www.instagram.com\/p\/C_bWZZPpb3_\/?utm_source=ig_embed&amp;utm_campaign=loading\" data-instgrm-version=\"14\">\n<div style=\"padding: 16px;\">\n<p>&nbsp;<\/p>\n<div style=\"display: flex; flex-direction: row; align-items: center;\">\n<div style=\"background-color: #f4f4f4; border-radius: 50%; flex-grow: 0; height: 40px; margin-right: 14px; width: 40px;\"><\/div>\n<div style=\"display: flex; flex-direction: column; flex-grow: 1; justify-content: center;\">\n<div style=\"background-color: #f4f4f4; border-radius: 4px; flex-grow: 0; height: 14px; margin-bottom: 6px; width: 100px;\"><\/div>\n<div style=\"background-color: #f4f4f4; border-radius: 4px; flex-grow: 0; height: 14px; width: 60px;\"><\/div>\n<\/div>\n<\/div>\n<div style=\"padding: 19% 0;\"><\/div>\n<div style=\"display: block; height: 50px; margin: 0 auto 12px; width: 50px;\"><\/div>\n<div style=\"padding-top: 8px;\">\n<div style=\"color: #3897f0; font-family: Arial,sans-serif; font-size: 14px; font-style: normal; font-weight: 550; line-height: 18px;\">Ver esta publicaci\u00f3n en Instagram<\/div>\n<\/div>\n<div style=\"padding: 12.5% 0;\"><\/div>\n<div style=\"display: flex; flex-direction: row; margin-bottom: 14px; align-items: center;\">\n<div>\n<div style=\"background-color: #f4f4f4; border-radius: 50%; height: 12.5px; width: 12.5px; transform: translateX(0px) translateY(7px);\"><\/div>\n<div style=\"background-color: #f4f4f4; height: 12.5px; transform: rotate(-45deg) translateX(3px) translateY(1px); width: 12.5px; flex-grow: 0; margin-right: 14px; margin-left: 2px;\"><\/div>\n<div style=\"background-color: #f4f4f4; border-radius: 50%; height: 12.5px; width: 12.5px; transform: translateX(9px) translateY(-18px);\"><\/div>\n<\/div>\n<div style=\"margin-left: 8px;\">\n<div style=\"background-color: #f4f4f4; border-radius: 50%; flex-grow: 0; height: 20px; width: 20px;\"><\/div>\n<div style=\"width: 0; height: 0; border-top: 2px solid transparent; border-left: 6px solid #f4f4f4; border-bottom: 2px solid transparent; transform: translateX(16px) translateY(-4px) rotate(30deg);\"><\/div>\n<\/div>\n<div style=\"margin-left: auto;\">\n<div style=\"width: 0px; border-top: 8px solid #F4F4F4; border-right: 8px solid transparent; transform: translateY(16px);\"><\/div>\n<div style=\"background-color: #f4f4f4; flex-grow: 0; height: 12px; width: 16px; transform: translateY(-4px);\"><\/div>\n<div style=\"width: 0; height: 0; border-top: 8px solid #F4F4F4; border-left: 8px solid transparent; transform: translateY(-4px) translateX(8px);\"><\/div>\n<\/div>\n<\/div>\n<div style=\"display: flex; flex-direction: column; flex-grow: 1; justify-content: center; margin-bottom: 24px;\">\n<div style=\"background-color: #f4f4f4; border-radius: 4px; flex-grow: 0; height: 14px; margin-bottom: 6px; width: 224px;\"><\/div>\n<div style=\"background-color: #f4f4f4; border-radius: 4px; flex-grow: 0; height: 14px; width: 144px;\"><\/div>\n<\/div>\n<p>&nbsp;<\/p>\n<p style=\"color: #c9c8cd; font-family: Arial,sans-serif; font-size: 14px; line-height: 17px; margin-bottom: 0; margin-top: 8px; overflow: hidden; padding: 8px 0 7px; text-align: center; text-overflow: ellipsis; white-space: nowrap;\"><a style=\"color: #c9c8cd; font-family: Arial,sans-serif; font-size: 14px; font-style: normal; font-weight: normal; line-height: 17px; text-decoration: none;\" href=\"https:\/\/www.instagram.com\/p\/C_bWZZPpb3_\/?utm_source=ig_embed&amp;utm_campaign=loading\" target=\"_blank\" rel=\"noopener\">Una publicaci\u00f3n compartida por MENDOZA SAX FEST (@mendozasaxfest)<\/a><\/p>\n<\/div>\n<\/blockquote>\n<p><script async src=\"\/\/www.instagram.com\/embed.js\"><\/script><\/p>\n<p>&nbsp;<\/p>\n<p>&nbsp;<\/p>\n<blockquote class=\"instagram-media\" style=\"background: #FFF; border: 0; border-radius: 3px; box-shadow: 0 0 1px 0 rgba(0,0,0,0.5),0 1px 10px 0 rgba(0,0,0,0.15); margin: 1px; max-width: 540px; min-width: 326px; padding: 0; width: calc(100% - 2px);\" data-instgrm-captioned=\"\" data-instgrm-permalink=\"https:\/\/www.instagram.com\/p\/C_bWZZPpb3_\/?utm_source=ig_embed&amp;utm_campaign=loading\" data-instgrm-version=\"14\">\n<div style=\"padding: 16px;\">\n<div style=\"display: flex; flex-direction: row; margin-bottom: 14px; align-items: center;\">\n<div style=\"margin-left: auto;\"><\/div>\n<\/div>\n<\/div>\n<\/blockquote>\n<h2>Sobre Paquito D\u00b4Rivera<\/h2>\n<p><strong>Paquito D&#8217;Rivera<\/strong> fue un ni\u00f1o prodigio, comenzando sus estudios musicales a los cinco a\u00f1os bajo la tutela de su padre, Tito D&#8217;Rivera, un reconocido saxofonista y director cubano. A los seis a\u00f1os ya actuaba en p\u00fablico y, a los siete, se convirti\u00f3 en el miembro m\u00e1s joven de un grupo de m\u00fasicos, al unirse a la famosa compa\u00f1\u00eda Selmer.<\/p>\n<p>Con apenas diez a\u00f1os, actu\u00f3 en el Teatro Nacional de La Habana, sorprendiendo al p\u00fablico y a los cr\u00edticos. Ingres\u00f3 en el Conservatorio de La Habana a los doce a\u00f1os para estudiar clarinete y composici\u00f3n. A los diecinueve, ya siendo un virtuoso del clarinete y el saxof\u00f3n, se present\u00f3 como solista con la Orquesta Sinf\u00f3nica Nacional de Cuba en un concierto televisado a nivel nacional.<\/p>\n<p>Ese mismo a\u00f1o, junto al pianista Chucho Vald\u00e9s, fund\u00f3 la famosa Orquesta Cubana de M\u00fasica Moderna, de la cual fue director durante m\u00e1s de dos a\u00f1os. M\u00e1s tarde, algunos de los m\u00fasicos de esta orquesta formar\u00edan Irakere, un grupo cuya explosiva mezcla de jazz, rock, m\u00fasica cl\u00e1sica y m\u00fasica cubana tradicional impact\u00f3 en la escena musical internacional.<\/p>\n<p>Se traslad\u00f3 a los Estados Unidos bajo la protecci\u00f3n de destacados m\u00fasicos como Dizzy Gillespie, donde colabor\u00f3 con figuras como Arturo Sandoval, Claudio Roditi y Michel Camilo. D&#8217;Rivera ha grabado con la Orquesta Sinf\u00f3nica de Londres bajo la direcci\u00f3n de Lalo Schifrin, y en 1995 gan\u00f3 su primer Grammy por el disco \u00abPortraitsof Cuba\u00bb. Ha colaborado con otros grandes como Eddie G\u00f3mez, McCoy Tyner, Herbie Mann, Tito Puente, y Astor Piazzolla, entre otros, y ha publicado sus memorias en el libro \u00abMi vida saxual\u00bb.<\/p>\n<p>D&#8217;Rivera ha ganado un total de 16 premios Grammy y Latin Grammy (5 Grammy y 11 Latin Grammy), y es c\u00e9lebre tanto por su maestr\u00eda en el jazz latino como por sus logros como compositor cl\u00e1sico.<\/p>\n<p>Su discograf\u00eda incluye m\u00e1s de 30 \u00e1lbumes en solitario. Adem\u00e1s, fue miembro fundador de la UnitedNationOrchestra, un conjunto organizado por Dizzy Gillespie que recibi\u00f3 un Grammy en 1991.<\/p>\n<p>Si bien la discograf\u00eda de Paquito D\u2019Rivera refleja su pasi\u00f3n por el jazz, el bebop y la m\u00fasica latina, sus contribuciones a la m\u00fasica cl\u00e1sica incluyen actuaciones como solista con la Filarm\u00f3nica de Londres, la Orquesta Sinf\u00f3nica de Londres, la Orquesta Filarm\u00f3nica de Varsovia, la Orquesta Sinf\u00f3nica Nacional, la Sinf\u00f3nica de Baltimore, la Orquesta Filarm\u00f3nica de Florida y la Filarm\u00f3nica de Brooklyn.<\/p>\n<p><img decoding=\"async\" class=\"aligncenter\" src=\"https:\/\/dmw94.img.sp1-brevo.net\/im\/sh\/8uslUVLUU681.jpg?u=7xwQLFBtniwQn8DbixHsvDER8XBIb8p\" \/><\/p>\n<h2>M\u00e1s artistas destacados<\/h2>\n<p>A las presentaciones de Paquito D&#8217;Rivera se sumar\u00e1n concertistas internacionales, as\u00ed como profesores de las mejores universidades de Estados Unidos, muchos de ellos con doctorados en m\u00fasica. Jontahan Helton de la University of Florida, Griffin Campbell de la Louisiana State University y Otis Murphy de la Indiana University, estar\u00e1n brindando conciertos junto a la Orquesta Filarm\u00f3nica de la provincia.<\/p>\n<p>Adem\u00e1s, en el concierto del Independencia, se sumar\u00e1 el cuarteto de saxofones Syndicate Saxophone Quartet, siendo la primera vez que un cuarteto de saxofones toca un concierto con orquesta en Mendoza. Para esa noche, se presentar\u00e1n obras contempor\u00e1neas originales cuyos compositores han arreglado espec\u00edficamente para el Festival.<\/p>\n<p>Por el Mendoza Sax Fest tambi\u00e9n pasar\u00e1n algunos de los mejores saxofonistas de Argentina, como los integrantes del grupo \u00abEscalandrum\u00bb, Gustavo Musso y Mart\u00edn Pantyrer, adem\u00e1s de los invitados Ricardo Cavalli, Mariano Gamba y Julieta Ortiz.<\/p>\n<p>El s\u00e1bado 16 de noviembre, la agenda del Mendoza Sax Fest nos llevar\u00e1 al predio de la Virgen, en el departamento de Guaymall\u00e9n, para disfrutar de uno de los momentos musicales m\u00e1s destacados de este evento. En esta ocasi\u00f3n, se presentar\u00e1 Sergio Colombo, cantante de \u00abEl Natty Combo\u00bb y saxofonista de la banda del Indio Solari, \u00abLos Fundamentalistas del Aire Acondicionado\u00bb.<\/p>\n<p>Sergio Colombo es un saxofonista con una amplia trayectoria en la escena musical del roots nacional. En 2021, gan\u00f3 el premio Gardel con su banda \u00abEl Natty Combo\u00bb.<\/p>\n<p>Reconocidos m\u00fasicos y los mejores saxofonistas se reunir\u00e1n en nuestra provincia para la quinta edici\u00f3n de uno de los festivales m\u00e1s importantes de Latinoam\u00e9rica: el Mendoza Sax Fest, una nueva edici\u00f3n que promete ser una de las grandes experiencias musicales del a\u00f1o que ocurrir\u00e1 un fin de semana en noviembre en la provincia de Mendoza, como una verdadera fiesta unida por la m\u00fasica y la pasi\u00f3n por el saxof\u00f3n.<\/p>\n<p>Este evento invita al p\u00fablico a disfrutar de los mejores concertistas internacionales en un fin de semana repleto de m\u00fasica.<\/p>\n<h2>Programa del Mendoza Sax Fest<\/h2>\n<p>Viernes 15 de noviembre, 21:30 &#8211; Teatro Independencia<\/p>\n<p>Paquito D&#8217;Rivera junto a la Orquesta Filarm\u00f3nica de Mendoza.<\/p>\n<p>Actuaciones de Otis Murphy, Jonathan Helton, Griffin Campbell, y Syndicate Saxophone Quartet.<\/p>\n<p>S\u00e1bado 16 de noviembre &#8211; Predio de la Virgen, Guaymall\u00e9n<\/p>\n<p>Presentaci\u00f3n de Sergio Colombo.<\/p>\n<p>Entrada libre y gratuita.<\/p>\n<p>Domingo 17 de noviembre, 21:30 &#8211; Teatro Plaza<\/p>\n<p>Paquito D&#8217;Rivera en concierto con obras para octeto de saxof\u00f3n, arregladas especialmente para el festival.<\/p>\n<p>Lo acompa\u00f1ar\u00e1n destacados saxofonistas como Gustavo Musso y Mart\u00edn Pantyrer de Escalandrum, Ricardo Cavalli, Mariano Gamba, y otros grandes artistas.<\/p>\n<div style=\"padding-bottom:20px; padding-top:10px;\" class=\"hupso-share-buttons\"><!-- Hupso Share Buttons - https:\/\/www.hupso.com\/share\/ --><a class=\"hupso_counters\" href=\"https:\/\/www.hupso.com\/share\/\"><img decoding=\"async\" src=\"http:\/\/static.hupso.com\/share\/buttons\/lang\/es\/share-small.png\" style=\"border:0px; padding-top:2px; float:left;\" alt=\"Share Button\"\/><\/a><script type=\"text\/javascript\">var hupso_services_c=new Array(\"twitter\",\"facebook_like\",\"google\");var hupso_counters_lang = \"es_LA\";var hupso_image_folder_url = \"\";var hupso_twitter_via=\"crsyvrs\";var hupso_url_c=\"\";<\/script><script type=\"text\/javascript\" src=\"http:\/\/static.hupso.com\/share\/js\/counters.js\"><\/script><!-- Hupso Share Buttons --><\/div> ","protected":false},"excerpt":{"rendered":"<div style=\"padding-bottom:20px; padding-top:10px;\" class=\"hupso-share-buttons\"><!-- Hupso Share Buttons - https:\/\/www.hupso.com\/share\/ --><a class=\"hupso_counters\" href=\"https:\/\/www.hupso.com\/share\/\"><img src=\"http:\/\/static.hupso.com\/share\/buttons\/lang\/es\/share-small.png\" style=\"border:0px; padding-top:2px; float:left;\" alt=\"Share Button\"\/><\/a><script type=\"text\/javascript\">var hupso_services_c=new Array(\"twitter\",\"facebook_like\",\"google\");var hupso_counters_lang = \"es_LA\";var hupso_image_folder_url = \"\";var hupso_twitter_via=\"crsyvrs\";var hupso_url_c=\"\";<\/script><script type=\"text\/javascript\" src=\"http:\/\/static.hupso.com\/share\/js\/counters.js\"><\/script><!-- Hupso Share Buttons --><\/div><p>El m\u00fasico cubano, ganador de 16 premios Grammy es uno de los mejores saxofonistas y clarinetistas del mundo. Pquito D\u00b4Rivera ser\u00e1 la figura principal de la quinta edici\u00f3n del Sax Fest, que se llevar\u00e1 a cabo en la ciudad&#46;&#46;&#46;<\/p>\n<div style=\"padding-bottom:20px; padding-top:10px;\" class=\"hupso-share-buttons\"><!-- Hupso Share Buttons - https:\/\/www.hupso.com\/share\/ --><a class=\"hupso_counters\" href=\"https:\/\/www.hupso.com\/share\/\"><img src=\"http:\/\/static.hupso.com\/share\/buttons\/lang\/es\/share-small.png\" style=\"border:0px; padding-top:2px; float:left;\" alt=\"Share Button\"\/><\/a><script type=\"text\/javascript\">var hupso_services_c=new Array(\"twitter\",\"facebook_like\",\"google\");var hupso_counters_lang = \"es_LA\";var hupso_image_folder_url = \"\";var hupso_twitter_via=\"crsyvrs\";var hupso_url_c=\"\";<\/script><script type=\"text\/javascript\" src=\"http:\/\/static.hupso.com\/share\/js\/counters.js\"><\/script><!-- Hupso Share Buttons --><\/div>","protected":false},"author":5,"featured_media":39042,"comment_status":"closed","ping_status":"closed","sticky":false,"template":"","format":"standard","meta":{"footnotes":""},"categories":[3],"tags":[],"class_list":["post-39041","post","type-post","status-publish","format-standard","has-post-thumbnail","hentry","category-musica"],"_links":{"self":[{"href":"http:\/\/cronicasyversiones.com\/index.php?rest_route=\/wp\/v2\/posts\/39041","targetHints":{"allow":["GET"]}}],"collection":[{"href":"http:\/\/cronicasyversiones.com\/index.php?rest_route=\/wp\/v2\/posts"}],"about":[{"href":"http:\/\/cronicasyversiones.com\/index.php?rest_route=\/wp\/v2\/types\/post"}],"author":[{"embeddable":true,"href":"http:\/\/cronicasyversiones.com\/index.php?rest_route=\/wp\/v2\/users\/5"}],"replies":[{"embeddable":true,"href":"http:\/\/cronicasyversiones.com\/index.php?rest_route=%2Fwp%2Fv2%2Fcomments&post=39041"}],"version-history":[{"count":2,"href":"http:\/\/cronicasyversiones.com\/index.php?rest_route=\/wp\/v2\/posts\/39041\/revisions"}],"predecessor-version":[{"id":39044,"href":"http:\/\/cronicasyversiones.com\/index.php?rest_route=\/wp\/v2\/posts\/39041\/revisions\/39044"}],"wp:featuredmedia":[{"embeddable":true,"href":"http:\/\/cronicasyversiones.com\/index.php?rest_route=\/wp\/v2\/media\/39042"}],"wp:attachment":[{"href":"http:\/\/cronicasyversiones.com\/index.php?rest_route=%2Fwp%2Fv2%2Fmedia&parent=39041"}],"wp:term":[{"taxonomy":"category","embeddable":true,"href":"http:\/\/cronicasyversiones.com\/index.php?rest_route=%2Fwp%2Fv2%2Fcategories&post=39041"},{"taxonomy":"post_tag","embeddable":true,"href":"http:\/\/cronicasyversiones.com\/index.php?rest_route=%2Fwp%2Fv2%2Ftags&post=39041"}],"curies":[{"name":"wp","href":"https:\/\/api.w.org\/{rel}","templated":true}]}}