{"id":39058,"date":"2024-09-24T12:55:18","date_gmt":"2024-09-24T15:55:18","guid":{"rendered":"http:\/\/cronicasyversiones.com\/?p=39058"},"modified":"2024-09-24T12:55:18","modified_gmt":"2024-09-24T15:55:18","slug":"el-jockey-de-luis-ortega-representa-a-argentina-en-los-oscar","status":"publish","type":"post","link":"http:\/\/cronicasyversiones.com\/?p=39058","title":{"rendered":"\u201cEl Jockey\u201d, de Luis Ortega, representa a Argentina en los Oscar"},"content":{"rendered":"<div style=\"padding-bottom:20px; padding-top:10px;\" class=\"hupso-share-buttons\"><!-- Hupso Share Buttons - https:\/\/www.hupso.com\/share\/ --><a class=\"hupso_counters\" href=\"https:\/\/www.hupso.com\/share\/\"><img decoding=\"async\" src=\"http:\/\/static.hupso.com\/share\/buttons\/lang\/es\/share-small.png\" style=\"border:0px; padding-top:2px; float:left;\" alt=\"Share Button\"\/><\/a><script type=\"text\/javascript\">var hupso_services_c=new Array(\"twitter\",\"facebook_like\",\"google\");var hupso_counters_lang = \"es_LA\";var hupso_image_folder_url = \"\";var hupso_twitter_via=\"crsyvrs\";var hupso_url_c=\"\";<\/script><script type=\"text\/javascript\" src=\"http:\/\/static.hupso.com\/share\/js\/counters.js\"><\/script><!-- Hupso Share Buttons --><\/div><h2>La pel\u00edcula, con Nahuel P\u00e9rez Biscayart, \u00darsula Corber\u00f3 y Daniel Gim\u00e9nez Cacho, tambi\u00e9n ira a los Goya.<\/h2>\n<p><img loading=\"lazy\" decoding=\"async\" class=\"size-medium wp-image-39059 aligncenter\" src=\"http:\/\/cronicasyversiones.com\/wp-content\/uploads\/2024\/09\/GYC5pv1WgAABW8l-300x162.jpg\" alt=\"\" width=\"300\" height=\"162\" srcset=\"http:\/\/cronicasyversiones.com\/wp-content\/uploads\/2024\/09\/GYC5pv1WgAABW8l-300x162.jpg 300w, http:\/\/cronicasyversiones.com\/wp-content\/uploads\/2024\/09\/GYC5pv1WgAABW8l.jpg 640w\" sizes=\"auto, (max-width: 300px) 100vw, 300px\" \/><\/p>\n<p><em><strong>\u201cEl Jockey\u201d,<\/strong><\/em> el \u00faltimo proyecto de <strong>Luis Ortega,<\/strong> es el film seleccionado para representar a nuestro pa\u00eds en los <strong>Premios Oscar 2024<\/strong> y los <strong>Premios Goya como Mejor Pel\u00edcula Extranjera.<\/strong><\/p>\n<p>La pel\u00edcula protagonizada por <strong>Nahuel P\u00e9rez Biscayart, \u00darsula Corber\u00f3 y Daniel Gim\u00e9nez Cacho<\/strong>, y un gran elenco de argentinos Daniel Fanego, Osmar N\u00fa\u00f1ez, Roberto Carnaghi, Luis Ziembrowski, Jorge Prado, Adriana Aguirre, Roly Serrano, y la actriz chilena Mariana Di Girolamo, fue seleccionada por los miembros de la Academia de Cine y Artes Audiovisuales de la Argentina para representarnos en las premiaciones internacionales.<\/p>\n<p>Es la segunda vez que un proyecto de Luis Ortega fue seleccionado para competir por una estatuilla, la primera fue \u201cEl \u00c1ngel\u201d la pel\u00edcula que relata la vida del criminal Robledo Puch.<\/p>\n<p><iframe loading=\"lazy\" title=\"YouTube video player\" src=\"https:\/\/www.youtube.com\/embed\/N2BSpDERJZk?si=ardP6D-n_6_WzDym\" width=\"560\" height=\"315\" frameborder=\"0\" allowfullscreen=\"allowfullscreen\"><\/iframe><\/p>\n<p>La pel\u00edcula llegar\u00e1 a los cines de nuestro pa\u00eds el pr\u00f3ximo 26 de septiembre tras haber desfilado en la Competencia Oficial del Festival de Venecia, en el Festival de Toronto en la secci\u00f3n Centrepiece y en la Competencia de Horizontes Latinos del Festival de San Sebasti\u00e1n.<\/p>\n<p>En el film, Remo Manfredini es una leyenda del turf, pero su conducta exc\u00e9ntrica y autodestructiva comienza a eclipsar su talento. Abril, jocketa y pareja de Remo, espera un hijo suyo y debe decidir entre continuar con su embarazo o seguir corriendo.<\/p>\n<p>Ambos corren caballos para Sirena, un empresario obsesionado con el jockey. Un d\u00eda Remo sufre un accidente, desaparece del hospital y deambula sin identidad por las calles de Buenos Aires. Sirena lo quiere vivo o muerto mientras Abril intenta encontrarlo antes de que sea demasiado tarde.<\/p>\n<p>&nbsp;<\/p>\n<div style=\"padding-bottom:20px; padding-top:10px;\" class=\"hupso-share-buttons\"><!-- Hupso Share Buttons - https:\/\/www.hupso.com\/share\/ --><a class=\"hupso_counters\" href=\"https:\/\/www.hupso.com\/share\/\"><img decoding=\"async\" src=\"http:\/\/static.hupso.com\/share\/buttons\/lang\/es\/share-small.png\" style=\"border:0px; padding-top:2px; float:left;\" alt=\"Share Button\"\/><\/a><script type=\"text\/javascript\">var hupso_services_c=new Array(\"twitter\",\"facebook_like\",\"google\");var hupso_counters_lang = \"es_LA\";var hupso_image_folder_url = \"\";var hupso_twitter_via=\"crsyvrs\";var hupso_url_c=\"\";<\/script><script type=\"text\/javascript\" src=\"http:\/\/static.hupso.com\/share\/js\/counters.js\"><\/script><!-- Hupso Share Buttons --><\/div> ","protected":false},"excerpt":{"rendered":"<div style=\"padding-bottom:20px; padding-top:10px;\" class=\"hupso-share-buttons\"><!-- Hupso Share Buttons - https:\/\/www.hupso.com\/share\/ --><a class=\"hupso_counters\" href=\"https:\/\/www.hupso.com\/share\/\"><img src=\"http:\/\/static.hupso.com\/share\/buttons\/lang\/es\/share-small.png\" style=\"border:0px; padding-top:2px; float:left;\" alt=\"Share Button\"\/><\/a><script type=\"text\/javascript\">var hupso_services_c=new Array(\"twitter\",\"facebook_like\",\"google\");var hupso_counters_lang = \"es_LA\";var hupso_image_folder_url = \"\";var hupso_twitter_via=\"crsyvrs\";var hupso_url_c=\"\";<\/script><script type=\"text\/javascript\" src=\"http:\/\/static.hupso.com\/share\/js\/counters.js\"><\/script><!-- Hupso Share Buttons --><\/div><p>La pel\u00edcula, con Nahuel P\u00e9rez Biscayart, \u00darsula Corber\u00f3 y Daniel Gim\u00e9nez Cacho, tambi\u00e9n ira a los Goya. \u201cEl Jockey\u201d, el \u00faltimo proyecto de Luis Ortega, es el film seleccionado para representar a nuestro pa\u00eds en los Premios Oscar 2024&#46;&#46;&#46;<\/p>\n<div style=\"padding-bottom:20px; padding-top:10px;\" class=\"hupso-share-buttons\"><!-- Hupso Share Buttons - https:\/\/www.hupso.com\/share\/ --><a class=\"hupso_counters\" href=\"https:\/\/www.hupso.com\/share\/\"><img src=\"http:\/\/static.hupso.com\/share\/buttons\/lang\/es\/share-small.png\" style=\"border:0px; padding-top:2px; float:left;\" alt=\"Share Button\"\/><\/a><script type=\"text\/javascript\">var hupso_services_c=new Array(\"twitter\",\"facebook_like\",\"google\");var hupso_counters_lang = \"es_LA\";var hupso_image_folder_url = \"\";var hupso_twitter_via=\"crsyvrs\";var hupso_url_c=\"\";<\/script><script type=\"text\/javascript\" src=\"http:\/\/static.hupso.com\/share\/js\/counters.js\"><\/script><!-- Hupso Share Buttons --><\/div>","protected":false},"author":5,"featured_media":39059,"comment_status":"closed","ping_status":"closed","sticky":false,"template":"","format":"standard","meta":{"footnotes":""},"categories":[4],"tags":[],"class_list":["post-39058","post","type-post","status-publish","format-standard","has-post-thumbnail","hentry","category-cine"],"_links":{"self":[{"href":"http:\/\/cronicasyversiones.com\/index.php?rest_route=\/wp\/v2\/posts\/39058","targetHints":{"allow":["GET"]}}],"collection":[{"href":"http:\/\/cronicasyversiones.com\/index.php?rest_route=\/wp\/v2\/posts"}],"about":[{"href":"http:\/\/cronicasyversiones.com\/index.php?rest_route=\/wp\/v2\/types\/post"}],"author":[{"embeddable":true,"href":"http:\/\/cronicasyversiones.com\/index.php?rest_route=\/wp\/v2\/users\/5"}],"replies":[{"embeddable":true,"href":"http:\/\/cronicasyversiones.com\/index.php?rest_route=%2Fwp%2Fv2%2Fcomments&post=39058"}],"version-history":[{"count":1,"href":"http:\/\/cronicasyversiones.com\/index.php?rest_route=\/wp\/v2\/posts\/39058\/revisions"}],"predecessor-version":[{"id":39060,"href":"http:\/\/cronicasyversiones.com\/index.php?rest_route=\/wp\/v2\/posts\/39058\/revisions\/39060"}],"wp:featuredmedia":[{"embeddable":true,"href":"http:\/\/cronicasyversiones.com\/index.php?rest_route=\/wp\/v2\/media\/39059"}],"wp:attachment":[{"href":"http:\/\/cronicasyversiones.com\/index.php?rest_route=%2Fwp%2Fv2%2Fmedia&parent=39058"}],"wp:term":[{"taxonomy":"category","embeddable":true,"href":"http:\/\/cronicasyversiones.com\/index.php?rest_route=%2Fwp%2Fv2%2Fcategories&post=39058"},{"taxonomy":"post_tag","embeddable":true,"href":"http:\/\/cronicasyversiones.com\/index.php?rest_route=%2Fwp%2Fv2%2Ftags&post=39058"}],"curies":[{"name":"wp","href":"https:\/\/api.w.org\/{rel}","templated":true}]}}