{"id":39217,"date":"2024-10-29T13:19:27","date_gmt":"2024-10-29T16:19:27","guid":{"rendered":"http:\/\/cronicasyversiones.com\/?p=39217"},"modified":"2024-10-29T13:19:27","modified_gmt":"2024-10-29T16:19:27","slug":"por-primera-vez-llega-a-madrid-una-estatua-de-mafalda","status":"publish","type":"post","link":"http:\/\/cronicasyversiones.com\/?p=39217","title":{"rendered":"Por primera vez llega a Madrid una estatua de Mafalda"},"content":{"rendered":"<div style=\"padding-bottom:20px; padding-top:10px;\" class=\"hupso-share-buttons\"><!-- Hupso Share Buttons - https:\/\/www.hupso.com\/share\/ --><a class=\"hupso_counters\" href=\"https:\/\/www.hupso.com\/share\/\"><img decoding=\"async\" src=\"http:\/\/static.hupso.com\/share\/buttons\/lang\/es\/share-small.png\" style=\"border:0px; padding-top:2px; float:left;\" alt=\"Share Button\"\/><\/a><script type=\"text\/javascript\">var hupso_services_c=new Array(\"twitter\",\"facebook_like\",\"google\");var hupso_counters_lang = \"es_LA\";var hupso_image_folder_url = \"\";var hupso_twitter_via=\"crsyvrs\";var hupso_url_c=\"\";<\/script><script type=\"text\/javascript\" src=\"http:\/\/static.hupso.com\/share\/js\/counters.js\"><\/script><!-- Hupso Share Buttons --><\/div><h2>La obra fue emplazada delante de la Casa del Lector del centro cultural Matadero de la capital espa\u00f1ola.<\/h2>\n<p><img decoding=\"async\" class=\"aligncenter\" src=\"https:\/\/pbs.twimg.com\/card_img\/1850910164783620096\/KwfPpX3J?format=jpg&amp;name=small\" \/><\/p>\n<p><strong>Mafalda<\/strong> cumpli\u00f3 60 a\u00f1os y adem\u00e1s tiene una escultura delante de la <strong>Casa del Lector del centro cultural Matadero de Madrid<\/strong>, ciudad donde <strong>Quino,<\/strong> su creador, \u00abfue feliz\u00bb, como record\u00f3 en la inauguraci\u00f3n de la obra su sobrino, <strong>Guille Lavado<\/strong>, recoge la agencia EFE.<\/p>\n<p>Sentada en un banco de madera municipal, e imaginada con un vestido rojo por el escultor argentino Pablo Irrgang, la escultura de 80 cent\u00edmetros de alto y 20 kilos fue donada al Ayuntamiento de Madrid por la editorial Lumen (propiedad ahora de Penguin Random House), que la publica en Espa\u00f1a desde 1970, seis a\u00f1os despu\u00e9s de su primera aparici\u00f3n en la revista argentina Primera Plana.<\/p>\n<p><strong>Joaqu\u00edn Salvador Lavado,<\/strong> verdadero nombre de Quino, pas\u00f3 los inviernos en un apartamento de la calle Don Ram\u00f3n de la Cruz de la capital espa\u00f1ola durante los \u00faltimos a\u00f1os de su vida, y all\u00ed hac\u00eda una vida de barrio.<\/p>\n<blockquote><p>\u00abMafalda ha suscitado simpat\u00edas transversales sin importar las tendencias pol\u00edticas. Siempre ha tenido una mirada cr\u00edtica en el otro, pero haci\u00e9ndose cargo de toda la bondad y miseria de los seres humanos\u00bb, dijo su sobrino, quien inspir\u00f3 el personaje de Guille, el hermanito de Mafalda.<\/p><\/blockquote>\n<p>El escultor Pablo Irrgang fue el elegido por Quino para hacer las esculturas callejeras de Mafalda, de las que hay doce en el mundo, una de ellas en Oviedo (norte de Espa\u00f1a). \u00abYo soy el plomo que la acompa\u00f1a cuando viaja por el mundo, su humilde retratista\u00bb, brome\u00f3 el artista. En Buenos Aires, la escultura est\u00e1 en las inmediaciones del edificio donde residi\u00f3 Quino, en el barrio de San Telmo.<\/p>\n<div style=\"padding-bottom:20px; padding-top:10px;\" class=\"hupso-share-buttons\"><!-- Hupso Share Buttons - https:\/\/www.hupso.com\/share\/ --><a class=\"hupso_counters\" href=\"https:\/\/www.hupso.com\/share\/\"><img decoding=\"async\" src=\"http:\/\/static.hupso.com\/share\/buttons\/lang\/es\/share-small.png\" style=\"border:0px; padding-top:2px; float:left;\" alt=\"Share Button\"\/><\/a><script type=\"text\/javascript\">var hupso_services_c=new Array(\"twitter\",\"facebook_like\",\"google\");var hupso_counters_lang = \"es_LA\";var hupso_image_folder_url = \"\";var hupso_twitter_via=\"crsyvrs\";var hupso_url_c=\"\";<\/script><script type=\"text\/javascript\" src=\"http:\/\/static.hupso.com\/share\/js\/counters.js\"><\/script><!-- Hupso Share Buttons --><\/div> ","protected":false},"excerpt":{"rendered":"<div style=\"padding-bottom:20px; padding-top:10px;\" class=\"hupso-share-buttons\"><!-- Hupso Share Buttons - https:\/\/www.hupso.com\/share\/ --><a class=\"hupso_counters\" href=\"https:\/\/www.hupso.com\/share\/\"><img src=\"http:\/\/static.hupso.com\/share\/buttons\/lang\/es\/share-small.png\" style=\"border:0px; padding-top:2px; float:left;\" alt=\"Share Button\"\/><\/a><script type=\"text\/javascript\">var hupso_services_c=new Array(\"twitter\",\"facebook_like\",\"google\");var hupso_counters_lang = \"es_LA\";var hupso_image_folder_url = \"\";var hupso_twitter_via=\"crsyvrs\";var hupso_url_c=\"\";<\/script><script type=\"text\/javascript\" src=\"http:\/\/static.hupso.com\/share\/js\/counters.js\"><\/script><!-- Hupso Share Buttons --><\/div><p>La obra fue emplazada delante de la Casa del Lector del centro cultural Matadero de la capital espa\u00f1ola. Mafalda cumpli\u00f3 60 a\u00f1os y adem\u00e1s tiene una escultura delante de la Casa del Lector del centro cultural Matadero de Madrid,&#46;&#46;&#46;<\/p>\n<div style=\"padding-bottom:20px; padding-top:10px;\" class=\"hupso-share-buttons\"><!-- Hupso Share Buttons - https:\/\/www.hupso.com\/share\/ --><a class=\"hupso_counters\" href=\"https:\/\/www.hupso.com\/share\/\"><img src=\"http:\/\/static.hupso.com\/share\/buttons\/lang\/es\/share-small.png\" style=\"border:0px; padding-top:2px; float:left;\" alt=\"Share Button\"\/><\/a><script type=\"text\/javascript\">var hupso_services_c=new Array(\"twitter\",\"facebook_like\",\"google\");var hupso_counters_lang = \"es_LA\";var hupso_image_folder_url = \"\";var hupso_twitter_via=\"crsyvrs\";var hupso_url_c=\"\";<\/script><script type=\"text\/javascript\" src=\"http:\/\/static.hupso.com\/share\/js\/counters.js\"><\/script><!-- Hupso Share Buttons --><\/div>","protected":false},"author":5,"featured_media":39218,"comment_status":"closed","ping_status":"closed","sticky":false,"template":"","format":"standard","meta":{"footnotes":""},"categories":[7,9],"tags":[],"class_list":["post-39217","post","type-post","status-publish","format-standard","has-post-thumbnail","hentry","category-literatura","category-sociedad"],"_links":{"self":[{"href":"http:\/\/cronicasyversiones.com\/index.php?rest_route=\/wp\/v2\/posts\/39217","targetHints":{"allow":["GET"]}}],"collection":[{"href":"http:\/\/cronicasyversiones.com\/index.php?rest_route=\/wp\/v2\/posts"}],"about":[{"href":"http:\/\/cronicasyversiones.com\/index.php?rest_route=\/wp\/v2\/types\/post"}],"author":[{"embeddable":true,"href":"http:\/\/cronicasyversiones.com\/index.php?rest_route=\/wp\/v2\/users\/5"}],"replies":[{"embeddable":true,"href":"http:\/\/cronicasyversiones.com\/index.php?rest_route=%2Fwp%2Fv2%2Fcomments&post=39217"}],"version-history":[{"count":1,"href":"http:\/\/cronicasyversiones.com\/index.php?rest_route=\/wp\/v2\/posts\/39217\/revisions"}],"predecessor-version":[{"id":39219,"href":"http:\/\/cronicasyversiones.com\/index.php?rest_route=\/wp\/v2\/posts\/39217\/revisions\/39219"}],"wp:featuredmedia":[{"embeddable":true,"href":"http:\/\/cronicasyversiones.com\/index.php?rest_route=\/wp\/v2\/media\/39218"}],"wp:attachment":[{"href":"http:\/\/cronicasyversiones.com\/index.php?rest_route=%2Fwp%2Fv2%2Fmedia&parent=39217"}],"wp:term":[{"taxonomy":"category","embeddable":true,"href":"http:\/\/cronicasyversiones.com\/index.php?rest_route=%2Fwp%2Fv2%2Fcategories&post=39217"},{"taxonomy":"post_tag","embeddable":true,"href":"http:\/\/cronicasyversiones.com\/index.php?rest_route=%2Fwp%2Fv2%2Ftags&post=39217"}],"curies":[{"name":"wp","href":"https:\/\/api.w.org\/{rel}","templated":true}]}}