{"id":39288,"date":"2024-12-05T12:54:47","date_gmt":"2024-12-05T15:54:47","guid":{"rendered":"http:\/\/cronicasyversiones.com\/?p=39288"},"modified":"2024-12-05T12:54:48","modified_gmt":"2024-12-05T15:54:48","slug":"el-documental-esperando-al-mar-se-estrena-el-gaumont","status":"publish","type":"post","link":"http:\/\/cronicasyversiones.com\/?p=39288","title":{"rendered":"El documental \u201cEsperando al mar\u201d se estrena el Gaumont"},"content":{"rendered":"<div style=\"padding-bottom:20px; padding-top:10px;\" class=\"hupso-share-buttons\"><!-- Hupso Share Buttons - https:\/\/www.hupso.com\/share\/ --><a class=\"hupso_counters\" href=\"https:\/\/www.hupso.com\/share\/\"><img decoding=\"async\" src=\"http:\/\/static.hupso.com\/share\/buttons\/lang\/es\/share-small.png\" style=\"border:0px; padding-top:2px; float:left;\" alt=\"Share Button\"\/><\/a><script type=\"text\/javascript\">var hupso_services_c=new Array(\"twitter\",\"facebook_like\",\"google\");var hupso_counters_lang = \"es_LA\";var hupso_image_folder_url = \"\";var hupso_twitter_via=\"crsyvrs\";var hupso_url_c=\"\";<\/script><script type=\"text\/javascript\" src=\"http:\/\/static.hupso.com\/share\/js\/counters.js\"><\/script><!-- Hupso Share Buttons --><\/div><h2>Se trata de un film sobre el desastre ecol\u00f3gico del mar de Aral dirigido por Lucas Pe\u00f1afort y Fernando Gonz\u00e1lez.<\/h2>\n<p><img loading=\"lazy\" decoding=\"async\" class=\"aligncenter\" src=\"https:\/\/mcusercontent.com\/f20f7378f0ab8f58c75e576bc\/images\/301e5d8d-de68-e715-a4e2-7e32a762bd3a.jpg\" width=\"686\" height=\"386\" \/><\/p>\n<p>&nbsp;<\/p>\n<p><em><strong>\u201cEsperando al mar\u201d,<\/strong><\/em> un documental sobre el desastre ecol\u00f3gico del mar de <strong>Aral<\/strong> dirigido por<strong> Lucas Pe\u00f1afort y Fernando Gonz\u00e1lez<\/strong>, se estrena en el Cine Gaumont, Rivadavia 1635, el 5 de diciembre.<\/p>\n<p>El film recibi\u00f3 la Menci\u00f3n Especial Asociaci\u00f3n de Cronistas Cinematogr\u00e1ficos de la Argentina 12 FIDBA &#8211; Festival Internacional de Cine Documental de Buenos Aires.<\/p>\n<p>El film tiene direcci\u00f3n de<strong> Lucas Pe\u00f1afort y Fernando Gonz\u00e1lez<\/strong> y participan<strong> Azizbek Nurlybaev, Uralbay Utegenov, Mansur Jumabayev, Dauka Utemuratov y Yusif Erjanov.<\/strong><\/p>\n<p>Producida por Lumen Cine, Esperando al mar es un documental revelador sobre la zona de Moynaq, en<strong> Uzbekist\u00e1n,<\/strong> Asia Central.<\/p>\n<p>Donde antes el Mar de Aral reflejaba el cielo, ahora yace un desierto de sal. En el film Aziz, un joven anclado a los sue\u00f1os de un mar desaparecido, lucha por sobrevivir en el epicentro de la mayor cat\u00e1strofe ecol\u00f3gica del siglo XX. Dentro de s\u00ed, libra una batalla entre la a\u00f1oranza del pasado y la necesidad de construir un futuro en medio de la desolaci\u00f3n.<\/p>\n<p>Los cineastas mendocinos Lucas Pe\u00f1afort y Fernando Gonz\u00e1lez decidieron emprender la aventura a un lugar remoto de nuestra cultura, para reflejar la actualidad de una comunidad atravesada por el desastre ecol\u00f3gico.<\/p>\n<blockquote><p>\u201cA finales de 2017, tomamos contacto con una comunidad Suf\u00ed en un paraje de alta monta\u00f1a en la provincia de Mendoza. All\u00ed conocemos a Abdul con quien compartimos la pasi\u00f3n por el misticismo, la tradici\u00f3n oral y los habitantes del desierto. En las ricas charlas y ceremonias de caf\u00e9, Abdul nos obsequia un libro con cuentos sufis, y nos habla de un mar que desapareci\u00f3 por completo, el Aral. Esta historia queda resonando en nosotros, sin siquiera sospechar que un d\u00eda ir\u00edamos a su encuentro\u201d, comenta Lucas Pe\u00f1afort sobre el comienzo del proyecto.<\/p><\/blockquote>\n<p>En 2018, Pe\u00f1afort viaj\u00f3 a la India para filmar su \u00f3pera prima documental llamada Hermanas de los \u00e1rboles. Al finalizar el rodaje decide viajar lentamente en tren hasta Uzbekist\u00e1n, el pa\u00eds m\u00e1s remoto en la encrucijada de caminos de Asia Central con el objetivo de ver el desaparecido mar de Aral.<\/p>\n<p>Luego de una extensa traves\u00eda, llega a la zona para conectarse con Uralbay, un antiguo pescador del pueblo de Moynaq. A partir de all\u00ed, registraron la vida cotidiana del pueblo, marcada por la tragedia.<\/p>\n<p>\u201cEl equipo estaba compuesto por 3 personas, Yulia Khvan de Uzbekist\u00e1n a quien conocimos por un contacto en com\u00fan con Lucrecia Martel, Lucas Pe\u00f1afort y Fernando Gonz\u00e1lez. Viajamos en marzo de 2022, que es el comienzo de la primavera aunque en ese momento hac\u00edan \u201320\u00ba bajo cero. Debemos viajar triangulando con Estambul en Turqu\u00eda debido al bloqueo del espacio a\u00e9reo europeo que no permit\u00eda ingresar a trav\u00e9s de Rusia por causa de la guerra con Ucrania. Sucedi\u00f3 que perdimos nuestros pasajes con la aerol\u00ednea rusa y a d\u00eda de hoy no hemos recuperado ese dinero\u201d, detalla el cineasta sobre la traves\u00eda que comprendi\u00f3 el proyecto.<\/p>\n<p>En la inmensa masa de tierra \u00e1rida esteparia de Asia Central, en la frontera entre los actuales Uzbekist\u00e1n y Kazajist\u00e1n se encuentra el que fuera el cuarto lago endorreico del mundo, tambi\u00e9n conocido como mar de Aral.<\/p>\n<p>Se trata de una de las mayores cat\u00e1strofes ecol\u00f3gicas de la historia, llegando a disminuir su volumen de agua en un 90% en los \u00faltimos 50 a\u00f1os.<\/p>\n<p><img loading=\"lazy\" decoding=\"async\" class=\"aligncenter\" src=\"https:\/\/mcusercontent.com\/f20f7378f0ab8f58c75e576bc\/images\/923585a0-3982-69e7-4005-9de066df5a94.jpg\" width=\"752\" height=\"424\" \/><\/p>\n<p>La <strong>Uni\u00f3n Sovi\u00e9tica<\/strong> puso en marcha un plan para convertir las llanuras \u00e1ridas de la regi\u00f3n central de Asia en la m\u00e1s importante zona productora de algod\u00f3n. Para ello, se crearon estructuras que desviaron el agua de los r\u00edos para regar los cultivos.<\/p>\n<p>Fue as\u00ed que el florecimiento de la industria del algod\u00f3n tuvo un alto precio. Con el paso de los a\u00f1os, el volumen de agua del mar se redujo a un ritmo r\u00e1pido, y el lecho comenz\u00f3 a aparecer convirtiendo islas en pen\u00ednsulas o partes contiguas de tierra.<\/p>\n<p>La salinidad y la contaminaci\u00f3n aumentaron y los peces comenzaron a morir al no soportar las nuevas condiciones del agua. Las industrias pesquera y mar\u00edtima declinaron, y muchas personas que depend\u00edan del mar quedaron sin sustento. Adem\u00e1s de perjudicar su salud, ya que el polvo acarrea sustancias t\u00f3xicas de fertilizantes y pesticidas capaces de provocar enfermedades. Se han hecho varios esfuerzos para rescatar el mar, especialmente su parte norte, pero es muy dif\u00edcil que el agua retorne a su lugar.<\/p>\n<p>Adem\u00e1s de la hostilidad ambiental de la regi\u00f3n, la situaci\u00f3n sociopol\u00edtica juega un factor fundamental, el cual los cineastas tuvieron que sortear en la traves\u00eda para lograr concretar el registro del film.<\/p>\n<p>\u201cNos encontramos con un estado totalitario donde hay censura previa y un presidente vitalicio pariente directo de antiguos jerarcas del antiguo partido comunista de la URSS. Es un estado policial sin embargo encontramos protecci\u00f3n en los l\u00edderes tribales de Karakalpakstan que reconoc\u00edan nuestro trabajo a favor de dar visibilidad a su causa de defender el estilo de vida perdido del Mar de Aral\u201d, detalla Pe\u00f1afort sobre la realidad sociopol\u00edtica que tuvieron que sortear para realizar el documental.<\/p>\n<div style=\"padding-bottom:20px; padding-top:10px;\" class=\"hupso-share-buttons\"><!-- Hupso Share Buttons - https:\/\/www.hupso.com\/share\/ --><a class=\"hupso_counters\" href=\"https:\/\/www.hupso.com\/share\/\"><img decoding=\"async\" src=\"http:\/\/static.hupso.com\/share\/buttons\/lang\/es\/share-small.png\" style=\"border:0px; padding-top:2px; float:left;\" alt=\"Share Button\"\/><\/a><script type=\"text\/javascript\">var hupso_services_c=new Array(\"twitter\",\"facebook_like\",\"google\");var hupso_counters_lang = \"es_LA\";var hupso_image_folder_url = \"\";var hupso_twitter_via=\"crsyvrs\";var hupso_url_c=\"\";<\/script><script type=\"text\/javascript\" src=\"http:\/\/static.hupso.com\/share\/js\/counters.js\"><\/script><!-- Hupso Share Buttons --><\/div> ","protected":false},"excerpt":{"rendered":"<div style=\"padding-bottom:20px; padding-top:10px;\" class=\"hupso-share-buttons\"><!-- Hupso Share Buttons - https:\/\/www.hupso.com\/share\/ --><a class=\"hupso_counters\" href=\"https:\/\/www.hupso.com\/share\/\"><img src=\"http:\/\/static.hupso.com\/share\/buttons\/lang\/es\/share-small.png\" style=\"border:0px; padding-top:2px; float:left;\" alt=\"Share Button\"\/><\/a><script type=\"text\/javascript\">var hupso_services_c=new Array(\"twitter\",\"facebook_like\",\"google\");var hupso_counters_lang = \"es_LA\";var hupso_image_folder_url = \"\";var hupso_twitter_via=\"crsyvrs\";var hupso_url_c=\"\";<\/script><script type=\"text\/javascript\" src=\"http:\/\/static.hupso.com\/share\/js\/counters.js\"><\/script><!-- Hupso Share Buttons --><\/div><p>Se trata de un film sobre el desastre ecol\u00f3gico del mar de Aral dirigido por Lucas Pe\u00f1afort y Fernando Gonz\u00e1lez. &nbsp; \u201cEsperando al mar\u201d, un documental sobre el desastre ecol\u00f3gico del mar de Aral dirigido por Lucas Pe\u00f1afort y&#46;&#46;&#46;<\/p>\n<div style=\"padding-bottom:20px; padding-top:10px;\" class=\"hupso-share-buttons\"><!-- Hupso Share Buttons - https:\/\/www.hupso.com\/share\/ --><a class=\"hupso_counters\" href=\"https:\/\/www.hupso.com\/share\/\"><img src=\"http:\/\/static.hupso.com\/share\/buttons\/lang\/es\/share-small.png\" style=\"border:0px; padding-top:2px; float:left;\" alt=\"Share Button\"\/><\/a><script type=\"text\/javascript\">var hupso_services_c=new Array(\"twitter\",\"facebook_like\",\"google\");var hupso_counters_lang = \"es_LA\";var hupso_image_folder_url = \"\";var hupso_twitter_via=\"crsyvrs\";var hupso_url_c=\"\";<\/script><script type=\"text\/javascript\" src=\"http:\/\/static.hupso.com\/share\/js\/counters.js\"><\/script><!-- Hupso Share Buttons --><\/div>","protected":false},"author":5,"featured_media":39289,"comment_status":"closed","ping_status":"closed","sticky":false,"template":"","format":"standard","meta":{"footnotes":""},"categories":[4],"tags":[],"class_list":["post-39288","post","type-post","status-publish","format-standard","has-post-thumbnail","hentry","category-cine"],"_links":{"self":[{"href":"http:\/\/cronicasyversiones.com\/index.php?rest_route=\/wp\/v2\/posts\/39288","targetHints":{"allow":["GET"]}}],"collection":[{"href":"http:\/\/cronicasyversiones.com\/index.php?rest_route=\/wp\/v2\/posts"}],"about":[{"href":"http:\/\/cronicasyversiones.com\/index.php?rest_route=\/wp\/v2\/types\/post"}],"author":[{"embeddable":true,"href":"http:\/\/cronicasyversiones.com\/index.php?rest_route=\/wp\/v2\/users\/5"}],"replies":[{"embeddable":true,"href":"http:\/\/cronicasyversiones.com\/index.php?rest_route=%2Fwp%2Fv2%2Fcomments&post=39288"}],"version-history":[{"count":1,"href":"http:\/\/cronicasyversiones.com\/index.php?rest_route=\/wp\/v2\/posts\/39288\/revisions"}],"predecessor-version":[{"id":39290,"href":"http:\/\/cronicasyversiones.com\/index.php?rest_route=\/wp\/v2\/posts\/39288\/revisions\/39290"}],"wp:featuredmedia":[{"embeddable":true,"href":"http:\/\/cronicasyversiones.com\/index.php?rest_route=\/wp\/v2\/media\/39289"}],"wp:attachment":[{"href":"http:\/\/cronicasyversiones.com\/index.php?rest_route=%2Fwp%2Fv2%2Fmedia&parent=39288"}],"wp:term":[{"taxonomy":"category","embeddable":true,"href":"http:\/\/cronicasyversiones.com\/index.php?rest_route=%2Fwp%2Fv2%2Fcategories&post=39288"},{"taxonomy":"post_tag","embeddable":true,"href":"http:\/\/cronicasyversiones.com\/index.php?rest_route=%2Fwp%2Fv2%2Ftags&post=39288"}],"curies":[{"name":"wp","href":"https:\/\/api.w.org\/{rel}","templated":true}]}}