{"id":39320,"date":"2024-12-12T12:31:06","date_gmt":"2024-12-12T15:31:06","guid":{"rendered":"http:\/\/cronicasyversiones.com\/?p=39320"},"modified":"2024-12-12T12:31:07","modified_gmt":"2024-12-12T15:31:07","slug":"leila-guerriero-salman-rushdie-y-piedad-bonett-protagonizaran-hay-festival","status":"publish","type":"post","link":"http:\/\/cronicasyversiones.com\/?p=39320","title":{"rendered":"Leila Guerriero, Salman Rushdie y Piedad Bonett protagonizar\u00e1n Hay Festival"},"content":{"rendered":"<div style=\"padding-bottom:20px; padding-top:10px;\" class=\"hupso-share-buttons\"><!-- Hupso Share Buttons - https:\/\/www.hupso.com\/share\/ --><a class=\"hupso_counters\" href=\"https:\/\/www.hupso.com\/share\/\"><img decoding=\"async\" src=\"http:\/\/static.hupso.com\/share\/buttons\/lang\/es\/share-small.png\" style=\"border:0px; padding-top:2px; float:left;\" alt=\"Share Button\"\/><\/a><script type=\"text\/javascript\">var hupso_services_c=new Array(\"twitter\",\"facebook_like\",\"google\");var hupso_counters_lang = \"es_LA\";var hupso_image_folder_url = \"\";var hupso_twitter_via=\"crsyvrs\";var hupso_url_c=\"\";<\/script><script type=\"text\/javascript\" src=\"http:\/\/static.hupso.com\/share\/js\/counters.js\"><\/script><!-- Hupso Share Buttons --><\/div><h2>Se celebrar\u00e1 su vig\u00e9sima edici\u00f3n en Cartagena de Indias, Jeric\u00f3 y Medell\u00edn en el pr\u00f3ximo enero y reunir\u00e1 a m\u00e1s de 190 participantes.<\/h2>\n<h2><img decoding=\"async\" class=\"aligncenter\" src=\"https:\/\/pbs.twimg.com\/media\/EkctbzsXIAQPSrk?format=jpg&amp;name=small\" alt=\"Imagen\" \/><\/h2>\n<p>Escritores de la talla de Autores como <strong>Salman Rushdie, Leila Guerriero o Piedad Bonett<\/strong> participar\u00e1n en el <strong>Hay Festival de Colombia en 2025<\/strong>, que celebrar\u00e1 su vig\u00e9sima edici\u00f3n en <strong>Cartagena de Indias, Jeric\u00f3 y Medell\u00edn<\/strong> en el pr\u00f3ximo enero y reunir\u00e1 a m\u00e1s de 190 participantes de 28 pa\u00edses en diferentes conversatorios, talleres y actividades de literatura, m\u00fasica y ciencia.<\/p>\n<p>Este a\u00f1o, el festival, evento cultural que gira entorno a la literatura pero que ampli\u00f3 sus horizontes a otras artes, contar\u00e1 tambi\u00e9n con la participaci\u00f3n del cantante colombiano <strong>Carlos Vives, Carlos L\u00f3pez Puccio<\/strong> -integrante del grupo humor\u00edstico-musical <strong>Les Luthiers<\/strong>&#8211; y el cantautor <strong>Jorge Velosa,<\/strong> m\u00e1ximo representante del g\u00e9nero colombiano &#8216;carranga&#8217;.<\/p>\n<p>La vig\u00e9sima edici\u00f3n comenzar\u00e1 en Jeric\u00f3, pueblo patrimonio de Colombia ubicado en el departamento de Antioquia (noroeste), entre los d\u00edas 24 y 26 de enero, para continuar en Medell\u00edn del 28 al 29 del mismo mes y viajar a Cartagena, ciudad donde se desarrollar\u00e1 la mayor parte de la actividad del evento entre el 30 de enero y el 2 de febrero. Concluir\u00e1 en Barranquilla el 3 de febrero.<\/p>\n<p>Otros autores internacionales que participar\u00e1n en el festival ser\u00e1n el irland\u00e9s Colm T\u00f3ib\u00edn, la espa\u00f1ola Mar\u00eda Due\u00f1as, la argentina Mar\u00eda Negroni, el periodista colombiano Jorge Ramos o el acad\u00e9mico correspondiente de la Academia Colombiana de la Lengua, \u00c1lex Grijelmo.<\/p>\n<p>Adem\u00e1s de literatura internacional, los bloques tem\u00e1ticos de las diferentes citas incluir\u00e1n literatura colombiana, ciencia, historia y pensamiento, periodismo y no ficci\u00f3n y m\u00fasica.<\/p>\n<h2>\u00abConectar a Colombia con el mundo\u00bb<\/h2>\n<p>En la presentaci\u00f3n del festival, que tuvo lugar este martes en Bogot\u00e1, su directora, Cristina Fuentes, lo defini\u00f3 como un espacio para \u00abestudiar el pasado, para entender el presente e imaginar el futuro y reunir a los mejores escritores y pensadores a conversar sobre los retos que tenemos por delante\u00bb.<\/p>\n<p>Asimismo, record\u00f3 que el <strong>Hay Festival<\/strong> lleg\u00f3 a Colombia hace 20 a\u00f1os \u00abtras uno de los periodos m\u00e1s oscuros de su historia\u00bb, por eso se eligi\u00f3 celebrarlo en Cartagena, para \u00abconectar Colombia con el mundo\u00bb, y a\u00f1adi\u00f3 que uno de los retos de este evento cultural es \u00abconectar a Colombia con las otras Colombias y a Am\u00e9rica Latina con el sur global\u00bb.<\/p>\n<p>El programa de la edici\u00f3n de 2025 contar\u00e1 con conversaciones transversales que unir\u00e1n tem\u00e1ticamente el evento con el apoyo de asociaciones y organizaciones, y tratar\u00e1n cuestiones como las narrativas del sur global, el racismo y su impacto en la cultura, la inteligencia artificial, las di\u00e1sporas o la gesti\u00f3n del agua.<\/p>\n<p>Para estudiantes y residentes de diferentes barrios populares de Cartagena, la entrada a las actividades ser\u00e1 gratuita, como parte de los programas Hay Joven y Hay Comunitario, que pretende acercar la cultura del festival a todos los p\u00fablicos y facilitar a ciertas localidades de la ciudad que puedan disfrutar del festival.<\/p>\n<p>El Embajador de Reino Unido, George Hodgson, anfitri\u00f3n de la presentaci\u00f3n del Hay Festival 2025, record\u00f3 que hace 20 a\u00f1os \u00abColombia estaba en un estado diferente\u00bb, por lo que \u00abcelebrar all\u00ed el festival fue una muestra de confianza en el pa\u00eds y una apuesta muy importante\u00bb.<\/p>\n<p>El Hay Festival of Literature and Arts es un festival literario que naci\u00f3 en Gales en 1988 y que trascendi\u00f3 las fronteras del Reino Unido para organizar ediciones en M\u00e9xico, Espa\u00f1a, Per\u00fa, Italia y Brasil.<\/p>\n<div style=\"padding-bottom:20px; padding-top:10px;\" class=\"hupso-share-buttons\"><!-- Hupso Share Buttons - https:\/\/www.hupso.com\/share\/ --><a class=\"hupso_counters\" href=\"https:\/\/www.hupso.com\/share\/\"><img decoding=\"async\" src=\"http:\/\/static.hupso.com\/share\/buttons\/lang\/es\/share-small.png\" style=\"border:0px; padding-top:2px; float:left;\" alt=\"Share Button\"\/><\/a><script type=\"text\/javascript\">var hupso_services_c=new Array(\"twitter\",\"facebook_like\",\"google\");var hupso_counters_lang = \"es_LA\";var hupso_image_folder_url = \"\";var hupso_twitter_via=\"crsyvrs\";var hupso_url_c=\"\";<\/script><script type=\"text\/javascript\" src=\"http:\/\/static.hupso.com\/share\/js\/counters.js\"><\/script><!-- Hupso Share Buttons --><\/div> ","protected":false},"excerpt":{"rendered":"<div style=\"padding-bottom:20px; padding-top:10px;\" class=\"hupso-share-buttons\"><!-- Hupso Share Buttons - https:\/\/www.hupso.com\/share\/ --><a class=\"hupso_counters\" href=\"https:\/\/www.hupso.com\/share\/\"><img src=\"http:\/\/static.hupso.com\/share\/buttons\/lang\/es\/share-small.png\" style=\"border:0px; padding-top:2px; float:left;\" alt=\"Share Button\"\/><\/a><script type=\"text\/javascript\">var hupso_services_c=new Array(\"twitter\",\"facebook_like\",\"google\");var hupso_counters_lang = \"es_LA\";var hupso_image_folder_url = \"\";var hupso_twitter_via=\"crsyvrs\";var hupso_url_c=\"\";<\/script><script type=\"text\/javascript\" src=\"http:\/\/static.hupso.com\/share\/js\/counters.js\"><\/script><!-- Hupso Share Buttons --><\/div><p>Se celebrar\u00e1 su vig\u00e9sima edici\u00f3n en Cartagena de Indias, Jeric\u00f3 y Medell\u00edn en el pr\u00f3ximo enero y reunir\u00e1 a m\u00e1s de 190 participantes. Escritores de la talla de Autores como Salman Rushdie, Leila Guerriero o Piedad Bonett participar\u00e1n en&#46;&#46;&#46;<\/p>\n<div style=\"padding-bottom:20px; padding-top:10px;\" class=\"hupso-share-buttons\"><!-- Hupso Share Buttons - https:\/\/www.hupso.com\/share\/ --><a class=\"hupso_counters\" href=\"https:\/\/www.hupso.com\/share\/\"><img src=\"http:\/\/static.hupso.com\/share\/buttons\/lang\/es\/share-small.png\" style=\"border:0px; padding-top:2px; float:left;\" alt=\"Share Button\"\/><\/a><script type=\"text\/javascript\">var hupso_services_c=new Array(\"twitter\",\"facebook_like\",\"google\");var hupso_counters_lang = \"es_LA\";var hupso_image_folder_url = \"\";var hupso_twitter_via=\"crsyvrs\";var hupso_url_c=\"\";<\/script><script type=\"text\/javascript\" src=\"http:\/\/static.hupso.com\/share\/js\/counters.js\"><\/script><!-- Hupso Share Buttons --><\/div>","protected":false},"author":5,"featured_media":39321,"comment_status":"closed","ping_status":"closed","sticky":false,"template":"","format":"standard","meta":{"footnotes":""},"categories":[7],"tags":[],"class_list":["post-39320","post","type-post","status-publish","format-standard","has-post-thumbnail","hentry","category-literatura"],"_links":{"self":[{"href":"http:\/\/cronicasyversiones.com\/index.php?rest_route=\/wp\/v2\/posts\/39320","targetHints":{"allow":["GET"]}}],"collection":[{"href":"http:\/\/cronicasyversiones.com\/index.php?rest_route=\/wp\/v2\/posts"}],"about":[{"href":"http:\/\/cronicasyversiones.com\/index.php?rest_route=\/wp\/v2\/types\/post"}],"author":[{"embeddable":true,"href":"http:\/\/cronicasyversiones.com\/index.php?rest_route=\/wp\/v2\/users\/5"}],"replies":[{"embeddable":true,"href":"http:\/\/cronicasyversiones.com\/index.php?rest_route=%2Fwp%2Fv2%2Fcomments&post=39320"}],"version-history":[{"count":1,"href":"http:\/\/cronicasyversiones.com\/index.php?rest_route=\/wp\/v2\/posts\/39320\/revisions"}],"predecessor-version":[{"id":39322,"href":"http:\/\/cronicasyversiones.com\/index.php?rest_route=\/wp\/v2\/posts\/39320\/revisions\/39322"}],"wp:featuredmedia":[{"embeddable":true,"href":"http:\/\/cronicasyversiones.com\/index.php?rest_route=\/wp\/v2\/media\/39321"}],"wp:attachment":[{"href":"http:\/\/cronicasyversiones.com\/index.php?rest_route=%2Fwp%2Fv2%2Fmedia&parent=39320"}],"wp:term":[{"taxonomy":"category","embeddable":true,"href":"http:\/\/cronicasyversiones.com\/index.php?rest_route=%2Fwp%2Fv2%2Fcategories&post=39320"},{"taxonomy":"post_tag","embeddable":true,"href":"http:\/\/cronicasyversiones.com\/index.php?rest_route=%2Fwp%2Fv2%2Ftags&post=39320"}],"curies":[{"name":"wp","href":"https:\/\/api.w.org\/{rel}","templated":true}]}}