{"id":39330,"date":"2024-11-25T12:52:04","date_gmt":"2024-11-25T15:52:04","guid":{"rendered":"http:\/\/cronicasyversiones.com\/?p=39330"},"modified":"2024-11-25T12:52:04","modified_gmt":"2024-11-25T15:52:04","slug":"lanzaron-el-primer-trailer-de-cien-anos-de-soledad","status":"publish","type":"post","link":"http:\/\/cronicasyversiones.com\/?p=39330","title":{"rendered":"Lanzaron el primer tr\u00e1iler de \u00abCien a\u00f1os de soledad\u00bb"},"content":{"rendered":"<div style=\"padding-bottom:20px; padding-top:10px;\" class=\"hupso-share-buttons\"><!-- Hupso Share Buttons - https:\/\/www.hupso.com\/share\/ --><a class=\"hupso_counters\" href=\"https:\/\/www.hupso.com\/share\/\"><img decoding=\"async\" src=\"http:\/\/static.hupso.com\/share\/buttons\/lang\/es\/share-small.png\" style=\"border:0px; padding-top:2px; float:left;\" alt=\"Share Button\"\/><\/a><script type=\"text\/javascript\">var hupso_services_c=new Array(\"twitter\",\"facebook_like\",\"google\");var hupso_counters_lang = \"es_LA\";var hupso_image_folder_url = \"\";var hupso_twitter_via=\"crsyvrs\";var hupso_url_c=\"\";<\/script><script type=\"text\/javascript\" src=\"http:\/\/static.hupso.com\/share\/js\/counters.js\"><\/script><!-- Hupso Share Buttons --><\/div><h2>El anticipo de la serie basada en la novela de Gabriel Garc\u00eda M\u00e1rquez ofrece una recreaci\u00f3n preciosista, ambiciosa y fiel.<\/h2>\n<p><img decoding=\"async\" class=\"aligncenter\" src=\"https:\/\/pbs.twimg.com\/card_img\/1861068237795946496\/Bbbfjpxt?format=jpg&amp;name=small\" \/><\/p>\n<p>Luego muchas adaptaciones fallidas de obras de<strong> Gabriel Garc\u00eda M\u00e1rquez<\/strong>, en menos de un mes llega a Netlix la de <strong><em>&#8216;Cien a\u00f1os de soledad&#8217;<\/em>,<\/strong> una de sus novelas m\u00e1s importantes y de las m\u00e1s dif\u00edciles de llevar a la pantalla. El primer tr\u00e1iler oficial, desvelado este lunes, ofrece una recreaci\u00f3n preciosista, ambiciosa y fiel.<\/p>\n<p>Primero, con la cadencia del acento colombiano, algo ausente en la mayor\u00eda de las adaptaciones anteriores de novelas del Premio Nobel de Literatura 1982, un importante detalle para sumergirse en el universo de Macondo y su realismo m\u00e1gico.<\/p>\n<p>Con trazas de superproducci\u00f3n, <strong>Netflix<\/strong> eligi\u00f3 un equipo mayoritariamente colombiano y rod\u00f3 en escenarios colombianos, con el apoyo de la familia del escritor, especialmente de sus hijos Rodrigo y Gonzalo, que ejercen como productores ejecutivos de la serie.<\/p>\n<p>El primer tr\u00e1iler oficial muestra im\u00e1genes de la fundaci\u00f3n de Macondo y la llegada de Melquiades, las tensiones de la vida familiar, los conflictos pol\u00edticos y la guerra que se desencadena y el casta\u00f1o en el que Jos\u00e9 Arcadio Buend\u00eda cumple la profec\u00eda de su soledad.<\/p>\n<p><iframe loading=\"lazy\" title=\"YouTube video player\" src=\"https:\/\/www.youtube.com\/embed\/LuUUCeR8Wqw?si=vvyOPPet5m_XtosD\" width=\"560\" height=\"315\" frameborder=\"0\" allowfullscreen=\"allowfullscreen\"><\/iframe><\/p>\n<p>Con dos partes de ocho episodios cada una, la primera tanda se estrenar\u00e1 el 11 de diciembre en Netflix y para la segunda a\u00fan no se ha anunciado la fecha.<\/p>\n<p>La serie est\u00e1 dirigida por la colombiana Laura Mora y el argentino Alex Garc\u00eda L\u00f3pez y cuenta con un amplio elenco, entre los que est\u00e1n Marco Antonio Gonz\u00e1lez (Jos\u00e9 Arcadio Buend\u00eda joven), Diego V\u00e1squez (Jos\u00e9 Arcadio Buend\u00eda adulto), Susana Morales (\u00darsula Iguar\u00e1n joven), Marleyda Soto (\u00darsula Iguar\u00e1n adulto), Moreno Borja (Melqu\u00edades) y Claudio Cata\u00f1o (Aureliano Buend\u00eda).<\/p>\n<p><em><strong>&#8216;Cien a\u00f1os de soledad&#8217;,<\/strong><\/em> que fue publicada en 1967 en Buenos Aires por la Editorial Sudamericana con una tirada inicial de 8.000 ejemplares, est\u00e1 considerada una obra maestra de la literatura universal que ha vendido m\u00e1s de 50 millones de unidades.<\/p>\n<div style=\"padding-bottom:20px; padding-top:10px;\" class=\"hupso-share-buttons\"><!-- Hupso Share Buttons - https:\/\/www.hupso.com\/share\/ --><a class=\"hupso_counters\" href=\"https:\/\/www.hupso.com\/share\/\"><img decoding=\"async\" src=\"http:\/\/static.hupso.com\/share\/buttons\/lang\/es\/share-small.png\" style=\"border:0px; padding-top:2px; float:left;\" alt=\"Share Button\"\/><\/a><script type=\"text\/javascript\">var hupso_services_c=new Array(\"twitter\",\"facebook_like\",\"google\");var hupso_counters_lang = \"es_LA\";var hupso_image_folder_url = \"\";var hupso_twitter_via=\"crsyvrs\";var hupso_url_c=\"\";<\/script><script type=\"text\/javascript\" src=\"http:\/\/static.hupso.com\/share\/js\/counters.js\"><\/script><!-- Hupso Share Buttons --><\/div> ","protected":false},"excerpt":{"rendered":"<div style=\"padding-bottom:20px; padding-top:10px;\" class=\"hupso-share-buttons\"><!-- Hupso Share Buttons - https:\/\/www.hupso.com\/share\/ --><a class=\"hupso_counters\" href=\"https:\/\/www.hupso.com\/share\/\"><img src=\"http:\/\/static.hupso.com\/share\/buttons\/lang\/es\/share-small.png\" style=\"border:0px; padding-top:2px; float:left;\" alt=\"Share Button\"\/><\/a><script type=\"text\/javascript\">var hupso_services_c=new Array(\"twitter\",\"facebook_like\",\"google\");var hupso_counters_lang = \"es_LA\";var hupso_image_folder_url = \"\";var hupso_twitter_via=\"crsyvrs\";var hupso_url_c=\"\";<\/script><script type=\"text\/javascript\" src=\"http:\/\/static.hupso.com\/share\/js\/counters.js\"><\/script><!-- Hupso Share Buttons --><\/div><p>El anticipo de la serie basada en la novela de Gabriel Garc\u00eda M\u00e1rquez ofrece una recreaci\u00f3n preciosista, ambiciosa y fiel. Luego muchas adaptaciones fallidas de obras de Gabriel Garc\u00eda M\u00e1rquez, en menos de un mes llega a Netlix la&#46;&#46;&#46;<\/p>\n<div style=\"padding-bottom:20px; padding-top:10px;\" class=\"hupso-share-buttons\"><!-- Hupso Share Buttons - https:\/\/www.hupso.com\/share\/ --><a class=\"hupso_counters\" href=\"https:\/\/www.hupso.com\/share\/\"><img src=\"http:\/\/static.hupso.com\/share\/buttons\/lang\/es\/share-small.png\" style=\"border:0px; padding-top:2px; float:left;\" alt=\"Share Button\"\/><\/a><script type=\"text\/javascript\">var hupso_services_c=new Array(\"twitter\",\"facebook_like\",\"google\");var hupso_counters_lang = \"es_LA\";var hupso_image_folder_url = \"\";var hupso_twitter_via=\"crsyvrs\";var hupso_url_c=\"\";<\/script><script type=\"text\/javascript\" src=\"http:\/\/static.hupso.com\/share\/js\/counters.js\"><\/script><!-- Hupso Share Buttons --><\/div>","protected":false},"author":5,"featured_media":39331,"comment_status":"closed","ping_status":"closed","sticky":false,"template":"","format":"standard","meta":{"footnotes":""},"categories":[6067,7,6],"tags":[],"class_list":["post-39330","post","type-post","status-publish","format-standard","has-post-thumbnail","hentry","category-al-margen","category-literatura","category-radio-y-tv"],"_links":{"self":[{"href":"http:\/\/cronicasyversiones.com\/index.php?rest_route=\/wp\/v2\/posts\/39330","targetHints":{"allow":["GET"]}}],"collection":[{"href":"http:\/\/cronicasyversiones.com\/index.php?rest_route=\/wp\/v2\/posts"}],"about":[{"href":"http:\/\/cronicasyversiones.com\/index.php?rest_route=\/wp\/v2\/types\/post"}],"author":[{"embeddable":true,"href":"http:\/\/cronicasyversiones.com\/index.php?rest_route=\/wp\/v2\/users\/5"}],"replies":[{"embeddable":true,"href":"http:\/\/cronicasyversiones.com\/index.php?rest_route=%2Fwp%2Fv2%2Fcomments&post=39330"}],"version-history":[{"count":1,"href":"http:\/\/cronicasyversiones.com\/index.php?rest_route=\/wp\/v2\/posts\/39330\/revisions"}],"predecessor-version":[{"id":39332,"href":"http:\/\/cronicasyversiones.com\/index.php?rest_route=\/wp\/v2\/posts\/39330\/revisions\/39332"}],"wp:featuredmedia":[{"embeddable":true,"href":"http:\/\/cronicasyversiones.com\/index.php?rest_route=\/wp\/v2\/media\/39331"}],"wp:attachment":[{"href":"http:\/\/cronicasyversiones.com\/index.php?rest_route=%2Fwp%2Fv2%2Fmedia&parent=39330"}],"wp:term":[{"taxonomy":"category","embeddable":true,"href":"http:\/\/cronicasyversiones.com\/index.php?rest_route=%2Fwp%2Fv2%2Fcategories&post=39330"},{"taxonomy":"post_tag","embeddable":true,"href":"http:\/\/cronicasyversiones.com\/index.php?rest_route=%2Fwp%2Fv2%2Ftags&post=39330"}],"curies":[{"name":"wp","href":"https:\/\/api.w.org\/{rel}","templated":true}]}}