{"id":39414,"date":"2024-12-10T12:43:00","date_gmt":"2024-12-10T15:43:00","guid":{"rendered":"http:\/\/cronicasyversiones.com\/?p=39414"},"modified":"2024-12-10T12:43:00","modified_gmt":"2024-12-10T15:43:00","slug":"bienalsur-cumplira-diez-anos-en-2025-con-la-presencia-de-5-000-artistas","status":"publish","type":"post","link":"http:\/\/cronicasyversiones.com\/?p=39414","title":{"rendered":"Bienalsur cumplir\u00e1 diez a\u00f1os en 2025 con la presencia de 5.000 artistas"},"content":{"rendered":"<div style=\"padding-bottom:20px; padding-top:10px;\" class=\"hupso-share-buttons\"><!-- Hupso Share Buttons - https:\/\/www.hupso.com\/share\/ --><a class=\"hupso_counters\" href=\"https:\/\/www.hupso.com\/share\/\"><img decoding=\"async\" src=\"http:\/\/static.hupso.com\/share\/buttons\/lang\/es\/share-small.png\" style=\"border:0px; padding-top:2px; float:left;\" alt=\"Share Button\"\/><\/a><script type=\"text\/javascript\">var hupso_services_c=new Array(\"twitter\",\"facebook_like\",\"google\");var hupso_counters_lang = \"es_LA\";var hupso_image_folder_url = \"\";var hupso_twitter_via=\"crsyvrs\";var hupso_url_c=\"\";<\/script><script type=\"text\/javascript\" src=\"http:\/\/static.hupso.com\/share\/js\/counters.js\"><\/script><!-- Hupso Share Buttons --><\/div><h2>La cita fue convertida en un referente para creadores del sur global y que sigue creciendo por n\u00famero de participantes.<\/h2>\n<p><img decoding=\"async\" class=\"aligncenter\" src=\"https:\/\/www.arte-online.net\/var\/arte_online_net\/storage\/images\/arte-online\/agenda\/concursos\/bienalsur-2025\/944535-2-esl-AR\/BIENALSUR-2025_nota.jpg\" \/><\/p>\n<p>M\u00e1s de 5.000 artistas de todo el mundo presentar\u00e1n sus propuestas para la quinta edici\u00f3n de <strong>Bienalsur,<\/strong> nacida en Argentina y que cumplir\u00e1 diez a\u00f1os en 2025, convertida en un referente para creadores del sur global y que sigue creciendo por n\u00famero de participantes.<\/p>\n<p>Esta bienal es una iniciativa del coleccionista y acad\u00e9mico <strong>An\u00edbal Jozami<\/strong> y de la doctora en Historia del Arte <strong>Diana Wechsler<\/strong>, quienes ejercen como director y directora art\u00edstica de Bienalsur, respectivamente.<\/p>\n<p>Este proyecto naci\u00f3 en la Universidad Nacional Tres de Febrero (Untref), en la localidad de Caseros, perteneciente a la provincia de Buenos Aires, en el llamado ?conurbano? (periferia) de la capital argentina; y hoy es un referente internacional.<\/p>\n<p>Jozami y Wechsler pusieron en marcha <strong>BIENALSUR<\/strong> bajo un concepto diferente con respecto a otras bienales de arte en el mundo: se enfocaron en el sur global, pero desde una ?visi\u00f3n pol\u00edtica y de pensamiento, no necesariamente geogr\u00e1fica?.<\/p>\n<p>As\u00ed lo explic\u00f3 este lunes Jozami en un encuentro con periodistas, donde anunci\u00f3 que la quinta edici\u00f3n ya est\u00e1 en marcha, y que tendr\u00e1 lugar entre julio y diciembre de 2025, con el apoyo de la Unesco. En algunos pa\u00edses se adelantar\u00e1 a esa fecha, matiz\u00f3.<\/p>\n<p>Desde Timor Oriental a Costa Rica, pasando por Oriente Medio, \u00c1frica y Europa, la quinta Bienalsur partir\u00e1 del kil\u00f3metro cero, ubicado en Buenos Aires, y tendr\u00e1 m\u00e1s de 80 sedes en 30 pa\u00edses.<\/p>\n<p>Entre las nuevas \u00e1reas de exposiciones destaca la de Ir\u00fan, en el Pa\u00eds Vasco, en la frontera entre Espa\u00f1a y Francia, seg\u00fan resaltaron sus directores.<\/p>\n<p>Otra de las particularidades de Bienalsur es que no propone un tema concreto, lo que hace es dejar a los creadores que presenten propuestas sobre los asuntos que les interesan y les preocupan, explica Wechsler, quien detall\u00f3 que en esta edici\u00f3n muchas, de forma sorpresiva, tratan sobre \u00abdistop\u00edas\u00bb.<\/p>\n<p>?No planteamos un tema general, buscamos discursos de la sociedad a partir de las propuestas de los artistas. Buscamos libertad y creatividad?, agreg\u00f3 Jozami.<\/p>\n<p>Todo apunta a que Bienalsur 2025 va a plantear un ?reseteo del mundo, un volver a empezar, la reafirmaci\u00f3n de que desde el arte construimos comunidad en medio de un mundo cada vez menos humano?, dijo, por su lado, Weschler<\/p>\n<div style=\"padding-bottom:20px; padding-top:10px;\" class=\"hupso-share-buttons\"><!-- Hupso Share Buttons - https:\/\/www.hupso.com\/share\/ --><a class=\"hupso_counters\" href=\"https:\/\/www.hupso.com\/share\/\"><img decoding=\"async\" src=\"http:\/\/static.hupso.com\/share\/buttons\/lang\/es\/share-small.png\" style=\"border:0px; padding-top:2px; float:left;\" alt=\"Share Button\"\/><\/a><script type=\"text\/javascript\">var hupso_services_c=new Array(\"twitter\",\"facebook_like\",\"google\");var hupso_counters_lang = \"es_LA\";var hupso_image_folder_url = \"\";var hupso_twitter_via=\"crsyvrs\";var hupso_url_c=\"\";<\/script><script type=\"text\/javascript\" src=\"http:\/\/static.hupso.com\/share\/js\/counters.js\"><\/script><!-- Hupso Share Buttons --><\/div> ","protected":false},"excerpt":{"rendered":"<div style=\"padding-bottom:20px; padding-top:10px;\" class=\"hupso-share-buttons\"><!-- Hupso Share Buttons - https:\/\/www.hupso.com\/share\/ --><a class=\"hupso_counters\" href=\"https:\/\/www.hupso.com\/share\/\"><img src=\"http:\/\/static.hupso.com\/share\/buttons\/lang\/es\/share-small.png\" style=\"border:0px; padding-top:2px; float:left;\" alt=\"Share Button\"\/><\/a><script type=\"text\/javascript\">var hupso_services_c=new Array(\"twitter\",\"facebook_like\",\"google\");var hupso_counters_lang = \"es_LA\";var hupso_image_folder_url = \"\";var hupso_twitter_via=\"crsyvrs\";var hupso_url_c=\"\";<\/script><script type=\"text\/javascript\" src=\"http:\/\/static.hupso.com\/share\/js\/counters.js\"><\/script><!-- Hupso Share Buttons --><\/div><p>La cita fue convertida en un referente para creadores del sur global y que sigue creciendo por n\u00famero de participantes. M\u00e1s de 5.000 artistas de todo el mundo presentar\u00e1n sus propuestas para la quinta edici\u00f3n de Bienalsur, nacida en&#46;&#46;&#46;<\/p>\n<div style=\"padding-bottom:20px; padding-top:10px;\" class=\"hupso-share-buttons\"><!-- Hupso Share Buttons - https:\/\/www.hupso.com\/share\/ --><a class=\"hupso_counters\" href=\"https:\/\/www.hupso.com\/share\/\"><img src=\"http:\/\/static.hupso.com\/share\/buttons\/lang\/es\/share-small.png\" style=\"border:0px; padding-top:2px; float:left;\" alt=\"Share Button\"\/><\/a><script type=\"text\/javascript\">var hupso_services_c=new Array(\"twitter\",\"facebook_like\",\"google\");var hupso_counters_lang = \"es_LA\";var hupso_image_folder_url = \"\";var hupso_twitter_via=\"crsyvrs\";var hupso_url_c=\"\";<\/script><script type=\"text\/javascript\" src=\"http:\/\/static.hupso.com\/share\/js\/counters.js\"><\/script><!-- Hupso Share Buttons --><\/div>","protected":false},"author":5,"featured_media":39415,"comment_status":"closed","ping_status":"closed","sticky":false,"template":"","format":"standard","meta":{"footnotes":""},"categories":[8,9],"tags":[],"class_list":["post-39414","post","type-post","status-publish","format-standard","has-post-thumbnail","hentry","category-artes-plasticas","category-sociedad"],"_links":{"self":[{"href":"http:\/\/cronicasyversiones.com\/index.php?rest_route=\/wp\/v2\/posts\/39414","targetHints":{"allow":["GET"]}}],"collection":[{"href":"http:\/\/cronicasyversiones.com\/index.php?rest_route=\/wp\/v2\/posts"}],"about":[{"href":"http:\/\/cronicasyversiones.com\/index.php?rest_route=\/wp\/v2\/types\/post"}],"author":[{"embeddable":true,"href":"http:\/\/cronicasyversiones.com\/index.php?rest_route=\/wp\/v2\/users\/5"}],"replies":[{"embeddable":true,"href":"http:\/\/cronicasyversiones.com\/index.php?rest_route=%2Fwp%2Fv2%2Fcomments&post=39414"}],"version-history":[{"count":1,"href":"http:\/\/cronicasyversiones.com\/index.php?rest_route=\/wp\/v2\/posts\/39414\/revisions"}],"predecessor-version":[{"id":39416,"href":"http:\/\/cronicasyversiones.com\/index.php?rest_route=\/wp\/v2\/posts\/39414\/revisions\/39416"}],"wp:featuredmedia":[{"embeddable":true,"href":"http:\/\/cronicasyversiones.com\/index.php?rest_route=\/wp\/v2\/media\/39415"}],"wp:attachment":[{"href":"http:\/\/cronicasyversiones.com\/index.php?rest_route=%2Fwp%2Fv2%2Fmedia&parent=39414"}],"wp:term":[{"taxonomy":"category","embeddable":true,"href":"http:\/\/cronicasyversiones.com\/index.php?rest_route=%2Fwp%2Fv2%2Fcategories&post=39414"},{"taxonomy":"post_tag","embeddable":true,"href":"http:\/\/cronicasyversiones.com\/index.php?rest_route=%2Fwp%2Fv2%2Ftags&post=39414"}],"curies":[{"name":"wp","href":"https:\/\/api.w.org\/{rel}","templated":true}]}}