{"id":39526,"date":"2025-01-13T12:57:48","date_gmt":"2025-01-13T15:57:48","guid":{"rendered":"http:\/\/cronicasyversiones.com\/?p=39526"},"modified":"2025-01-13T12:58:18","modified_gmt":"2025-01-13T15:58:18","slug":"las-nuevas-entregas-de-la-ley-y-el-orden-llegan-a-universal","status":"publish","type":"post","link":"http:\/\/cronicasyversiones.com\/?p=39526","title":{"rendered":"Las nuevas entregas de \u201cLa Ley y el Orden\u201d llegan a Universal+"},"content":{"rendered":"<div style=\"padding-bottom:20px; padding-top:10px;\" class=\"hupso-share-buttons\"><!-- Hupso Share Buttons - https:\/\/www.hupso.com\/share\/ --><a class=\"hupso_counters\" href=\"https:\/\/www.hupso.com\/share\/\"><img decoding=\"async\" src=\"http:\/\/static.hupso.com\/share\/buttons\/lang\/es\/share-small.png\" style=\"border:0px; padding-top:2px; float:left;\" alt=\"Share Button\"\/><\/a><script type=\"text\/javascript\">var hupso_services_c=new Array(\"twitter\",\"facebook_like\",\"google\");var hupso_counters_lang = \"es_LA\";var hupso_image_folder_url = \"\";var hupso_twitter_via=\"crsyvrs\";var hupso_url_c=\"\";<\/script><script type=\"text\/javascript\" src=\"http:\/\/static.hupso.com\/share\/js\/counters.js\"><\/script><!-- Hupso Share Buttons --><\/div><h2>De esta manera y con estos estrenos, la plataforma se confirma como \u201cla casa del universo Wolf\u201d.<\/h2>\n<p><img loading=\"lazy\" decoding=\"async\" class=\"size-medium wp-image-39527 aligncenter\" src=\"http:\/\/cronicasyversiones.com\/wp-content\/uploads\/2025\/01\/thumbnail_LAO_2-300x200.jpg\" alt=\"\" width=\"300\" height=\"200\" srcset=\"http:\/\/cronicasyversiones.com\/wp-content\/uploads\/2025\/01\/thumbnail_LAO_2-300x200.jpg 300w, http:\/\/cronicasyversiones.com\/wp-content\/uploads\/2025\/01\/thumbnail_LAO_2-768x512.jpg 768w, http:\/\/cronicasyversiones.com\/wp-content\/uploads\/2025\/01\/thumbnail_LAO_2.jpg 800w\" sizes=\"auto, (max-width: 300px) 100vw, 300px\" \/><\/p>\n<p><strong>Universal+<\/strong> anuncia el estreno exclusivo en Latinoam\u00e9rica el 15 de enero de las nuevas temporadas de <strong>La Ley y el Orden: Unidad de Victimas Especiales y La Ley y el Orden<\/strong> y anuncia otro estreno imperdible para el 17 de enero: el de <strong>La Ley y el Orden: Crimen Organizado.<\/strong><\/p>\n<p>De esta manera, Universal+ se confirma como \u201cla casa del universo Wolf\u201d, el streaming que ofrece todas las marcas del showrunner m\u00e1s exitoso que desde hace tres d\u00e9cadas revoluciona el mundo del entretenimiento rompiendo r\u00e9cords sin precedentes.<\/p>\n<p>En cuanto al mundo <strong>\u201cLa Ley y el Orden\u201d,<\/strong> Universal+ incorpora las flamantes nuevas temporadas de estas series que se mantienen como las favoritas de los fan\u00e1ticos con el correr de sus memorables temporadas.<\/p>\n<p><strong>LA LEY Y EL ORDEN (TEMPORADA 24)<\/strong><\/p>\n<p>Con 35 a\u00f1os al aire, la ficci\u00f3n se mantiene como el drama m\u00e1s longevo en la historia de la televisi\u00f3n. Para celebrar un logro tan significativo, La Ley y el Orden vuelve con casos apasionantes en los que se involucra el fiscal de distrito Nicholas Baxter interpretado por Tony Goldwyn (Ghost, Scandal). Asimismo, habr\u00e1 dos incorporaciones que no pasar\u00e1n inadvertidas. Por otro lado, el productor y guionista de la ficci\u00f3n, Rick Eid, adelant\u00f3 que esta temporada tendr\u00e1 casos mucho m\u00e1s duros, sin descuidar las din\u00e1micas entre los personajes, una de las razones por las que La Ley y el Orden mantiene intacto el inter\u00e9s de la audiencia.<\/p>\n<p>Como en todas las temporadas, la serie siempre comienza con un caso resonante que funciona como puntapi\u00e9 de la narrativa. En este regreso, el asesinato de una fiscal en su departamento de Brooklyn suscita una peligrosa investigaci\u00f3n que inicia en el episodio que abre esta flamante entrega, \u201cCatch and Kill\u201d. Asimismo, Mariska Hargitay se suma al elenco en un episodio con su emblem\u00e1tico personaje de la comandante en jefe Olivia Benson junto a otra de las actrices m\u00e1s destacadas de La Ley y el Orden: Unidad de Victimas Especiales, Elizabeth Marvel, quien interpreta a la abogada Rita Calhoun. Ambas ayudar\u00e1n a desentra\u00f1ar los misterios de un caso estremecedor.<\/p>\n<p><strong>\u00bfQUI\u00c9NES SON LOS ACTORES QUE SE SUMAN A ESTA NUEVA ENTREGA DE\u00a0LA LEY Y EL ORDEN?<\/strong><\/p>\n<p>Maura Tierney (ER, The Affair) protagoniza La Ley y el Orden con el rol de la teniente Jessica Brady. La ganadora del Globo de Oro\u00ae tom\u00f3 un rol sumamente desafiante. \u201cEs una mujer que dice lo que piensa sin rodeos\u201d, adelant\u00f3 Rick Eid sobre el personaje que generar\u00e1 momentos de desconcierto en el equipo. \u201cMuchas veces se ubica en el rol de detective cuando en realidad deber\u00eda ser teniente y eso es complejo, especialmente cuando tiene que interrogar sospechosos\u201d, a\u00f1adi\u00f3 el productor.<\/p>\n<p>Ryan Eggold (The Blacklist, New Amsterdam) llega a La Ley y el Orden con el rol de Matt Riley, el hermano del incansable detective Vincent Riley (Reid Scott), quien aparecer\u00e1 s\u00fabitamente y cambiar\u00e1 por completo la vida profesional del equipo con el que Vincent trabaja. El motivo por el que Matt estar\u00e1 en el ojo de la tormenta es su presunto v\u00ednculo con el sospechoso de un asesinato. Por lo tanto, en esta temporada Matt se llevar\u00e1 toda la atenci\u00f3n del espectador cuando haga su debut en la serie en el cap\u00edtulo titulado \u201cBig Brother\u201d.<\/p>\n<p><strong>LA LEY Y EL ORDEN: UNIDAD DE V\u00cdCTIMAS ESPECIALES (TEMPORADA 26)<\/strong><\/p>\n<p>Con un arrollador protag\u00f3nico de la ganadora del Emmy\u00ae Mariska Hargitay como la comandante en jefe del departamento, la temeraria Olivia Benson, la producci\u00f3n televisiva que tiene su audiencia fiel por la manera en la que retrata situaciones impactantes con mucha humanidad vuelve con una temporada en la que se podr\u00e1 ver el regreso de grandes figuras que dejaron huella en la serie escrita por David Graziano (Cobra Kai) y Julie Martin (Law &amp; Order: Criminal Intent).<\/p>\n<p><strong>3 RAZONES PARA NO PERDERSE LA NUEVA TEMPORADA DE\u00a0LA LEY Y EL ORDEN: UNIDAD DE V\u00cdCTIMAS ESPECIALES<\/strong><\/p>\n<p>Regresos imperdibles de personajes favoritos de los fans y un director que brilla. En esta nueva entrega, tanto el Sargento Odafin \u201cFin\u201d Tutuola (interpretado por Ice-T) como la Sargento Amanda Rollins (Kelli Giddish) vuelven al departamento para aportar sus conocimientos ante una sucesi\u00f3n de casos aberrantes que conmueven al equipo. Asimismo, el Detective Joe Velasco (Octavio Pisano) y la Capitana Renee Curry (Aime Donna Kelly) tambi\u00e9n se sumar\u00e1n a los nuevos cap\u00edtulos. Por otro lado, la nueva temporada cuenta con la direcci\u00f3n especial del argentino ganador del Oscar\u00ae, Juan Jos\u00e9 Campanella, realizador que brillar\u00e1 en episodios clave de la serie.<\/p>\n<p>Un ataque espeluznante, el puntapi\u00e9 de la nueva temporada. En \u201cFractured\u201d, el primer episodio de la temporada 26, Olivia Benson y su equipo investigan sin respiro un violento ataque a un grupo de estudiantes de derecho. Una c\u00e1mara secreta les brinda respuestas en un cap\u00edtulo de acci\u00f3n incesante y con un caso plagado de inesperadas ramificaciones.<\/p>\n<p>\u201cUna temporada sin precedentes\u201d. De esa forma describi\u00f3 Mariska Hargitay este anticipado regreso. \u201cEstamos haciendo una serie \u00fanica que refleja a la sociedad. Mi personaje, Olivia, es una mujer feminista que se convierte en l\u00edder y que intenta equilibrar todos los aspectos de su vida y eso tambi\u00e9n vamos a mostrarlo\u201d, revel\u00f3 la actriz.<\/p>\n<p><strong>LA LEY Y EL ORDEN: CRIMEN ORGANIZADO (TEMPORADAS 1 Y 2)<\/strong><\/p>\n<p>El famoso detective de la polic\u00eda de Nueva York, Elliot Stabler, interpretado magistralmente por el actor Christopher Meloni (Man of Steel, Veep) est\u00e1 de regreso en la s\u00e9ptima ficci\u00f3n que se desprende del universo de La Ley y el Orden.<\/p>\n<p>Las dos primeras temporadas de esta atrapante producci\u00f3n llegan el 17 de enero a Universal+ en formato binge-watch, y ponen el foco en c\u00f3mo Stabler regresa a la polic\u00eda de Nueva York para lidiar con las organizaciones criminales m\u00e1s poderosas (y peligrosas) de la ciudad despu\u00e9s de atravesar una p\u00e9rdida personal que implic\u00f3 una reconstrucci\u00f3n total en su vida.<\/p>\n<p>La transformaci\u00f3n del querido personaje es uno de los puntos m\u00e1s interesantes de esta ficci\u00f3n desarrollada por Warren Leight (In Treatment) y Julie Martin (Law &amp; Order: Criminal Intent) y que cuenta en su elenco con grandes actores como Tamara Taylor (Dawson\u2019s Creek, Bones) en el rol de la profesora Angela Wheatley; Ainsley Seiger (La Ley y el Orden: UVE) como la detective Jet Slootmaekers; Dylan McDermott, protagonista de FBI: Most Wanted, en el personaje del jefe de la mafia Richard Wheatley; y Ben Chase (The Thing About Pam) como el detective Grade Freddie Washburn.<\/p>\n<div style=\"padding-bottom:20px; padding-top:10px;\" class=\"hupso-share-buttons\"><!-- Hupso Share Buttons - https:\/\/www.hupso.com\/share\/ --><a class=\"hupso_counters\" href=\"https:\/\/www.hupso.com\/share\/\"><img decoding=\"async\" src=\"http:\/\/static.hupso.com\/share\/buttons\/lang\/es\/share-small.png\" style=\"border:0px; padding-top:2px; float:left;\" alt=\"Share Button\"\/><\/a><script type=\"text\/javascript\">var hupso_services_c=new Array(\"twitter\",\"facebook_like\",\"google\");var hupso_counters_lang = \"es_LA\";var hupso_image_folder_url = \"\";var hupso_twitter_via=\"crsyvrs\";var hupso_url_c=\"\";<\/script><script type=\"text\/javascript\" src=\"http:\/\/static.hupso.com\/share\/js\/counters.js\"><\/script><!-- Hupso Share Buttons --><\/div> ","protected":false},"excerpt":{"rendered":"<div style=\"padding-bottom:20px; padding-top:10px;\" class=\"hupso-share-buttons\"><!-- Hupso Share Buttons - https:\/\/www.hupso.com\/share\/ --><a class=\"hupso_counters\" href=\"https:\/\/www.hupso.com\/share\/\"><img src=\"http:\/\/static.hupso.com\/share\/buttons\/lang\/es\/share-small.png\" style=\"border:0px; padding-top:2px; float:left;\" alt=\"Share Button\"\/><\/a><script type=\"text\/javascript\">var hupso_services_c=new Array(\"twitter\",\"facebook_like\",\"google\");var hupso_counters_lang = \"es_LA\";var hupso_image_folder_url = \"\";var hupso_twitter_via=\"crsyvrs\";var hupso_url_c=\"\";<\/script><script type=\"text\/javascript\" src=\"http:\/\/static.hupso.com\/share\/js\/counters.js\"><\/script><!-- Hupso Share Buttons --><\/div><p>De esta manera y con estos estrenos, la plataforma se confirma como \u201cla casa del universo Wolf\u201d. Universal+ anuncia el estreno exclusivo en Latinoam\u00e9rica el 15 de enero de las nuevas temporadas de La Ley y el Orden: Unidad&#46;&#46;&#46;<\/p>\n<div style=\"padding-bottom:20px; padding-top:10px;\" class=\"hupso-share-buttons\"><!-- Hupso Share Buttons - https:\/\/www.hupso.com\/share\/ --><a class=\"hupso_counters\" href=\"https:\/\/www.hupso.com\/share\/\"><img src=\"http:\/\/static.hupso.com\/share\/buttons\/lang\/es\/share-small.png\" style=\"border:0px; padding-top:2px; float:left;\" alt=\"Share Button\"\/><\/a><script type=\"text\/javascript\">var hupso_services_c=new Array(\"twitter\",\"facebook_like\",\"google\");var hupso_counters_lang = \"es_LA\";var hupso_image_folder_url = \"\";var hupso_twitter_via=\"crsyvrs\";var hupso_url_c=\"\";<\/script><script type=\"text\/javascript\" src=\"http:\/\/static.hupso.com\/share\/js\/counters.js\"><\/script><!-- Hupso Share Buttons --><\/div>","protected":false},"author":5,"featured_media":39527,"comment_status":"closed","ping_status":"closed","sticky":false,"template":"","format":"standard","meta":{"footnotes":""},"categories":[6],"tags":[],"class_list":["post-39526","post","type-post","status-publish","format-standard","has-post-thumbnail","hentry","category-radio-y-tv"],"_links":{"self":[{"href":"http:\/\/cronicasyversiones.com\/index.php?rest_route=\/wp\/v2\/posts\/39526","targetHints":{"allow":["GET"]}}],"collection":[{"href":"http:\/\/cronicasyversiones.com\/index.php?rest_route=\/wp\/v2\/posts"}],"about":[{"href":"http:\/\/cronicasyversiones.com\/index.php?rest_route=\/wp\/v2\/types\/post"}],"author":[{"embeddable":true,"href":"http:\/\/cronicasyversiones.com\/index.php?rest_route=\/wp\/v2\/users\/5"}],"replies":[{"embeddable":true,"href":"http:\/\/cronicasyversiones.com\/index.php?rest_route=%2Fwp%2Fv2%2Fcomments&post=39526"}],"version-history":[{"count":1,"href":"http:\/\/cronicasyversiones.com\/index.php?rest_route=\/wp\/v2\/posts\/39526\/revisions"}],"predecessor-version":[{"id":39528,"href":"http:\/\/cronicasyversiones.com\/index.php?rest_route=\/wp\/v2\/posts\/39526\/revisions\/39528"}],"wp:featuredmedia":[{"embeddable":true,"href":"http:\/\/cronicasyversiones.com\/index.php?rest_route=\/wp\/v2\/media\/39527"}],"wp:attachment":[{"href":"http:\/\/cronicasyversiones.com\/index.php?rest_route=%2Fwp%2Fv2%2Fmedia&parent=39526"}],"wp:term":[{"taxonomy":"category","embeddable":true,"href":"http:\/\/cronicasyversiones.com\/index.php?rest_route=%2Fwp%2Fv2%2Fcategories&post=39526"},{"taxonomy":"post_tag","embeddable":true,"href":"http:\/\/cronicasyversiones.com\/index.php?rest_route=%2Fwp%2Fv2%2Ftags&post=39526"}],"curies":[{"name":"wp","href":"https:\/\/api.w.org\/{rel}","templated":true}]}}