{"id":39821,"date":"2025-03-31T12:16:17","date_gmt":"2025-03-31T15:16:17","guid":{"rendered":"http:\/\/cronicasyversiones.com\/?p=39821"},"modified":"2025-03-31T12:16:17","modified_gmt":"2025-03-31T15:16:17","slug":"presentaron-el-trailer-de-el-eternauta-con-ricardo-darin","status":"publish","type":"post","link":"http:\/\/cronicasyversiones.com\/?p=39821","title":{"rendered":"Presentaron el tr\u00e1iler de \u00abEl Eternauta\u00bb, con Ricardo Dar\u00edn"},"content":{"rendered":"<div style=\"padding-bottom:20px; padding-top:10px;\" class=\"hupso-share-buttons\"><!-- Hupso Share Buttons - https:\/\/www.hupso.com\/share\/ --><a class=\"hupso_counters\" href=\"https:\/\/www.hupso.com\/share\/\"><img decoding=\"async\" src=\"http:\/\/static.hupso.com\/share\/buttons\/lang\/es\/share-small.png\" style=\"border:0px; padding-top:2px; float:left;\" alt=\"Share Button\"\/><\/a><script type=\"text\/javascript\">var hupso_services_c=new Array(\"twitter\",\"facebook_like\",\"google\");var hupso_counters_lang = \"es_LA\";var hupso_image_folder_url = \"\";var hupso_twitter_via=\"crsyvrs\";var hupso_url_c=\"\";<\/script><script type=\"text\/javascript\" src=\"http:\/\/static.hupso.com\/share\/js\/counters.js\"><\/script><!-- Hupso Share Buttons --><\/div><h2>La serie est\u00e1 basada en la popular novela gr\u00e1fica argentina de H\u00e9ctor G. Oesterheld y Francisco Solano L\u00f3pez.<\/h2>\n<p><img decoding=\"async\" class=\"aligncenter\" src=\"https:\/\/pbs.twimg.com\/card_img\/1906725154568187904\/hJrCSFvs?format=jpg&amp;name=small\" \/><\/p>\n<p><strong>Netflix<\/strong> present\u00f3 el tr\u00e1iler oficial de<em><strong> \u00abEl Eternauta\u00bb,<\/strong><\/em> la serie que protagoniza <strong>Ricardo Dar\u00edn<\/strong> y que estar\u00e1 disponible a partir del pr\u00f3ximo 30 de abril.<\/p>\n<p><em><strong>\u201cEl Eternauta\u201d,<\/strong> <\/em>la serie basada en la popular novela gr\u00e1fica argentina de H\u00e9ctor G. Oesterheld y Francisco Solano L\u00f3pez, fue creada y dirigida por Bruno Stagnaro y protagonizada por Ricardo Dar\u00edn.<\/p>\n<p>Se trata de una adaptaci\u00f3n de una historieta argentina seriada de ciencia ficci\u00f3n creada por el guionista H\u00e9ctor Germ\u00e1n Oesterheld y el dibujante Francisco Solano L\u00f3pez.<\/p>\n<p><iframe loading=\"lazy\" title=\"YouTube video player\" src=\"https:\/\/www.youtube.com\/embed\/ykLTd5aTa88?si=yQ4FCy42Bg4V1hKm\" width=\"560\" height=\"315\" frameborder=\"0\" allowfullscreen=\"allowfullscreen\"><\/iframe><\/p>\n<p>El elenco lo completan<strong> Carla Peterson, C\u00e9sar Troncoso, Andrea Pietra, Ariel Staltari, Marcelo Subiotto, Claudio Mart\u00ednez Bel, Orianna C\u00e1rdenas, Mora Fisz.<\/strong><\/p>\n<p>\u201cTras una nevada mortal, Juan Salvo y un grupo de sobrevivientes luchan contra una amenaza alien\u00edgena\u201d, cuenta la trama de la producci\u00f3n.<\/p>\n<p>En el tr\u00e1iler se puede ver la nevada mortal y la lucha del personaje de Dar\u00edn por sobrevivir y por entender qu\u00e9 es lo que estaba ocurriendo en el mundo.<\/p>\n<div style=\"padding-bottom:20px; padding-top:10px;\" class=\"hupso-share-buttons\"><!-- Hupso Share Buttons - https:\/\/www.hupso.com\/share\/ --><a class=\"hupso_counters\" href=\"https:\/\/www.hupso.com\/share\/\"><img decoding=\"async\" src=\"http:\/\/static.hupso.com\/share\/buttons\/lang\/es\/share-small.png\" style=\"border:0px; padding-top:2px; float:left;\" alt=\"Share Button\"\/><\/a><script type=\"text\/javascript\">var hupso_services_c=new Array(\"twitter\",\"facebook_like\",\"google\");var hupso_counters_lang = \"es_LA\";var hupso_image_folder_url = \"\";var hupso_twitter_via=\"crsyvrs\";var hupso_url_c=\"\";<\/script><script type=\"text\/javascript\" src=\"http:\/\/static.hupso.com\/share\/js\/counters.js\"><\/script><!-- Hupso Share Buttons --><\/div> ","protected":false},"excerpt":{"rendered":"<div style=\"padding-bottom:20px; padding-top:10px;\" class=\"hupso-share-buttons\"><!-- Hupso Share Buttons - https:\/\/www.hupso.com\/share\/ --><a class=\"hupso_counters\" href=\"https:\/\/www.hupso.com\/share\/\"><img src=\"http:\/\/static.hupso.com\/share\/buttons\/lang\/es\/share-small.png\" style=\"border:0px; padding-top:2px; float:left;\" alt=\"Share Button\"\/><\/a><script type=\"text\/javascript\">var hupso_services_c=new Array(\"twitter\",\"facebook_like\",\"google\");var hupso_counters_lang = \"es_LA\";var hupso_image_folder_url = \"\";var hupso_twitter_via=\"crsyvrs\";var hupso_url_c=\"\";<\/script><script type=\"text\/javascript\" src=\"http:\/\/static.hupso.com\/share\/js\/counters.js\"><\/script><!-- Hupso Share Buttons --><\/div><p>La serie est\u00e1 basada en la popular novela gr\u00e1fica argentina de H\u00e9ctor G. Oesterheld y Francisco Solano L\u00f3pez. Netflix present\u00f3 el tr\u00e1iler oficial de \u00abEl Eternauta\u00bb, la serie que protagoniza Ricardo Dar\u00edn y que estar\u00e1 disponible a partir del&#46;&#46;&#46;<\/p>\n<div style=\"padding-bottom:20px; padding-top:10px;\" class=\"hupso-share-buttons\"><!-- Hupso Share Buttons - https:\/\/www.hupso.com\/share\/ --><a class=\"hupso_counters\" href=\"https:\/\/www.hupso.com\/share\/\"><img src=\"http:\/\/static.hupso.com\/share\/buttons\/lang\/es\/share-small.png\" style=\"border:0px; padding-top:2px; float:left;\" alt=\"Share Button\"\/><\/a><script type=\"text\/javascript\">var hupso_services_c=new Array(\"twitter\",\"facebook_like\",\"google\");var hupso_counters_lang = \"es_LA\";var hupso_image_folder_url = \"\";var hupso_twitter_via=\"crsyvrs\";var hupso_url_c=\"\";<\/script><script type=\"text\/javascript\" src=\"http:\/\/static.hupso.com\/share\/js\/counters.js\"><\/script><!-- Hupso Share Buttons --><\/div>","protected":false},"author":5,"featured_media":39822,"comment_status":"closed","ping_status":"closed","sticky":false,"template":"","format":"standard","meta":{"footnotes":""},"categories":[6],"tags":[],"class_list":["post-39821","post","type-post","status-publish","format-standard","has-post-thumbnail","hentry","category-radio-y-tv"],"_links":{"self":[{"href":"http:\/\/cronicasyversiones.com\/index.php?rest_route=\/wp\/v2\/posts\/39821","targetHints":{"allow":["GET"]}}],"collection":[{"href":"http:\/\/cronicasyversiones.com\/index.php?rest_route=\/wp\/v2\/posts"}],"about":[{"href":"http:\/\/cronicasyversiones.com\/index.php?rest_route=\/wp\/v2\/types\/post"}],"author":[{"embeddable":true,"href":"http:\/\/cronicasyversiones.com\/index.php?rest_route=\/wp\/v2\/users\/5"}],"replies":[{"embeddable":true,"href":"http:\/\/cronicasyversiones.com\/index.php?rest_route=%2Fwp%2Fv2%2Fcomments&post=39821"}],"version-history":[{"count":1,"href":"http:\/\/cronicasyversiones.com\/index.php?rest_route=\/wp\/v2\/posts\/39821\/revisions"}],"predecessor-version":[{"id":39823,"href":"http:\/\/cronicasyversiones.com\/index.php?rest_route=\/wp\/v2\/posts\/39821\/revisions\/39823"}],"wp:featuredmedia":[{"embeddable":true,"href":"http:\/\/cronicasyversiones.com\/index.php?rest_route=\/wp\/v2\/media\/39822"}],"wp:attachment":[{"href":"http:\/\/cronicasyversiones.com\/index.php?rest_route=%2Fwp%2Fv2%2Fmedia&parent=39821"}],"wp:term":[{"taxonomy":"category","embeddable":true,"href":"http:\/\/cronicasyversiones.com\/index.php?rest_route=%2Fwp%2Fv2%2Fcategories&post=39821"},{"taxonomy":"post_tag","embeddable":true,"href":"http:\/\/cronicasyversiones.com\/index.php?rest_route=%2Fwp%2Fv2%2Ftags&post=39821"}],"curies":[{"name":"wp","href":"https:\/\/api.w.org\/{rel}","templated":true}]}}