{"id":40008,"date":"2025-05-16T11:33:42","date_gmt":"2025-05-16T14:33:42","guid":{"rendered":"http:\/\/cronicasyversiones.com\/?p=40008"},"modified":"2025-05-16T14:09:46","modified_gmt":"2025-05-16T17:09:46","slug":"jose-perez-vargas-presenta-su-disco-doble-alienacion","status":"publish","type":"post","link":"http:\/\/cronicasyversiones.com\/?p=40008","title":{"rendered":"Jos\u00e9 P\u00e9rez Vargas presenta su disco doble \u00abAlienaci\u00f3n\u00bb"},"content":{"rendered":"<div style=\"padding-bottom:20px; padding-top:10px;\" class=\"hupso-share-buttons\"><!-- Hupso Share Buttons - https:\/\/www.hupso.com\/share\/ --><a class=\"hupso_counters\" href=\"https:\/\/www.hupso.com\/share\/\"><img decoding=\"async\" src=\"http:\/\/static.hupso.com\/share\/buttons\/lang\/es\/share-small.png\" style=\"border:0px; padding-top:2px; float:left;\" alt=\"Share Button\"\/><\/a><script type=\"text\/javascript\">var hupso_services_c=new Array(\"twitter\",\"facebook_like\",\"google\");var hupso_counters_lang = \"es_LA\";var hupso_image_folder_url = \"\";var hupso_twitter_via=\"crsyvrs\";var hupso_url_c=\"\";<\/script><script type=\"text\/javascript\" src=\"http:\/\/static.hupso.com\/share\/js\/counters.js\"><\/script><!-- Hupso Share Buttons --><\/div><h2>El bajista y contrabajista chileno radicado en Buenos Aires presenta un \u00e1lbum que tiene una versi\u00f3n el\u00e9ctrica y otra ac\u00fastica.<\/h2>\n<p><img loading=\"lazy\" decoding=\"async\" class=\"size-medium wp-image-40009 aligncenter\" src=\"http:\/\/cronicasyversiones.com\/wp-content\/uploads\/2025\/05\/descarga-1-1-300x168.png\" alt=\"\" width=\"300\" height=\"168\" srcset=\"http:\/\/cronicasyversiones.com\/wp-content\/uploads\/2025\/05\/descarga-1-1-300x168.png 300w, http:\/\/cronicasyversiones.com\/wp-content\/uploads\/2025\/05\/descarga-1-1-520x292.png 520w, http:\/\/cronicasyversiones.com\/wp-content\/uploads\/2025\/05\/descarga-1-1-720x404.png 720w, http:\/\/cronicasyversiones.com\/wp-content\/uploads\/2025\/05\/descarga-1-1.png 736w\" sizes=\"auto, (max-width: 300px) 100vw, 300px\" \/><\/p>\n<p><strong>Jos\u00e9 P\u00e9rez Vargas<\/strong>, el notable bajista y contrabajista chileno radicado en Buenos Aires, presenta <em><strong>\u201cAlienaci\u00f3n\u201d<\/strong><\/em>, su segundo disco.<\/p>\n<p>Un \u00e1lbum doble donde interpreta versiones ac\u00fasticas y el\u00e9ctricas de composiciones propias junto a grandes m\u00fasicos locales, como <strong>Carlos Michelini, Mat\u00edas Formica, Lucio Balduini, Tom\u00e1s Aracri, Tob\u00edas Brukman, Mayra D\u00f3mine, Ren\u00e9 Gatica y Paula Guill\u00e9n.<\/strong><\/p>\n<p><iframe loading=\"lazy\" title=\"YouTube video player\" src=\"https:\/\/www.youtube.com\/embed\/Roj72dO8tUM?si=2pdL2tk3GV7lZwph\" width=\"560\" height=\"315\" frameborder=\"0\" allowfullscreen=\"allowfullscreen\"><\/iframe><\/p>\n<p>\u201cAlienaci\u00f3n\u201d es una obra compositiva profunda y arriesgada que transforma momentos vitales y circunstancias significativas en un paisaje musical rico y cambiante, adentr\u00e1ndose en un terreno vivo y org\u00e1nico, donde el comp\u00e1s, la melod\u00eda y la armon\u00eda dialogan con total libertad.<\/p>\n<p>El disco tiene una versi\u00f3n el\u00e9ctrica y otra ac\u00fastica, donde Jos\u00e9 interpreta las mismas composiciones en bajo el\u00e9ctrico y contrabajo, respectivamente.<\/p>\n<p>Seg\u00fan el artista, el \u00e1lbum no es s\u00f3lo una exploraci\u00f3n musical: tambi\u00e9n es una reflexi\u00f3n profunda sobre la desconexi\u00f3n emocional, social y art\u00edstica de nuestro tiempo. A trav\u00e9s de su m\u00fasica, Jos\u00e9 P\u00e9rez\u00a0Vargas denuncia una sociedad dominada por el consumo, la industria, las guerras y las heridas emocionales familiares. Pero tambi\u00e9n plantea una v\u00eda de salida: la conciencia, el di\u00e1logo y las relaciones aut\u00e9nticas.<\/p>\n<p>Este \u00e1lbum es una propuesta valiente, honesta e innovadora que invita a escuchar desde la sensibilidad, pero tambi\u00e9n desde el an\u00e1lisis. Un trabajo que no solo suena, sino que hace pensar y sentir.<\/p>\n<p><iframe loading=\"lazy\" title=\"YouTube video player\" src=\"https:\/\/www.youtube.com\/embed\/iUFW4Le5rvc?si=QMfpYP5p8THM7JlG\" width=\"560\" height=\"315\" frameborder=\"0\" allowfullscreen=\"allowfullscreen\"><\/iframe><\/p>\n<div data-olk-copy-source=\"MessageBody\"><strong>Jos\u00e9 P\u00e9rez Vargas<\/strong> es un bajista, contrabajista y compositor chileno, nacido en Peralillo y\u00a0residente en Buenos\u00a0 Aires, Argentina desde 2004. Su trayectoria musical est\u00e1 marcada por una fuerte influencia del jazz en todas sus vertientes, desde lo m\u00e1s tradicional hasta lo m\u00e1s moderno, as\u00ed como del rock progresivo de los a\u00f1os setenta y las \u00faltimas composiciones de Violeta Parra.<\/div>\n<div><\/div>\n<div>Siempre en constante b\u00fasqueda de nuevas conexiones y sonidos, Jos\u00e9 P\u00e9rez Vargas ha tocado y<br \/>\ngrabado con m\u00fasicos de distintos pa\u00edses, consolid\u00e1ndose como un artista vers\u00e1til y comprometido con<br \/>\nla exploraci\u00f3n musical.<\/div>\n<div style=\"padding-bottom:20px; padding-top:10px;\" class=\"hupso-share-buttons\"><!-- Hupso Share Buttons - https:\/\/www.hupso.com\/share\/ --><a class=\"hupso_counters\" href=\"https:\/\/www.hupso.com\/share\/\"><img decoding=\"async\" src=\"http:\/\/static.hupso.com\/share\/buttons\/lang\/es\/share-small.png\" style=\"border:0px; padding-top:2px; float:left;\" alt=\"Share Button\"\/><\/a><script type=\"text\/javascript\">var hupso_services_c=new Array(\"twitter\",\"facebook_like\",\"google\");var hupso_counters_lang = \"es_LA\";var hupso_image_folder_url = \"\";var hupso_twitter_via=\"crsyvrs\";var hupso_url_c=\"\";<\/script><script type=\"text\/javascript\" src=\"http:\/\/static.hupso.com\/share\/js\/counters.js\"><\/script><!-- Hupso Share Buttons --><\/div> ","protected":false},"excerpt":{"rendered":"<div style=\"padding-bottom:20px; padding-top:10px;\" class=\"hupso-share-buttons\"><!-- Hupso Share Buttons - https:\/\/www.hupso.com\/share\/ --><a class=\"hupso_counters\" href=\"https:\/\/www.hupso.com\/share\/\"><img src=\"http:\/\/static.hupso.com\/share\/buttons\/lang\/es\/share-small.png\" style=\"border:0px; padding-top:2px; float:left;\" alt=\"Share Button\"\/><\/a><script type=\"text\/javascript\">var hupso_services_c=new Array(\"twitter\",\"facebook_like\",\"google\");var hupso_counters_lang = \"es_LA\";var hupso_image_folder_url = \"\";var hupso_twitter_via=\"crsyvrs\";var hupso_url_c=\"\";<\/script><script type=\"text\/javascript\" src=\"http:\/\/static.hupso.com\/share\/js\/counters.js\"><\/script><!-- Hupso Share Buttons --><\/div><p>El bajista y contrabajista chileno radicado en Buenos Aires presenta un \u00e1lbum que tiene una versi\u00f3n el\u00e9ctrica y otra ac\u00fastica. Jos\u00e9 P\u00e9rez Vargas, el notable bajista y contrabajista chileno radicado en Buenos Aires, presenta \u201cAlienaci\u00f3n\u201d, su segundo disco. Un&#46;&#46;&#46;<\/p>\n<div style=\"padding-bottom:20px; padding-top:10px;\" class=\"hupso-share-buttons\"><!-- Hupso Share Buttons - https:\/\/www.hupso.com\/share\/ --><a class=\"hupso_counters\" href=\"https:\/\/www.hupso.com\/share\/\"><img src=\"http:\/\/static.hupso.com\/share\/buttons\/lang\/es\/share-small.png\" style=\"border:0px; padding-top:2px; float:left;\" alt=\"Share Button\"\/><\/a><script type=\"text\/javascript\">var hupso_services_c=new Array(\"twitter\",\"facebook_like\",\"google\");var hupso_counters_lang = \"es_LA\";var hupso_image_folder_url = \"\";var hupso_twitter_via=\"crsyvrs\";var hupso_url_c=\"\";<\/script><script type=\"text\/javascript\" src=\"http:\/\/static.hupso.com\/share\/js\/counters.js\"><\/script><!-- Hupso Share Buttons --><\/div>","protected":false},"author":5,"featured_media":40009,"comment_status":"closed","ping_status":"closed","sticky":false,"template":"","format":"standard","meta":{"footnotes":""},"categories":[3],"tags":[],"class_list":["post-40008","post","type-post","status-publish","format-standard","has-post-thumbnail","hentry","category-musica"],"_links":{"self":[{"href":"http:\/\/cronicasyversiones.com\/index.php?rest_route=\/wp\/v2\/posts\/40008","targetHints":{"allow":["GET"]}}],"collection":[{"href":"http:\/\/cronicasyversiones.com\/index.php?rest_route=\/wp\/v2\/posts"}],"about":[{"href":"http:\/\/cronicasyversiones.com\/index.php?rest_route=\/wp\/v2\/types\/post"}],"author":[{"embeddable":true,"href":"http:\/\/cronicasyversiones.com\/index.php?rest_route=\/wp\/v2\/users\/5"}],"replies":[{"embeddable":true,"href":"http:\/\/cronicasyversiones.com\/index.php?rest_route=%2Fwp%2Fv2%2Fcomments&post=40008"}],"version-history":[{"count":2,"href":"http:\/\/cronicasyversiones.com\/index.php?rest_route=\/wp\/v2\/posts\/40008\/revisions"}],"predecessor-version":[{"id":40012,"href":"http:\/\/cronicasyversiones.com\/index.php?rest_route=\/wp\/v2\/posts\/40008\/revisions\/40012"}],"wp:featuredmedia":[{"embeddable":true,"href":"http:\/\/cronicasyversiones.com\/index.php?rest_route=\/wp\/v2\/media\/40009"}],"wp:attachment":[{"href":"http:\/\/cronicasyversiones.com\/index.php?rest_route=%2Fwp%2Fv2%2Fmedia&parent=40008"}],"wp:term":[{"taxonomy":"category","embeddable":true,"href":"http:\/\/cronicasyversiones.com\/index.php?rest_route=%2Fwp%2Fv2%2Fcategories&post=40008"},{"taxonomy":"post_tag","embeddable":true,"href":"http:\/\/cronicasyversiones.com\/index.php?rest_route=%2Fwp%2Fv2%2Ftags&post=40008"}],"curies":[{"name":"wp","href":"https:\/\/api.w.org\/{rel}","templated":true}]}}