{"id":40148,"date":"2025-06-18T12:23:17","date_gmt":"2025-06-18T15:23:17","guid":{"rendered":"http:\/\/cronicasyversiones.com\/?p=40148"},"modified":"2025-06-18T12:28:29","modified_gmt":"2025-06-18T15:28:29","slug":"el-chelista-rafael-delgado-se-presenta-junto-a-su-sexteto","status":"publish","type":"post","link":"http:\/\/cronicasyversiones.com\/?p=40148","title":{"rendered":"El chelista Rafael Delgado se presenta junto a su sexteto"},"content":{"rendered":"<div style=\"padding-bottom:20px; padding-top:10px;\" class=\"hupso-share-buttons\"><!-- Hupso Share Buttons - https:\/\/www.hupso.com\/share\/ --><a class=\"hupso_counters\" href=\"https:\/\/www.hupso.com\/share\/\"><img decoding=\"async\" src=\"http:\/\/static.hupso.com\/share\/buttons\/lang\/es\/share-small.png\" style=\"border:0px; padding-top:2px; float:left;\" alt=\"Share Button\"\/><\/a><script type=\"text\/javascript\">var hupso_services_c=new Array(\"twitter\",\"facebook_like\",\"google\");var hupso_counters_lang = \"es_LA\";var hupso_image_folder_url = \"\";var hupso_twitter_via=\"crsyvrs\";var hupso_url_c=\"\";<\/script><script type=\"text\/javascript\" src=\"http:\/\/static.hupso.com\/share\/js\/counters.js\"><\/script><!-- Hupso Share Buttons --><\/div><h2>La agrupaci\u00f3n que lidera el artista propone un recorrido migrante por la m\u00fasica del continente.<\/h2>\n<p><img loading=\"lazy\" decoding=\"async\" class=\"size-medium wp-image-40149 aligncenter\" src=\"http:\/\/cronicasyversiones.com\/wp-content\/uploads\/2025\/06\/descarga-2-241x300.png\" alt=\"\" width=\"241\" height=\"300\" srcset=\"http:\/\/cronicasyversiones.com\/wp-content\/uploads\/2025\/06\/descarga-2-241x300.png 241w, http:\/\/cronicasyversiones.com\/wp-content\/uploads\/2025\/06\/descarga-2.png 668w\" sizes=\"auto, (max-width: 241px) 100vw, 241px\" \/><\/p>\n<p><strong>Rafael Delgado Sexteto,<\/strong> la agrupaci\u00f3n encabezada por el chelista propone un recorrido migrante por la m\u00fasica del continente, sale a escena en Buenos Aires dando inicio a la gira por Argentina , Colombia y Per\u00fa.\u00a0La cita ser\u00e1 el viernes 20 de junio a las 21 en<strong> Hasta Trilce,<\/strong> Maza 177. Entradas por Alternativa.<\/p>\n<p>Liderado por el violonchelista argentino-peruano, a agrupaci\u00f3n Rafael Delgado Sexteto ha sido reconocida por su exploraci\u00f3n y difusi\u00f3n de la m\u00fasica popular latinoamericana contempor\u00e1nea, y por tener al violonchelo de cinco cuerdas como actor principal.<\/p>\n<p><iframe loading=\"lazy\" title=\"YouTube video player\" src=\"https:\/\/www.youtube.com\/embed\/SM600D2tOBw?si=jzHdjYYfnUbA4sbg\" width=\"560\" height=\"315\" frameborder=\"0\" allowfullscreen=\"allowfullscreen\"><\/iframe><\/p>\n<p>En este concierto, el grupo propone un recorrido migrante por la m\u00fasica del continente con material de sus dos \u00faltimos discos \u00abChelfie 1 TERRITORIOS\u00bb y \u00abChelfie 2 MIGRANTE\u00bb, as\u00ed como temas de su pr\u00f3xima producci\u00f3n.<\/p>\n<p>Este concierto dar\u00e1 inicio a una gira por Colombia y Per\u00fa a inicios de julio, que incluir\u00e1 presentaciones en el Teatro Mayor Julio Mario Santo Domingo de la ciudad de Bogot\u00e1 y el Teatro Municipal de Surco en Lima.<\/p>\n<p>Rafael Delgado Sexteto est\u00e1 integrado por<strong> Rafael Delgado (violonchelo de cinco cuerdas), Juan Pablo Di Leone (flauta traversa), Leandro Cacioni (guitarra), Mariano Agust\u00edn Fern\u00e1ndez (piano), Carolina Cajal (contrabajo) y Mario Gusso (percusi\u00f3n).<\/strong><\/p>\n<div style=\"padding-bottom:20px; padding-top:10px;\" class=\"hupso-share-buttons\"><!-- Hupso Share Buttons - https:\/\/www.hupso.com\/share\/ --><a class=\"hupso_counters\" href=\"https:\/\/www.hupso.com\/share\/\"><img decoding=\"async\" src=\"http:\/\/static.hupso.com\/share\/buttons\/lang\/es\/share-small.png\" style=\"border:0px; padding-top:2px; float:left;\" alt=\"Share Button\"\/><\/a><script type=\"text\/javascript\">var hupso_services_c=new Array(\"twitter\",\"facebook_like\",\"google\");var hupso_counters_lang = \"es_LA\";var hupso_image_folder_url = \"\";var hupso_twitter_via=\"crsyvrs\";var hupso_url_c=\"\";<\/script><script type=\"text\/javascript\" src=\"http:\/\/static.hupso.com\/share\/js\/counters.js\"><\/script><!-- Hupso Share Buttons --><\/div> ","protected":false},"excerpt":{"rendered":"<div style=\"padding-bottom:20px; padding-top:10px;\" class=\"hupso-share-buttons\"><!-- Hupso Share Buttons - https:\/\/www.hupso.com\/share\/ --><a class=\"hupso_counters\" href=\"https:\/\/www.hupso.com\/share\/\"><img src=\"http:\/\/static.hupso.com\/share\/buttons\/lang\/es\/share-small.png\" style=\"border:0px; padding-top:2px; float:left;\" alt=\"Share Button\"\/><\/a><script type=\"text\/javascript\">var hupso_services_c=new Array(\"twitter\",\"facebook_like\",\"google\");var hupso_counters_lang = \"es_LA\";var hupso_image_folder_url = \"\";var hupso_twitter_via=\"crsyvrs\";var hupso_url_c=\"\";<\/script><script type=\"text\/javascript\" src=\"http:\/\/static.hupso.com\/share\/js\/counters.js\"><\/script><!-- Hupso Share Buttons --><\/div><p>La agrupaci\u00f3n que lidera el artista propone un recorrido migrante por la m\u00fasica del continente. Rafael Delgado Sexteto, la agrupaci\u00f3n encabezada por el chelista propone un recorrido migrante por la m\u00fasica del continente, sale a escena en Buenos Aires&#46;&#46;&#46;<\/p>\n<div style=\"padding-bottom:20px; padding-top:10px;\" class=\"hupso-share-buttons\"><!-- Hupso Share Buttons - https:\/\/www.hupso.com\/share\/ --><a class=\"hupso_counters\" href=\"https:\/\/www.hupso.com\/share\/\"><img src=\"http:\/\/static.hupso.com\/share\/buttons\/lang\/es\/share-small.png\" style=\"border:0px; padding-top:2px; float:left;\" alt=\"Share Button\"\/><\/a><script type=\"text\/javascript\">var hupso_services_c=new Array(\"twitter\",\"facebook_like\",\"google\");var hupso_counters_lang = \"es_LA\";var hupso_image_folder_url = \"\";var hupso_twitter_via=\"crsyvrs\";var hupso_url_c=\"\";<\/script><script type=\"text\/javascript\" src=\"http:\/\/static.hupso.com\/share\/js\/counters.js\"><\/script><!-- Hupso Share Buttons --><\/div>","protected":false},"author":5,"featured_media":40165,"comment_status":"closed","ping_status":"closed","sticky":false,"template":"","format":"standard","meta":{"footnotes":""},"categories":[3],"tags":[],"class_list":["post-40148","post","type-post","status-publish","format-standard","has-post-thumbnail","hentry","category-musica"],"_links":{"self":[{"href":"http:\/\/cronicasyversiones.com\/index.php?rest_route=\/wp\/v2\/posts\/40148","targetHints":{"allow":["GET"]}}],"collection":[{"href":"http:\/\/cronicasyversiones.com\/index.php?rest_route=\/wp\/v2\/posts"}],"about":[{"href":"http:\/\/cronicasyversiones.com\/index.php?rest_route=\/wp\/v2\/types\/post"}],"author":[{"embeddable":true,"href":"http:\/\/cronicasyversiones.com\/index.php?rest_route=\/wp\/v2\/users\/5"}],"replies":[{"embeddable":true,"href":"http:\/\/cronicasyversiones.com\/index.php?rest_route=%2Fwp%2Fv2%2Fcomments&post=40148"}],"version-history":[{"count":1,"href":"http:\/\/cronicasyversiones.com\/index.php?rest_route=\/wp\/v2\/posts\/40148\/revisions"}],"predecessor-version":[{"id":40150,"href":"http:\/\/cronicasyversiones.com\/index.php?rest_route=\/wp\/v2\/posts\/40148\/revisions\/40150"}],"wp:featuredmedia":[{"embeddable":true,"href":"http:\/\/cronicasyversiones.com\/index.php?rest_route=\/wp\/v2\/media\/40165"}],"wp:attachment":[{"href":"http:\/\/cronicasyversiones.com\/index.php?rest_route=%2Fwp%2Fv2%2Fmedia&parent=40148"}],"wp:term":[{"taxonomy":"category","embeddable":true,"href":"http:\/\/cronicasyversiones.com\/index.php?rest_route=%2Fwp%2Fv2%2Fcategories&post=40148"},{"taxonomy":"post_tag","embeddable":true,"href":"http:\/\/cronicasyversiones.com\/index.php?rest_route=%2Fwp%2Fv2%2Ftags&post=40148"}],"curies":[{"name":"wp","href":"https:\/\/api.w.org\/{rel}","templated":true}]}}