{"id":40157,"date":"2025-06-17T11:35:03","date_gmt":"2025-06-17T14:35:03","guid":{"rendered":"http:\/\/cronicasyversiones.com\/?p=40157"},"modified":"2025-06-17T11:35:03","modified_gmt":"2025-06-17T14:35:03","slug":"perdi-la-cabra-presenta-arriba-las-mano-su-nuevo-disco","status":"publish","type":"post","link":"http:\/\/cronicasyversiones.com\/?p=40157","title":{"rendered":"Perd\u00ed la cabra presenta \u201cArriba Las Mano$\u201d, su nuevo disco"},"content":{"rendered":"<div style=\"padding-bottom:20px; padding-top:10px;\" class=\"hupso-share-buttons\"><!-- Hupso Share Buttons - https:\/\/www.hupso.com\/share\/ --><a class=\"hupso_counters\" href=\"https:\/\/www.hupso.com\/share\/\"><img decoding=\"async\" src=\"http:\/\/static.hupso.com\/share\/buttons\/lang\/es\/share-small.png\" style=\"border:0px; padding-top:2px; float:left;\" alt=\"Share Button\"\/><\/a><script type=\"text\/javascript\">var hupso_services_c=new Array(\"twitter\",\"facebook_like\",\"google\");var hupso_counters_lang = \"es_LA\";var hupso_image_folder_url = \"\";var hupso_twitter_via=\"crsyvrs\";var hupso_url_c=\"\";<\/script><script type=\"text\/javascript\" src=\"http:\/\/static.hupso.com\/share\/js\/counters.js\"><\/script><!-- Hupso Share Buttons --><\/div><h2>La banda, con un potente sonido de rock rioplatense, sale a escena en Niceto para mostrar su nuevo trabajo.<\/h2>\n<p><img loading=\"lazy\" decoding=\"async\" class=\"aligncenter\" src=\"https:\/\/86415.asset.goto-9.net\/storage\/picture\/590d159ed15947025928d754\/68276e788533c7cb3ed19ae5\/img\/682b44eb455b34e76c02f82f.png\" width=\"802\" height=\"802\" \/><\/p>\n<p>Desde el coraz\u00f3n de Chacarita, <strong>Perd\u00ed la cabra<\/strong> renueva la apuesta con<strong> \u201cArriba Las Mano$\u201d,<\/strong> su segundo gran \u00e1lbum de estudio que recoge la experiencia de 10 a\u00f1os en el rock argentino.<\/p>\n<p>Siguen conservando su esencia pero con marcado acento en el rock rioplatense: guitarras aguerridas, la furia de los tambores, el aire nost\u00e1lgico de Buenos Aires y sus letras que van desde la iron\u00eda, pasando por el amor y el desamor.<\/p>\n<p>La banda este 21 de junio estar\u00e1 adelantando lo que ser\u00e1 su segundo disco \u201c\u00a1Arriba Las Mano$! en Niceto &#8211; Humboldt 1358 &#8211; Palermo- 21hs. Presentando algunos adelantos, entre ellos su nuevo single \u201cLos a\u00f1os de un perro\u201d.<\/p>\n<blockquote><p>Sobre el tema comentan que \u201ces un rocanrol que relata la vida misma, y habla de los aprendizajes, del barrio, la calle, de los amigos y de la resiliencia que se va adquiriendo en el tiempo.\u201d<\/p><\/blockquote>\n<p><iframe loading=\"lazy\" title=\"YouTube video player\" src=\"https:\/\/www.youtube.com\/embed\/TRhHC5qr3go?si=EQCRDxFIHMz0MXKN\" width=\"560\" height=\"315\" frameborder=\"0\" allowfullscreen=\"allowfullscreen\"><\/iframe><\/p>\n<p>La banda la integran Fede Ferrari en guitarra y voz, Diego Rodrigues Silva en bajo y coros, Leandro Tesouro en guitarras, Marcelo Etchemendy en bater\u00eda, Mauro Loureyro en teclados, Mercedes Goldszer en coros y guitarra e Ignacio N\u00fa\u00f1ez en guitarra y percusi\u00f3n.<\/p>\n<p>En 2020 y en plena pandemia, la banda present\u00f3 su primer \u00e1lbum, \u00abLo crudo es lo real\u201d, producido por Sebasti\u00e1n Perkal y grabado junto a artistas invitados como de Cruzando el Charco, la Bomba de Tiempo, Dancing Mood y Nonpalidece.<\/p>\n<p>La leyenda cuenta que todo comenz\u00f3 con el flyer de una cabra perdida y al poco tiempo, eso se transform\u00f3 en un suceso. R\u00e1pidamente se viraliz\u00f3 por las redes sociales. Cuando apareci\u00f3 \u00abDe otros tiempos\u00bb, el primer tema de Perd\u00ed la Cabra, el juego mut\u00f3 y la gente comprendi\u00f3 que se trataba de algo mucho m\u00e1s importante.<\/p>\n<p>De a poco, la banda logr\u00f3 asentarse y emerger sobre la base de un rock rioplatense con letras que transitan el dolor de la vida cotidiana, el desamor, las met\u00e1foras barriales e incluso, el plano de las cr\u00edticas sociales. Trabajando un lenguaje directo, que invita a sumarse a la fiesta de la m\u00fasica.<\/p>\n<p>Su amplio repertorio los llev\u00f3 a tocar en vivo en diversos lugares emblem\u00e1ticos como \u00abPura Vida\u00bb en la Ciudad de La Plata hasta llegar al imponente \u00abTeatro de Flores\u00bb en la Ciudad de Buenos Aires.<\/p>\n<p>En 2022, con la pandemia atr\u00e1s, deciden volver al estudio para mostrar su nuevo material.\u00a0Ah\u00ed surge \u201c75\u201d, un rocanrol grabado en los estudios Camar\u00f3n Brujo y producido enteramente por Perd\u00ed la Cabra.<\/p>\n<p>\u201cCuentos para elefantes\u201d y \u201c75\u201d ser\u00e1n los singles que pr\u00f3ximamente ver\u00e1n la luz y formar\u00e1n parte del siguiente disco. En \u201cCuentos para elefantes\u201d participaron grandes cantores de murga uruguaya como Jes\u00fas Fern\u00e1ndez (Falta y Resto), Leo \u201cEl Oso\u201d G\u00f3mez (Agarrate Catalina) y Gabriel \u201cHuevo\u201d Carrique (La Gran Mu\u00f1eca) entre otros.<\/p>\n<div style=\"padding-bottom:20px; padding-top:10px;\" class=\"hupso-share-buttons\"><!-- Hupso Share Buttons - https:\/\/www.hupso.com\/share\/ --><a class=\"hupso_counters\" href=\"https:\/\/www.hupso.com\/share\/\"><img decoding=\"async\" src=\"http:\/\/static.hupso.com\/share\/buttons\/lang\/es\/share-small.png\" style=\"border:0px; padding-top:2px; float:left;\" alt=\"Share Button\"\/><\/a><script type=\"text\/javascript\">var hupso_services_c=new Array(\"twitter\",\"facebook_like\",\"google\");var hupso_counters_lang = \"es_LA\";var hupso_image_folder_url = \"\";var hupso_twitter_via=\"crsyvrs\";var hupso_url_c=\"\";<\/script><script type=\"text\/javascript\" src=\"http:\/\/static.hupso.com\/share\/js\/counters.js\"><\/script><!-- Hupso Share Buttons --><\/div> ","protected":false},"excerpt":{"rendered":"<div style=\"padding-bottom:20px; padding-top:10px;\" class=\"hupso-share-buttons\"><!-- Hupso Share Buttons - https:\/\/www.hupso.com\/share\/ --><a class=\"hupso_counters\" href=\"https:\/\/www.hupso.com\/share\/\"><img src=\"http:\/\/static.hupso.com\/share\/buttons\/lang\/es\/share-small.png\" style=\"border:0px; padding-top:2px; float:left;\" alt=\"Share Button\"\/><\/a><script type=\"text\/javascript\">var hupso_services_c=new Array(\"twitter\",\"facebook_like\",\"google\");var hupso_counters_lang = \"es_LA\";var hupso_image_folder_url = \"\";var hupso_twitter_via=\"crsyvrs\";var hupso_url_c=\"\";<\/script><script type=\"text\/javascript\" src=\"http:\/\/static.hupso.com\/share\/js\/counters.js\"><\/script><!-- Hupso Share Buttons --><\/div><p>La banda, con un potente sonido de rock rioplatense, sale a escena en Niceto para mostrar su nuevo trabajo. Desde el coraz\u00f3n de Chacarita, Perd\u00ed la cabra renueva la apuesta con \u201cArriba Las Mano$\u201d, su segundo gran \u00e1lbum de&#46;&#46;&#46;<\/p>\n<div style=\"padding-bottom:20px; padding-top:10px;\" class=\"hupso-share-buttons\"><!-- Hupso Share Buttons - https:\/\/www.hupso.com\/share\/ --><a class=\"hupso_counters\" href=\"https:\/\/www.hupso.com\/share\/\"><img src=\"http:\/\/static.hupso.com\/share\/buttons\/lang\/es\/share-small.png\" style=\"border:0px; padding-top:2px; float:left;\" alt=\"Share Button\"\/><\/a><script type=\"text\/javascript\">var hupso_services_c=new Array(\"twitter\",\"facebook_like\",\"google\");var hupso_counters_lang = \"es_LA\";var hupso_image_folder_url = \"\";var hupso_twitter_via=\"crsyvrs\";var hupso_url_c=\"\";<\/script><script type=\"text\/javascript\" src=\"http:\/\/static.hupso.com\/share\/js\/counters.js\"><\/script><!-- Hupso Share Buttons --><\/div>","protected":false},"author":5,"featured_media":40158,"comment_status":"closed","ping_status":"closed","sticky":false,"template":"","format":"standard","meta":{"footnotes":""},"categories":[3],"tags":[],"class_list":["post-40157","post","type-post","status-publish","format-standard","has-post-thumbnail","hentry","category-musica"],"_links":{"self":[{"href":"http:\/\/cronicasyversiones.com\/index.php?rest_route=\/wp\/v2\/posts\/40157","targetHints":{"allow":["GET"]}}],"collection":[{"href":"http:\/\/cronicasyversiones.com\/index.php?rest_route=\/wp\/v2\/posts"}],"about":[{"href":"http:\/\/cronicasyversiones.com\/index.php?rest_route=\/wp\/v2\/types\/post"}],"author":[{"embeddable":true,"href":"http:\/\/cronicasyversiones.com\/index.php?rest_route=\/wp\/v2\/users\/5"}],"replies":[{"embeddable":true,"href":"http:\/\/cronicasyversiones.com\/index.php?rest_route=%2Fwp%2Fv2%2Fcomments&post=40157"}],"version-history":[{"count":1,"href":"http:\/\/cronicasyversiones.com\/index.php?rest_route=\/wp\/v2\/posts\/40157\/revisions"}],"predecessor-version":[{"id":40159,"href":"http:\/\/cronicasyversiones.com\/index.php?rest_route=\/wp\/v2\/posts\/40157\/revisions\/40159"}],"wp:featuredmedia":[{"embeddable":true,"href":"http:\/\/cronicasyversiones.com\/index.php?rest_route=\/wp\/v2\/media\/40158"}],"wp:attachment":[{"href":"http:\/\/cronicasyversiones.com\/index.php?rest_route=%2Fwp%2Fv2%2Fmedia&parent=40157"}],"wp:term":[{"taxonomy":"category","embeddable":true,"href":"http:\/\/cronicasyversiones.com\/index.php?rest_route=%2Fwp%2Fv2%2Fcategories&post=40157"},{"taxonomy":"post_tag","embeddable":true,"href":"http:\/\/cronicasyversiones.com\/index.php?rest_route=%2Fwp%2Fv2%2Ftags&post=40157"}],"curies":[{"name":"wp","href":"https:\/\/api.w.org\/{rel}","templated":true}]}}