{"id":40228,"date":"2025-07-21T12:06:10","date_gmt":"2025-07-21T15:06:10","guid":{"rendered":"http:\/\/cronicasyversiones.com\/?p=40228"},"modified":"2025-07-21T12:06:11","modified_gmt":"2025-07-21T15:06:11","slug":"llega-una-nueva-edicion-del-festival-cuadernos-hispanoamericanos","status":"publish","type":"post","link":"http:\/\/cronicasyversiones.com\/?p=40228","title":{"rendered":"Llega una nueva edici\u00f3n del Festival Cuadernos Hispanoamericanos"},"content":{"rendered":"<div style=\"padding-bottom:20px; padding-top:10px;\" class=\"hupso-share-buttons\"><!-- Hupso Share Buttons - https:\/\/www.hupso.com\/share\/ --><a class=\"hupso_counters\" href=\"https:\/\/www.hupso.com\/share\/\"><img decoding=\"async\" src=\"http:\/\/static.hupso.com\/share\/buttons\/lang\/es\/share-small.png\" style=\"border:0px; padding-top:2px; float:left;\" alt=\"Share Button\"\/><\/a><script type=\"text\/javascript\">var hupso_services_c=new Array(\"twitter\",\"facebook_like\",\"google\");var hupso_counters_lang = \"es_LA\";var hupso_image_folder_url = \"\";var hupso_twitter_via=\"crsyvrs\";var hupso_url_c=\"\";<\/script><script type=\"text\/javascript\" src=\"http:\/\/static.hupso.com\/share\/js\/counters.js\"><\/script><!-- Hupso Share Buttons --><\/div><h2>La cita reunir\u00e1 a m\u00e1s de\u00a020 escritores de Iberoam\u00e9rica para reflexionar sobre el presente y el futuro de la literatura en espa\u00f1ol.<\/h2>\n<p><img decoding=\"async\" class=\"aligncenter\" src=\"https:\/\/pbs.twimg.com\/media\/Gu2V3-zWAAAdZb_?format=jpg&amp;name=small\" alt=\"Imagen\" \/><\/p>\n<p>Del 29 de julio al 1\u00b0 de agosto se celebrar\u00e1 en Buenos Aires\u00a0<strong>el Festival Cuadernos Hispanoamericanos<\/strong>, un encuentro que reunir\u00e1 a m\u00e1s de<strong>\u00a020 escritores de Iberoam\u00e9rica para reflexionar sobre el presente y el futuro de la literatura en espa\u00f1ol.<\/strong><\/p>\n<p>Organizado por la Agencia Espa\u00f1ola de Cooperaci\u00f3n Internacional para el Desarrollo (AECID) a trav\u00e9s del Centro Cultural de Espa\u00f1a en Buenos Aires (CCEBA), el evento contar\u00e1 con actividades en la Biblioteca Ricardo G\u00fciraldes, la Biblioteca Evaristo Carriego y el CCEBA.<\/p>\n<p>El festival busca fomentar el di\u00e1logo entre autores y lectores, promover la circulaci\u00f3n de obras y consolidar la comunidad literaria hispanoamericana.<strong>\u00a0Con entrada libre y gratuita<\/strong>, la programaci\u00f3n incluir\u00e1 mesas redondas, talleres de escritura, recitales de poes\u00eda y charlas que abordar\u00e1n temas como las nuevas narrativas, la inspiraci\u00f3n literaria, la relaci\u00f3n entre vida y ficci\u00f3n y los cruces entre literatura y cine.<\/p>\n<p>El encuentro ser\u00e1 inaugurado el martes 29 de julio a las 17 en la\u00a0<strong>Biblioteca Ricardo G\u00fciraldes<\/strong>\u00a0por\u00a0<strong>Javier Serena,\u00a0<\/strong>actual director de la revista\u00a0<i>Cuadernos Hispanoamericanos<\/i>. Entre los autores internacionales invitados se destacan<strong> Juan C\u00e1rdenas, Ben Clark, Juli\u00e1n Herbert, Miguel \u00c1ngel Hern\u00e1ndez (foto), Alejandra Moffat, Emiliano Monge, Aroa Moreno, M\u00f3nica Ojeda y Daniela Tarazona.<\/strong>\u00a0Por Argentina participar\u00e1n\u00a0<strong>Selva Almada, Mariano Blatt, Mar\u00eda Sonia Cristoff, Camila Fabbri, Margarita Garc\u00eda Robayo, Mercedes Halfon, Roque Larraquy, Pablo Katchadjian, Hern\u00e1n Ronsino y Romina Paula,<\/strong>\u00a0entre otros.<\/p>\n<p>Adem\u00e1s de las mesas tem\u00e1ticas, habr\u00e1 talleres gratuitos \u2014con inscripci\u00f3n previa hasta el 20 de julio\u2014 como \u201cDel libro al gui\u00f3n\u201d, dictado por\u00a0<strong>Alejandra Moffat,<\/strong>\u00a0y \u201cMec\u00e1nica po\u00e9tica\u201d, a cargo de\u00a0<strong>Ben Clark<\/strong>. Los recitales de poes\u00eda y las charlas nocturnas buscar\u00e1n acercar nuevas miradas y promover la experimentaci\u00f3n.<\/p>\n<p>El cierre ser\u00e1 el viernes 1\u00b0 de agosto con una mesa sobre \u201cMestizajes: cine y literatura\u201d y una fiesta con DJ set a cargo de Juli\u00e1n Herbert en el CCEBA.<\/p>\n<p>El festival cuenta con el apoyo del Ministerio de Cultura de la Ciudad de Buenos Aires, la red de Bibliotecas P\u00fablicas y la librer\u00eda Mandr\u00e1gora. Desde 1948,\u00a0<i>Cuadernos Hispanoamericanos<\/i>\u00a0sostiene el prop\u00f3sito de tender puentes literarios entre Am\u00e9rica Latina y Espa\u00f1a, y en esta edici\u00f3n reafirma su compromiso con la comunidad hispanohablante y la promoci\u00f3n de la cultura.<\/p>\n<div style=\"padding-bottom:20px; padding-top:10px;\" class=\"hupso-share-buttons\"><!-- Hupso Share Buttons - https:\/\/www.hupso.com\/share\/ --><a class=\"hupso_counters\" href=\"https:\/\/www.hupso.com\/share\/\"><img decoding=\"async\" src=\"http:\/\/static.hupso.com\/share\/buttons\/lang\/es\/share-small.png\" style=\"border:0px; padding-top:2px; float:left;\" alt=\"Share Button\"\/><\/a><script type=\"text\/javascript\">var hupso_services_c=new Array(\"twitter\",\"facebook_like\",\"google\");var hupso_counters_lang = \"es_LA\";var hupso_image_folder_url = \"\";var hupso_twitter_via=\"crsyvrs\";var hupso_url_c=\"\";<\/script><script type=\"text\/javascript\" src=\"http:\/\/static.hupso.com\/share\/js\/counters.js\"><\/script><!-- Hupso Share Buttons --><\/div> ","protected":false},"excerpt":{"rendered":"<div style=\"padding-bottom:20px; padding-top:10px;\" class=\"hupso-share-buttons\"><!-- Hupso Share Buttons - https:\/\/www.hupso.com\/share\/ --><a class=\"hupso_counters\" href=\"https:\/\/www.hupso.com\/share\/\"><img src=\"http:\/\/static.hupso.com\/share\/buttons\/lang\/es\/share-small.png\" style=\"border:0px; padding-top:2px; float:left;\" alt=\"Share Button\"\/><\/a><script type=\"text\/javascript\">var hupso_services_c=new Array(\"twitter\",\"facebook_like\",\"google\");var hupso_counters_lang = \"es_LA\";var hupso_image_folder_url = \"\";var hupso_twitter_via=\"crsyvrs\";var hupso_url_c=\"\";<\/script><script type=\"text\/javascript\" src=\"http:\/\/static.hupso.com\/share\/js\/counters.js\"><\/script><!-- Hupso Share Buttons --><\/div><p>La cita reunir\u00e1 a m\u00e1s de\u00a020 escritores de Iberoam\u00e9rica para reflexionar sobre el presente y el futuro de la literatura en espa\u00f1ol. Del 29 de julio al 1\u00b0 de agosto se celebrar\u00e1 en Buenos Aires\u00a0el Festival Cuadernos Hispanoamericanos, un&#46;&#46;&#46;<\/p>\n<div style=\"padding-bottom:20px; padding-top:10px;\" class=\"hupso-share-buttons\"><!-- Hupso Share Buttons - https:\/\/www.hupso.com\/share\/ --><a class=\"hupso_counters\" href=\"https:\/\/www.hupso.com\/share\/\"><img src=\"http:\/\/static.hupso.com\/share\/buttons\/lang\/es\/share-small.png\" style=\"border:0px; padding-top:2px; float:left;\" alt=\"Share Button\"\/><\/a><script type=\"text\/javascript\">var hupso_services_c=new Array(\"twitter\",\"facebook_like\",\"google\");var hupso_counters_lang = \"es_LA\";var hupso_image_folder_url = \"\";var hupso_twitter_via=\"crsyvrs\";var hupso_url_c=\"\";<\/script><script type=\"text\/javascript\" src=\"http:\/\/static.hupso.com\/share\/js\/counters.js\"><\/script><!-- Hupso Share Buttons --><\/div>","protected":false},"author":5,"featured_media":40230,"comment_status":"closed","ping_status":"closed","sticky":false,"template":"","format":"standard","meta":{"footnotes":""},"categories":[7,9],"tags":[],"class_list":["post-40228","post","type-post","status-publish","format-standard","has-post-thumbnail","hentry","category-literatura","category-sociedad"],"_links":{"self":[{"href":"http:\/\/cronicasyversiones.com\/index.php?rest_route=\/wp\/v2\/posts\/40228","targetHints":{"allow":["GET"]}}],"collection":[{"href":"http:\/\/cronicasyversiones.com\/index.php?rest_route=\/wp\/v2\/posts"}],"about":[{"href":"http:\/\/cronicasyversiones.com\/index.php?rest_route=\/wp\/v2\/types\/post"}],"author":[{"embeddable":true,"href":"http:\/\/cronicasyversiones.com\/index.php?rest_route=\/wp\/v2\/users\/5"}],"replies":[{"embeddable":true,"href":"http:\/\/cronicasyversiones.com\/index.php?rest_route=%2Fwp%2Fv2%2Fcomments&post=40228"}],"version-history":[{"count":1,"href":"http:\/\/cronicasyversiones.com\/index.php?rest_route=\/wp\/v2\/posts\/40228\/revisions"}],"predecessor-version":[{"id":40231,"href":"http:\/\/cronicasyversiones.com\/index.php?rest_route=\/wp\/v2\/posts\/40228\/revisions\/40231"}],"wp:featuredmedia":[{"embeddable":true,"href":"http:\/\/cronicasyversiones.com\/index.php?rest_route=\/wp\/v2\/media\/40230"}],"wp:attachment":[{"href":"http:\/\/cronicasyversiones.com\/index.php?rest_route=%2Fwp%2Fv2%2Fmedia&parent=40228"}],"wp:term":[{"taxonomy":"category","embeddable":true,"href":"http:\/\/cronicasyversiones.com\/index.php?rest_route=%2Fwp%2Fv2%2Fcategories&post=40228"},{"taxonomy":"post_tag","embeddable":true,"href":"http:\/\/cronicasyversiones.com\/index.php?rest_route=%2Fwp%2Fv2%2Ftags&post=40228"}],"curies":[{"name":"wp","href":"https:\/\/api.w.org\/{rel}","templated":true}]}}