{"id":40248,"date":"2025-07-21T12:07:18","date_gmt":"2025-07-21T15:07:18","guid":{"rendered":"http:\/\/cronicasyversiones.com\/?p=40248"},"modified":"2025-07-21T12:07:19","modified_gmt":"2025-07-21T15:07:19","slug":"la-fed-2025-reunira-mas-de-330-sellos-y-destacados-autores","status":"publish","type":"post","link":"http:\/\/cronicasyversiones.com\/?p=40248","title":{"rendered":"La FED 2025 reunir\u00e1 m\u00e1s de 330 sellos y destacados autores"},"content":{"rendered":"<div style=\"padding-bottom:20px; padding-top:10px;\" class=\"hupso-share-buttons\"><!-- Hupso Share Buttons - https:\/\/www.hupso.com\/share\/ --><a class=\"hupso_counters\" href=\"https:\/\/www.hupso.com\/share\/\"><img decoding=\"async\" src=\"http:\/\/static.hupso.com\/share\/buttons\/lang\/es\/share-small.png\" style=\"border:0px; padding-top:2px; float:left;\" alt=\"Share Button\"\/><\/a><script type=\"text\/javascript\">var hupso_services_c=new Array(\"twitter\",\"facebook_like\",\"google\");var hupso_counters_lang = \"es_LA\";var hupso_image_folder_url = \"\";var hupso_twitter_via=\"crsyvrs\";var hupso_url_c=\"\";<\/script><script type=\"text\/javascript\" src=\"http:\/\/static.hupso.com\/share\/js\/counters.js\"><\/script><!-- Hupso Share Buttons --><\/div><h2 class=\"article-deck\">Del 7 al 10 de agosto, ofrecer\u00e1 charlas, premios y una amplia agenda cultural con entrada libre y gratuita.<\/h2>\n<p><img decoding=\"async\" class=\"aligncenter\" src=\"https:\/\/pbs.twimg.com\/media\/GvCIYaCX0AAU7JJ?format=jpg&amp;name=small\" alt=\"Imagen\" \/><\/p>\n<p>La\u00a0<strong>Feria de Editores (FED) 2025<\/strong>\u00a0se celebrar\u00e1 del jueves\u00a0<strong>7 al domingo 10 de agosto<\/strong>\u00a0en el C Complejo Art Media, de 14 a 21, con\u00a0<strong>entrada libre y gratuita.<\/strong><\/p>\n<p>La feria, que desde 2013 fomenta el encuentro directo entre editores y lectores, contar\u00e1 este a\u00f1o con la participaci\u00f3n de m\u00e1s de<strong>\u00a0330 sellos independientes\u00a0<\/strong>de Argentina, Brasil, Chile, Colombia, M\u00e9xico, Paraguay, Uruguay y Espa\u00f1a.<\/p>\n<p>Los asistentes podr\u00e1n<strong>\u00a0descubrir y comprar novedades y t\u00edtulos destacados de narrativa, ensayo, poes\u00eda, m\u00fasica y cine, ciencias sociales, humanidades, periodismo, libros ilustrados, libros-\u00e1lbum, y novela gr\u00e1fica.<\/strong>\u00a0Entre las editoriales argentinas confirmadas figuran Godot, Sigilo, Ampersand, Caja Negra, Eterna Cadencia, Mardulce, Peque\u00f1o Editor, Limonero, Blatt &amp; R\u00edos y muchas otras.<\/p>\n<p>Tambi\u00e9n estar\u00e1n presentes<strong>\u00a0importantes sellos internacionales\u00a0<\/strong>como F\u00f3sforo y Lote 42 (Brasil); Cuneta y La Pollera (Chile); Abisinia y Luna Libros (Colombia); Gris Tormenta y Almad\u00eda (M\u00e9xico); Arandur\u00e1 (Paraguay); Criatura y Estuario (Uruguay); y Barrett, P\u00e1ginas de espuma y Min\u00fascula (Espa\u00f1a).<\/p>\n<p>La FED 2025 contar\u00e1 con<strong>\u00a013 charlas en las que se abordar\u00e1n temas diversos y actuales:<\/strong>\u00a0desde la escritura y el dolor, el feminismo en tiempos de ultraderecha, la influencia de los videojuegos, hasta la m\u00fasica como motor creativo y la identidad colectiva.<\/p>\n<p>Entre los invitados internacionales se encuentran la escritora lituana-brit\u00e1nica\u00a0<strong>Marijam Did\u017egalvyt?<\/strong>, la autora mexicana\u00a0<strong>Socorro Venegas<\/strong>\u00a0y la poeta y cantante brasile\u00f1a\u00a0<strong>Tatiana Nascimiento.\u00a0<\/strong>Los autores nacionales estar\u00e1n representados\u00a0<strong>Dolores Reyes, Mar\u00eda Sonia Cristoff, Pablo Sem\u00e1n, Ver\u00f3nica Gago, Edgardo Scott, Juan Mattio, Paula Puebla, Juan Ruocco, Walter Lezcano y Gustavo Yuste<\/strong>, entre otros.<\/p>\n<p>Durante la feria se entregara el premio a la Labor Librera dotado con 2 millones de pesos para la compra de libros en la FED; el premio Afiche FED25, que este a\u00f1o se repartir\u00e1 entre las ilustradoras Celeste Barta y Powerpaola (ganadoras entre 300 propuestas y premiadas con 600.000 pesos); y el Premio Rumbo a Guadalajara, que facilita la participaci\u00f3n de editoriales en la feria mexicana.<\/p>\n<p>La FED se consolida a\u00f1o tras a\u00f1o como uno de los encuentros culturales m\u00e1s importantes de la regi\u00f3n, fortaleciendo el v\u00ednculo entre editoriales independientes y lectores y celebrando la bibliodiversidad latinoamericana y espa\u00f1ola.<\/p>\n<div style=\"padding-bottom:20px; padding-top:10px;\" class=\"hupso-share-buttons\"><!-- Hupso Share Buttons - https:\/\/www.hupso.com\/share\/ --><a class=\"hupso_counters\" href=\"https:\/\/www.hupso.com\/share\/\"><img decoding=\"async\" src=\"http:\/\/static.hupso.com\/share\/buttons\/lang\/es\/share-small.png\" style=\"border:0px; padding-top:2px; float:left;\" alt=\"Share Button\"\/><\/a><script type=\"text\/javascript\">var hupso_services_c=new Array(\"twitter\",\"facebook_like\",\"google\");var hupso_counters_lang = \"es_LA\";var hupso_image_folder_url = \"\";var hupso_twitter_via=\"crsyvrs\";var hupso_url_c=\"\";<\/script><script type=\"text\/javascript\" src=\"http:\/\/static.hupso.com\/share\/js\/counters.js\"><\/script><!-- Hupso Share Buttons --><\/div> ","protected":false},"excerpt":{"rendered":"<div style=\"padding-bottom:20px; padding-top:10px;\" class=\"hupso-share-buttons\"><!-- Hupso Share Buttons - https:\/\/www.hupso.com\/share\/ --><a class=\"hupso_counters\" href=\"https:\/\/www.hupso.com\/share\/\"><img src=\"http:\/\/static.hupso.com\/share\/buttons\/lang\/es\/share-small.png\" style=\"border:0px; padding-top:2px; float:left;\" alt=\"Share Button\"\/><\/a><script type=\"text\/javascript\">var hupso_services_c=new Array(\"twitter\",\"facebook_like\",\"google\");var hupso_counters_lang = \"es_LA\";var hupso_image_folder_url = \"\";var hupso_twitter_via=\"crsyvrs\";var hupso_url_c=\"\";<\/script><script type=\"text\/javascript\" src=\"http:\/\/static.hupso.com\/share\/js\/counters.js\"><\/script><!-- Hupso Share Buttons --><\/div><p>Del 7 al 10 de agosto, ofrecer\u00e1 charlas, premios y una amplia agenda cultural con entrada libre y gratuita. La\u00a0Feria de Editores (FED) 2025\u00a0se celebrar\u00e1 del jueves\u00a07 al domingo 10 de agosto\u00a0en el C Complejo Art Media, de 14&#46;&#46;&#46;<\/p>\n<div style=\"padding-bottom:20px; padding-top:10px;\" class=\"hupso-share-buttons\"><!-- Hupso Share Buttons - https:\/\/www.hupso.com\/share\/ --><a class=\"hupso_counters\" href=\"https:\/\/www.hupso.com\/share\/\"><img src=\"http:\/\/static.hupso.com\/share\/buttons\/lang\/es\/share-small.png\" style=\"border:0px; padding-top:2px; float:left;\" alt=\"Share Button\"\/><\/a><script type=\"text\/javascript\">var hupso_services_c=new Array(\"twitter\",\"facebook_like\",\"google\");var hupso_counters_lang = \"es_LA\";var hupso_image_folder_url = \"\";var hupso_twitter_via=\"crsyvrs\";var hupso_url_c=\"\";<\/script><script type=\"text\/javascript\" src=\"http:\/\/static.hupso.com\/share\/js\/counters.js\"><\/script><!-- Hupso Share Buttons --><\/div>","protected":false},"author":5,"featured_media":40249,"comment_status":"closed","ping_status":"closed","sticky":false,"template":"","format":"standard","meta":{"footnotes":""},"categories":[7,9],"tags":[],"class_list":["post-40248","post","type-post","status-publish","format-standard","has-post-thumbnail","hentry","category-literatura","category-sociedad"],"_links":{"self":[{"href":"http:\/\/cronicasyversiones.com\/index.php?rest_route=\/wp\/v2\/posts\/40248","targetHints":{"allow":["GET"]}}],"collection":[{"href":"http:\/\/cronicasyversiones.com\/index.php?rest_route=\/wp\/v2\/posts"}],"about":[{"href":"http:\/\/cronicasyversiones.com\/index.php?rest_route=\/wp\/v2\/types\/post"}],"author":[{"embeddable":true,"href":"http:\/\/cronicasyversiones.com\/index.php?rest_route=\/wp\/v2\/users\/5"}],"replies":[{"embeddable":true,"href":"http:\/\/cronicasyversiones.com\/index.php?rest_route=%2Fwp%2Fv2%2Fcomments&post=40248"}],"version-history":[{"count":1,"href":"http:\/\/cronicasyversiones.com\/index.php?rest_route=\/wp\/v2\/posts\/40248\/revisions"}],"predecessor-version":[{"id":40250,"href":"http:\/\/cronicasyversiones.com\/index.php?rest_route=\/wp\/v2\/posts\/40248\/revisions\/40250"}],"wp:featuredmedia":[{"embeddable":true,"href":"http:\/\/cronicasyversiones.com\/index.php?rest_route=\/wp\/v2\/media\/40249"}],"wp:attachment":[{"href":"http:\/\/cronicasyversiones.com\/index.php?rest_route=%2Fwp%2Fv2%2Fmedia&parent=40248"}],"wp:term":[{"taxonomy":"category","embeddable":true,"href":"http:\/\/cronicasyversiones.com\/index.php?rest_route=%2Fwp%2Fv2%2Fcategories&post=40248"},{"taxonomy":"post_tag","embeddable":true,"href":"http:\/\/cronicasyversiones.com\/index.php?rest_route=%2Fwp%2Fv2%2Ftags&post=40248"}],"curies":[{"name":"wp","href":"https:\/\/api.w.org\/{rel}","templated":true}]}}