{"id":40287,"date":"2025-07-22T10:59:29","date_gmt":"2025-07-22T13:59:29","guid":{"rendered":"http:\/\/cronicasyversiones.com\/?p=40287"},"modified":"2025-07-22T10:59:30","modified_gmt":"2025-07-22T13:59:30","slug":"ludmila-fernandez-y-alejandro-kalinoski-homenajean-a-sarah-vaughan","status":"publish","type":"post","link":"http:\/\/cronicasyversiones.com\/?p=40287","title":{"rendered":"Ludmila Fern\u00e1ndez y Alejandro Kalinoski homenajean a Sarah Vaughan"},"content":{"rendered":"<div style=\"padding-bottom:20px; padding-top:10px;\" class=\"hupso-share-buttons\"><!-- Hupso Share Buttons - https:\/\/www.hupso.com\/share\/ --><a class=\"hupso_counters\" href=\"https:\/\/www.hupso.com\/share\/\"><img decoding=\"async\" src=\"http:\/\/static.hupso.com\/share\/buttons\/lang\/es\/share-small.png\" style=\"border:0px; padding-top:2px; float:left;\" alt=\"Share Button\"\/><\/a><script type=\"text\/javascript\">var hupso_services_c=new Array(\"twitter\",\"facebook_like\",\"google\");var hupso_counters_lang = \"es_LA\";var hupso_image_folder_url = \"\";var hupso_twitter_via=\"crsyvrs\";var hupso_url_c=\"\";<\/script><script type=\"text\/javascript\" src=\"http:\/\/static.hupso.com\/share\/js\/counters.js\"><\/script><!-- Hupso Share Buttons --><\/div><h2>Recorrer\u00e1n una de las voces m\u00e1s importantes e influyentes del Jazz en el Centro Cultural de la Cooperaci\u00f3n.<\/h2>\n<p><img decoding=\"async\" class=\"aligncenter\" src=\"https:\/\/www.centrocultural.coop\/sites\/www.centrocultural.coop\/files\/styles\/imagen_detalle_eventos\/public\/eventos\/ludmila_fernandez_y_alejandro_kalinoski_-_julio.jpg?itok=l7q34Rkb\" \/><\/p>\n<p>El d\u00fao conformado por la distinguida cantante<strong> Ludmila Fern\u00e1ndez <\/strong>y<strong> Alejandro Kalinoski<\/strong>, destacado pianista, celebra el talento de \u00abLa Divina\u00bb <strong>Sarah Vaughan,<\/strong> una de las voces m\u00e1s importantes e influyentes del Jazz.<\/p>\n<p>La cita ser\u00e1 el jueves 24 de julio a las 21 en el Centro Cultural de la Cooperaci\u00f3n, Sala Osvaldo Pugliese, Av. Corrientes 1543.\u00a0 Entradas en la boleter\u00eda o en la <a href=\"https:\/\/www.centrocultural.coop\/eventos\/ludmila-fernandez-y-alejandro-kalinoski-0\">p\u00e1gina web de la sala.<\/a><\/p>\n<p>Ludmila Fern\u00e1ndez, sesde sus inicios como solista y como invitada de importantes m\u00fasicos y agrupaciones, Ludmila Fern\u00e1ndez abarca en su repertorio arreglos de standards de jazz, boleros, m\u00fasica argentina y de Brasil.<\/p>\n<p>A lo largo de su carrera, ha recibido elogios y reconocimiento de diversos periodistas especializados<\/p>\n<p>de los medios m\u00e1s importantes del pa\u00eds, entre los que se destacan Armando Rapallo, Nano Herrera, Carlos Inzillo,<\/p>\n<p>Ludmila cuenta con tres discos solistas: \u00abNow&#8217;s the time\u00bb(2000), \u00abDiverso\u00bb(2008) y \u00abBlossom in Swing\u00bb (2018).<\/p>\n<p>Alejandro Kalinoski, pianista, compositor y arreglador que se ha presentado en los principales escenarios de nuestro pa\u00eds integrando diferentes formaciones de jazz. Ha tocado con destacados m\u00fasicos como Jorge Anders, Ricardo Lew, Carlos Michelini, \u201cPipi\u201d Piazzolla, Gustavo Bergalli, Alfredo Remus, Bernardo Baraj, Daniel D\u2019Alcantara (Brasil), Rex Richardson (USA), entre muchos otros. Ha participado tambi\u00e9n en numerosos festivales de m\u00fasica en Argentina y en el exterior (Francia, Espa\u00f1a, Alemania, Suiza, Estados Unidos, Brasil, Paraguay y Uruguay). En 2003 gan\u00f3 el Primer Premio en el Concurso de Composici\u00f3n de Temas de Jazz patrocinado por la empresa Metrov\u00edas S.A. Ha participado como pianista y arreglador en grabaciones de diversos artistas argentinos. Su disco \u201cCheck In\u201d, grabado junto a Mauricio Dawid en contrabajo y Nicanor Faerberg en bater\u00eda, dos talentosos m\u00fasicos de la escena local, contiene composiciones originales y standards de jazz.<\/p>\n<div style=\"padding-bottom:20px; padding-top:10px;\" class=\"hupso-share-buttons\"><!-- Hupso Share Buttons - https:\/\/www.hupso.com\/share\/ --><a class=\"hupso_counters\" href=\"https:\/\/www.hupso.com\/share\/\"><img decoding=\"async\" src=\"http:\/\/static.hupso.com\/share\/buttons\/lang\/es\/share-small.png\" style=\"border:0px; padding-top:2px; float:left;\" alt=\"Share Button\"\/><\/a><script type=\"text\/javascript\">var hupso_services_c=new Array(\"twitter\",\"facebook_like\",\"google\");var hupso_counters_lang = \"es_LA\";var hupso_image_folder_url = \"\";var hupso_twitter_via=\"crsyvrs\";var hupso_url_c=\"\";<\/script><script type=\"text\/javascript\" src=\"http:\/\/static.hupso.com\/share\/js\/counters.js\"><\/script><!-- Hupso Share Buttons --><\/div> ","protected":false},"excerpt":{"rendered":"<div style=\"padding-bottom:20px; padding-top:10px;\" class=\"hupso-share-buttons\"><!-- Hupso Share Buttons - https:\/\/www.hupso.com\/share\/ --><a class=\"hupso_counters\" href=\"https:\/\/www.hupso.com\/share\/\"><img src=\"http:\/\/static.hupso.com\/share\/buttons\/lang\/es\/share-small.png\" style=\"border:0px; padding-top:2px; float:left;\" alt=\"Share Button\"\/><\/a><script type=\"text\/javascript\">var hupso_services_c=new Array(\"twitter\",\"facebook_like\",\"google\");var hupso_counters_lang = \"es_LA\";var hupso_image_folder_url = \"\";var hupso_twitter_via=\"crsyvrs\";var hupso_url_c=\"\";<\/script><script type=\"text\/javascript\" src=\"http:\/\/static.hupso.com\/share\/js\/counters.js\"><\/script><!-- Hupso Share Buttons --><\/div><p>Recorrer\u00e1n una de las voces m\u00e1s importantes e influyentes del Jazz en el Centro Cultural de la Cooperaci\u00f3n. El d\u00fao conformado por la distinguida cantante Ludmila Fern\u00e1ndez y Alejandro Kalinoski, destacado pianista, celebra el talento de \u00abLa Divina\u00bb Sarah&#46;&#46;&#46;<\/p>\n<div style=\"padding-bottom:20px; padding-top:10px;\" class=\"hupso-share-buttons\"><!-- Hupso Share Buttons - https:\/\/www.hupso.com\/share\/ --><a class=\"hupso_counters\" href=\"https:\/\/www.hupso.com\/share\/\"><img src=\"http:\/\/static.hupso.com\/share\/buttons\/lang\/es\/share-small.png\" style=\"border:0px; padding-top:2px; float:left;\" alt=\"Share Button\"\/><\/a><script type=\"text\/javascript\">var hupso_services_c=new Array(\"twitter\",\"facebook_like\",\"google\");var hupso_counters_lang = \"es_LA\";var hupso_image_folder_url = \"\";var hupso_twitter_via=\"crsyvrs\";var hupso_url_c=\"\";<\/script><script type=\"text\/javascript\" src=\"http:\/\/static.hupso.com\/share\/js\/counters.js\"><\/script><!-- Hupso Share Buttons --><\/div>","protected":false},"author":5,"featured_media":40288,"comment_status":"closed","ping_status":"closed","sticky":false,"template":"","format":"standard","meta":{"footnotes":""},"categories":[3],"tags":[],"class_list":["post-40287","post","type-post","status-publish","format-standard","has-post-thumbnail","hentry","category-musica"],"_links":{"self":[{"href":"http:\/\/cronicasyversiones.com\/index.php?rest_route=\/wp\/v2\/posts\/40287","targetHints":{"allow":["GET"]}}],"collection":[{"href":"http:\/\/cronicasyversiones.com\/index.php?rest_route=\/wp\/v2\/posts"}],"about":[{"href":"http:\/\/cronicasyversiones.com\/index.php?rest_route=\/wp\/v2\/types\/post"}],"author":[{"embeddable":true,"href":"http:\/\/cronicasyversiones.com\/index.php?rest_route=\/wp\/v2\/users\/5"}],"replies":[{"embeddable":true,"href":"http:\/\/cronicasyversiones.com\/index.php?rest_route=%2Fwp%2Fv2%2Fcomments&post=40287"}],"version-history":[{"count":1,"href":"http:\/\/cronicasyversiones.com\/index.php?rest_route=\/wp\/v2\/posts\/40287\/revisions"}],"predecessor-version":[{"id":40289,"href":"http:\/\/cronicasyversiones.com\/index.php?rest_route=\/wp\/v2\/posts\/40287\/revisions\/40289"}],"wp:featuredmedia":[{"embeddable":true,"href":"http:\/\/cronicasyversiones.com\/index.php?rest_route=\/wp\/v2\/media\/40288"}],"wp:attachment":[{"href":"http:\/\/cronicasyversiones.com\/index.php?rest_route=%2Fwp%2Fv2%2Fmedia&parent=40287"}],"wp:term":[{"taxonomy":"category","embeddable":true,"href":"http:\/\/cronicasyversiones.com\/index.php?rest_route=%2Fwp%2Fv2%2Fcategories&post=40287"},{"taxonomy":"post_tag","embeddable":true,"href":"http:\/\/cronicasyversiones.com\/index.php?rest_route=%2Fwp%2Fv2%2Ftags&post=40287"}],"curies":[{"name":"wp","href":"https:\/\/api.w.org\/{rel}","templated":true}]}}