{"id":4035,"date":"2014-10-21T09:27:16","date_gmt":"2014-10-21T12:27:16","guid":{"rendered":"http:\/\/cronicasyversiones.com\/?p=4035"},"modified":"2014-10-22T15:19:05","modified_gmt":"2014-10-22T18:19:05","slug":"arranca-el-segundo-festival-del-humor-de-buenos-aires","status":"publish","type":"post","link":"http:\/\/cronicasyversiones.com\/?p=4035","title":{"rendered":"Arranca el \u00abSegundo Festival del Humor de Buenos Aires\u00bb"},"content":{"rendered":"<div style=\"padding-bottom:20px; padding-top:10px;\" class=\"hupso-share-buttons\"><!-- Hupso Share Buttons - https:\/\/www.hupso.com\/share\/ --><a class=\"hupso_counters\" href=\"https:\/\/www.hupso.com\/share\/\"><img decoding=\"async\" src=\"http:\/\/static.hupso.com\/share\/buttons\/lang\/es\/share-small.png\" style=\"border:0px; padding-top:2px; float:left;\" alt=\"Share Button\"\/><\/a><script type=\"text\/javascript\">var hupso_services_c=new Array(\"twitter\",\"facebook_like\",\"google\");var hupso_counters_lang = \"es_LA\";var hupso_image_folder_url = \"\";var hupso_twitter_via=\"crsyvrs\";var hupso_url_c=\"\";<\/script><script type=\"text\/javascript\" src=\"http:\/\/static.hupso.com\/share\/js\/counters.js\"><\/script><!-- Hupso Share Buttons --><\/div><h2 style=\"text-align: justify;\">Con la direcci\u00f3n de Mart\u00edn \u201cCampi\u201d Campilongo y con Antonio Gasalla como invitado especial, las actividades se desarrollar\u00e1n del 24 al 26 de octubre en distintos espacios porte\u00f1os.<\/h2>\n<p><a href=\"http:\/\/cronicasyversiones.com\/wp-content\/uploads\/2014\/10\/campi-unipersonal.jpg\"><img loading=\"lazy\" decoding=\"async\" class=\"size-full wp-image-4058 aligncenter\" src=\"http:\/\/cronicasyversiones.com\/wp-content\/uploads\/2014\/10\/campi-unipersonal.jpg\" alt=\"campi-unipersonal\" width=\"640\" height=\"298\" srcset=\"http:\/\/cronicasyversiones.com\/wp-content\/uploads\/2014\/10\/campi-unipersonal.jpg 640w, http:\/\/cronicasyversiones.com\/wp-content\/uploads\/2014\/10\/campi-unipersonal-300x139.jpg 300w, http:\/\/cronicasyversiones.com\/wp-content\/uploads\/2014\/10\/campi-unipersonal-624x290.jpg 624w\" sizes=\"auto, (max-width: 640px) 100vw, 640px\" \/><\/a><\/p>\n<p style=\"text-align: justify;\">Del 24 al 26 de octubre se desarrollar\u00e1 el <em><strong>\u201cSegundo Festival del Humor de Buenos Aires\u201d<\/strong><\/em>, con el padrinazgo y la direcci\u00f3n art\u00edstica de <strong>Mart\u00edn \u201cCampi\u201d Campilongo<\/strong> y con <strong>Antonio Gasalla<\/strong> como invitado especial, con la producci\u00f3n general de Pr\u00f3spero Producciones.<\/p>\n<p style=\"text-align: justify;\">Adem\u00e1s de los mencionados artistas, saldr\u00e1n a escena en sitintos espect\u00e1culos con estada libre y gratuita,<strong> Sebasti\u00e1n Almada, Alvaro Navia, Gladys Florimonte, Bicho G\u00f3mez, Roberto Pe\u00f1a, Marcelo Mazzarello, Eduardo Calvo, Luis Rubio, Noralih Gago y Dan Breitman<\/strong>, entre otros.<\/p>\n<p>La apertura de esta movida ser\u00e1 el viernes 21 a las 12 en en el MUHU, el <strong>Museo del Humo<\/strong>r, ubicado en la Avenida De los Italianos 751, Costanera Sur.<\/p>\n<p style=\"text-align: justify;\">El s\u00e1bado 25, tambi\u00e9n en la pantalla de la <strong>Plaza del Vaticano<\/strong>, sede dedicada al humor en la televisi\u00f3n, en homenaje por una fant\u00e1stica e inolvidable trayectoria en este g\u00e9nero, donde se recordar\u00e1 a<strong> Juan Carlos Calabr\u00f3<\/strong> con el recordado <em><strong>\u201cCalabromas\u201d.<\/strong><\/em><\/p>\n<p style=\"text-align: justify;\">En esta edici\u00f3n, tres representantes del mejor humor Uruguayo, se re\u00fanen por primera vez para presentar un delirante espect\u00e1culo <em><strong>\u201cHumor Charr\u00faa\u201d<\/strong> <\/em>en el Teatro Shakespeare, con Sebasti\u00e1n Almada, Alvaro Navia y Roberto Pe\u00f1a.<\/p>\n<p style=\"text-align: justify;\">Tambi\u00e9n habr\u00e1 una noche en el emblem\u00e1tico <strong>Teatro Maipo,<\/strong> con un seleccionado de lujo que se re\u00fane por \u00fanica vez en el a\u00f1o, con Campi, Sebasti\u00e1n Almada, Alvaro Navia, Gladys Florimonte, Noralih Gago, Bicho G\u00f3mez, Roberto Pe\u00f1a, entre otros.<\/p>\n<p style=\"text-align: justify;\">Esa funci\u00f3n ser\u00e1 el cierre del Festival ser\u00e1 con una gran Funci\u00f3n de Gala el domingo 26 a las 19 en el Teatro Maipo, donde adem\u00e1s de un seleccionado de lujo, se le redir\u00e1 homenaje a <strong>Antonio Gasalla.<\/strong><\/p>\n<p style=\"text-align: justify;\">La programaci\u00f3n completa del \u00abSegundo Festival del Humor de Buenos Aires\u00bb se pueden ver en <strong>Facebook: \/FestivaldelHumorBA.<\/strong><\/p>\n<div style=\"padding-bottom:20px; padding-top:10px;\" class=\"hupso-share-buttons\"><!-- Hupso Share Buttons - https:\/\/www.hupso.com\/share\/ --><a class=\"hupso_counters\" href=\"https:\/\/www.hupso.com\/share\/\"><img decoding=\"async\" src=\"http:\/\/static.hupso.com\/share\/buttons\/lang\/es\/share-small.png\" style=\"border:0px; padding-top:2px; float:left;\" alt=\"Share Button\"\/><\/a><script type=\"text\/javascript\">var hupso_services_c=new Array(\"twitter\",\"facebook_like\",\"google\");var hupso_counters_lang = \"es_LA\";var hupso_image_folder_url = \"\";var hupso_twitter_via=\"crsyvrs\";var hupso_url_c=\"\";<\/script><script type=\"text\/javascript\" src=\"http:\/\/static.hupso.com\/share\/js\/counters.js\"><\/script><!-- Hupso Share Buttons --><\/div> ","protected":false},"excerpt":{"rendered":"<div style=\"padding-bottom:20px; padding-top:10px;\" class=\"hupso-share-buttons\"><!-- Hupso Share Buttons - https:\/\/www.hupso.com\/share\/ --><a class=\"hupso_counters\" href=\"https:\/\/www.hupso.com\/share\/\"><img src=\"http:\/\/static.hupso.com\/share\/buttons\/lang\/es\/share-small.png\" style=\"border:0px; padding-top:2px; float:left;\" alt=\"Share Button\"\/><\/a><script type=\"text\/javascript\">var hupso_services_c=new Array(\"twitter\",\"facebook_like\",\"google\");var hupso_counters_lang = \"es_LA\";var hupso_image_folder_url = \"\";var hupso_twitter_via=\"crsyvrs\";var hupso_url_c=\"\";<\/script><script type=\"text\/javascript\" src=\"http:\/\/static.hupso.com\/share\/js\/counters.js\"><\/script><!-- Hupso Share Buttons --><\/div><p>Con la direcci\u00f3n de Mart\u00edn \u201cCampi\u201d Campilongo y con Antonio Gasalla como invitado especial, las actividades se desarrollar\u00e1n del 24 al 26 de octubre en distintos espacios porte\u00f1os. Del 24 al 26 de octubre se desarrollar\u00e1 el \u201cSegundo Festival&#46;&#46;&#46;<\/p>\n<div style=\"padding-bottom:20px; padding-top:10px;\" class=\"hupso-share-buttons\"><!-- Hupso Share Buttons - https:\/\/www.hupso.com\/share\/ --><a class=\"hupso_counters\" href=\"https:\/\/www.hupso.com\/share\/\"><img src=\"http:\/\/static.hupso.com\/share\/buttons\/lang\/es\/share-small.png\" style=\"border:0px; padding-top:2px; float:left;\" alt=\"Share Button\"\/><\/a><script type=\"text\/javascript\">var hupso_services_c=new Array(\"twitter\",\"facebook_like\",\"google\");var hupso_counters_lang = \"es_LA\";var hupso_image_folder_url = \"\";var hupso_twitter_via=\"crsyvrs\";var hupso_url_c=\"\";<\/script><script type=\"text\/javascript\" src=\"http:\/\/static.hupso.com\/share\/js\/counters.js\"><\/script><!-- Hupso Share Buttons --><\/div>","protected":false},"author":5,"featured_media":0,"comment_status":"open","ping_status":"open","sticky":false,"template":"","format":"standard","meta":{"footnotes":""},"categories":[5],"tags":[3146,3145,1878,3144],"class_list":["post-4035","post","type-post","status-publish","format-standard","hentry","category-teatro","tag-antonio-gasalla","tag-campi","tag-museo-del-humor","tag-segundo-festival-del-humor-de-buenos-aires"],"_links":{"self":[{"href":"http:\/\/cronicasyversiones.com\/index.php?rest_route=\/wp\/v2\/posts\/4035","targetHints":{"allow":["GET"]}}],"collection":[{"href":"http:\/\/cronicasyversiones.com\/index.php?rest_route=\/wp\/v2\/posts"}],"about":[{"href":"http:\/\/cronicasyversiones.com\/index.php?rest_route=\/wp\/v2\/types\/post"}],"author":[{"embeddable":true,"href":"http:\/\/cronicasyversiones.com\/index.php?rest_route=\/wp\/v2\/users\/5"}],"replies":[{"embeddable":true,"href":"http:\/\/cronicasyversiones.com\/index.php?rest_route=%2Fwp%2Fv2%2Fcomments&post=4035"}],"version-history":[{"count":0,"href":"http:\/\/cronicasyversiones.com\/index.php?rest_route=\/wp\/v2\/posts\/4035\/revisions"}],"wp:attachment":[{"href":"http:\/\/cronicasyversiones.com\/index.php?rest_route=%2Fwp%2Fv2%2Fmedia&parent=4035"}],"wp:term":[{"taxonomy":"category","embeddable":true,"href":"http:\/\/cronicasyversiones.com\/index.php?rest_route=%2Fwp%2Fv2%2Fcategories&post=4035"},{"taxonomy":"post_tag","embeddable":true,"href":"http:\/\/cronicasyversiones.com\/index.php?rest_route=%2Fwp%2Fv2%2Ftags&post=4035"}],"curies":[{"name":"wp","href":"https:\/\/api.w.org\/{rel}","templated":true}]}}