{"id":4040,"date":"2014-10-21T15:38:25","date_gmt":"2014-10-21T18:38:25","guid":{"rendered":"http:\/\/cronicasyversiones.com\/?p=4040"},"modified":"2014-10-21T15:38:25","modified_gmt":"2014-10-21T18:38:25","slug":"quino-y-su-filosa-ironia-la-vejez-es-un-conazo","status":"publish","type":"post","link":"http:\/\/cronicasyversiones.com\/?p=4040","title":{"rendered":"Quino y su filosa iron\u00eda: \u00abLa vejez es un co\u00f1azo\u00bb"},"content":{"rendered":"<div style=\"padding-bottom:20px; padding-top:10px;\" class=\"hupso-share-buttons\"><!-- Hupso Share Buttons - https:\/\/www.hupso.com\/share\/ --><a class=\"hupso_counters\" href=\"https:\/\/www.hupso.com\/share\/\"><img decoding=\"async\" src=\"http:\/\/static.hupso.com\/share\/buttons\/lang\/es\/share-small.png\" style=\"border:0px; padding-top:2px; float:left;\" alt=\"Share Button\"\/><\/a><script type=\"text\/javascript\">var hupso_services_c=new Array(\"twitter\",\"facebook_like\",\"google\");var hupso_counters_lang = \"es_LA\";var hupso_image_folder_url = \"\";var hupso_twitter_via=\"crsyvrs\";var hupso_url_c=\"\";<\/script><script type=\"text\/javascript\" src=\"http:\/\/static.hupso.com\/share\/js\/counters.js\"><\/script><!-- Hupso Share Buttons --><\/div><h2 style=\"text-align: justify;\">El creador de Mafalda, que se encuentra en Espa\u00f1a para recibir el Premio Pr\u00edncipe de Asturias, hizo gala de su sentido del humor para referirse a la etapa de vida que est\u00e1 atravesando.<\/h2>\n<p><a href=\"http:\/\/cronicasyversiones.com\/wp-content\/uploads\/2014\/10\/Quino-Joseph-Perez-galardonados-Oviedo_TINIMA20141020_0966_5.jpg\"><img loading=\"lazy\" decoding=\"async\" class=\"size-full wp-image-4041 aligncenter\" src=\"http:\/\/cronicasyversiones.com\/wp-content\/uploads\/2014\/10\/Quino-Joseph-Perez-galardonados-Oviedo_TINIMA20141020_0966_5.jpg\" alt=\"Quino-Joseph-Perez-galardonados-Oviedo_TINIMA20141020_0966_5\" width=\"627\" height=\"352\" srcset=\"http:\/\/cronicasyversiones.com\/wp-content\/uploads\/2014\/10\/Quino-Joseph-Perez-galardonados-Oviedo_TINIMA20141020_0966_5.jpg 627w, http:\/\/cronicasyversiones.com\/wp-content\/uploads\/2014\/10\/Quino-Joseph-Perez-galardonados-Oviedo_TINIMA20141020_0966_5-300x168.jpg 300w, http:\/\/cronicasyversiones.com\/wp-content\/uploads\/2014\/10\/Quino-Joseph-Perez-galardonados-Oviedo_TINIMA20141020_0966_5-624x350.jpg 624w\" sizes=\"auto, (max-width: 627px) 100vw, 627px\" \/><\/a><\/p>\n<p style=\"text-align: justify;\"><strong>Quino<\/strong>, el pap\u00e1 de <strong><a href=\"http:\/\/cronicasyversiones.com\/?p=3732\" target=\"_blank\">Mafalda<\/a>,<\/strong> dispar\u00f3 tu filosa iron\u00eda a prop\u00f3sito de la etapa de la vida que le toa transitar durante la conferencia de prensa con motivo del <strong>Premio Pr\u00edncipe de Asturias<\/strong>, en la categor\u00eda de Comunicaci\u00f3n y Humanidades, que le entregar\u00e1n este viernes en Oviedo, Espa\u00f1a,<\/p>\n<p style=\"text-align: justify;\"><strong>\u00abLa vejez es un co\u00f1azo\u00bb,<\/strong> dispar\u00f3 Quino, que transita sus l\u00facidos 82 a\u00f1os, mientras continua celebrando los 50 a\u00f1os de Mafalda, un de sus m\u00e1s geniales creaciones.<\/p>\n<p style=\"text-align: justify;\">Por otra parte, el humorista gr\u00e1fico<strong> traz\u00f3 un paralelo entre la vejez un \u00abgolpe de estado\u00bb<\/strong> que da un dictador y que le dice lo que ya no puede comer o beber. \u00abY no s\u00f3lo placeres, sino necesidades vitales de moverse\u00bb, coment\u00f3, describiendo que cuando era joven le costaba muy poco correr o levantar una pierna.<\/p>\n<p style=\"text-align: center;\"><em><strong>\u00abCuando te haces viejo es como si hubiera venido un r\u00e9gimen que te va prohibiendo cosas\u00bb, dijo, con humor, sobre la etapa crepuscular de la vida.<\/strong><\/em><\/p>\n<p style=\"text-align: justify;\"><strong>Joaqu\u00edn Salvador Lavado<\/strong>, el verdadero nombre del humorista gr\u00e1fico, tuvo una c\u00e1lida recepci\u00f3n por parte de los ni\u00f1os de Asturias. <strong>\u00abEspero que estos ni\u00f1os tan bonitos no sean los corruptos de ma\u00f1ana<\/strong>\u00ab, solt\u00f3 risue\u00f1o.<\/p>\n<p style=\"text-align: justify;\">Adem\u00e1s, asegur\u00f3 que <strong>Mafalda ya tiene \u00abvida propia\u00bb<\/strong> y casi este personaje no le pertenece y agrego que esa ni\u00f1a que amaba a Los Beatles y al P\u00e1jaro Loco seguir\u00eda diciciendo lo mismo que entonces, \u00abporque las cosas est\u00e1n igual o peor que cuando yo dej\u00e9 de dibujar\u00bb.<\/p>\n<div style=\"padding-bottom:20px; padding-top:10px;\" class=\"hupso-share-buttons\"><!-- Hupso Share Buttons - https:\/\/www.hupso.com\/share\/ --><a class=\"hupso_counters\" href=\"https:\/\/www.hupso.com\/share\/\"><img decoding=\"async\" src=\"http:\/\/static.hupso.com\/share\/buttons\/lang\/es\/share-small.png\" style=\"border:0px; padding-top:2px; float:left;\" alt=\"Share Button\"\/><\/a><script type=\"text\/javascript\">var hupso_services_c=new Array(\"twitter\",\"facebook_like\",\"google\");var hupso_counters_lang = \"es_LA\";var hupso_image_folder_url = \"\";var hupso_twitter_via=\"crsyvrs\";var hupso_url_c=\"\";<\/script><script type=\"text\/javascript\" src=\"http:\/\/static.hupso.com\/share\/js\/counters.js\"><\/script><!-- Hupso Share Buttons --><\/div> ","protected":false},"excerpt":{"rendered":"<div style=\"padding-bottom:20px; padding-top:10px;\" class=\"hupso-share-buttons\"><!-- Hupso Share Buttons - https:\/\/www.hupso.com\/share\/ --><a class=\"hupso_counters\" href=\"https:\/\/www.hupso.com\/share\/\"><img src=\"http:\/\/static.hupso.com\/share\/buttons\/lang\/es\/share-small.png\" style=\"border:0px; padding-top:2px; float:left;\" alt=\"Share Button\"\/><\/a><script type=\"text\/javascript\">var hupso_services_c=new Array(\"twitter\",\"facebook_like\",\"google\");var hupso_counters_lang = \"es_LA\";var hupso_image_folder_url = \"\";var hupso_twitter_via=\"crsyvrs\";var hupso_url_c=\"\";<\/script><script type=\"text\/javascript\" src=\"http:\/\/static.hupso.com\/share\/js\/counters.js\"><\/script><!-- Hupso Share Buttons --><\/div><p>El creador de Mafalda, que se encuentra en Espa\u00f1a para recibir el Premio Pr\u00edncipe de Asturias, hizo gala de su sentido del humor para referirse a la etapa de vida que est\u00e1 atravesando. Quino, el pap\u00e1 de Mafalda, dispar\u00f3&#46;&#46;&#46;<\/p>\n<div style=\"padding-bottom:20px; padding-top:10px;\" class=\"hupso-share-buttons\"><!-- Hupso Share Buttons - https:\/\/www.hupso.com\/share\/ --><a class=\"hupso_counters\" href=\"https:\/\/www.hupso.com\/share\/\"><img src=\"http:\/\/static.hupso.com\/share\/buttons\/lang\/es\/share-small.png\" style=\"border:0px; padding-top:2px; float:left;\" alt=\"Share Button\"\/><\/a><script type=\"text\/javascript\">var hupso_services_c=new Array(\"twitter\",\"facebook_like\",\"google\");var hupso_counters_lang = \"es_LA\";var hupso_image_folder_url = \"\";var hupso_twitter_via=\"crsyvrs\";var hupso_url_c=\"\";<\/script><script type=\"text\/javascript\" src=\"http:\/\/static.hupso.com\/share\/js\/counters.js\"><\/script><!-- Hupso Share Buttons --><\/div>","protected":false},"author":5,"featured_media":0,"comment_status":"open","ping_status":"open","sticky":false,"template":"","format":"standard","meta":{"footnotes":""},"categories":[2570,9],"tags":[62,1682,2786,850],"class_list":["post-4040","post","type-post","status-publish","format-standard","hentry","category-los-50-anos-de-mafalda","category-sociedad","tag-mafalda","tag-premio-principe-de-asturias-de-comunicacion-y-humanidades","tag-principe-de-arturias","tag-quino"],"_links":{"self":[{"href":"http:\/\/cronicasyversiones.com\/index.php?rest_route=\/wp\/v2\/posts\/4040","targetHints":{"allow":["GET"]}}],"collection":[{"href":"http:\/\/cronicasyversiones.com\/index.php?rest_route=\/wp\/v2\/posts"}],"about":[{"href":"http:\/\/cronicasyversiones.com\/index.php?rest_route=\/wp\/v2\/types\/post"}],"author":[{"embeddable":true,"href":"http:\/\/cronicasyversiones.com\/index.php?rest_route=\/wp\/v2\/users\/5"}],"replies":[{"embeddable":true,"href":"http:\/\/cronicasyversiones.com\/index.php?rest_route=%2Fwp%2Fv2%2Fcomments&post=4040"}],"version-history":[{"count":0,"href":"http:\/\/cronicasyversiones.com\/index.php?rest_route=\/wp\/v2\/posts\/4040\/revisions"}],"wp:attachment":[{"href":"http:\/\/cronicasyversiones.com\/index.php?rest_route=%2Fwp%2Fv2%2Fmedia&parent=4040"}],"wp:term":[{"taxonomy":"category","embeddable":true,"href":"http:\/\/cronicasyversiones.com\/index.php?rest_route=%2Fwp%2Fv2%2Fcategories&post=4040"},{"taxonomy":"post_tag","embeddable":true,"href":"http:\/\/cronicasyversiones.com\/index.php?rest_route=%2Fwp%2Fv2%2Ftags&post=4040"}],"curies":[{"name":"wp","href":"https:\/\/api.w.org\/{rel}","templated":true}]}}