{"id":4043,"date":"2014-10-22T08:07:15","date_gmt":"2014-10-22T11:07:15","guid":{"rendered":"http:\/\/cronicasyversiones.com\/?p=4043"},"modified":"2014-10-22T08:07:15","modified_gmt":"2014-10-22T11:07:15","slug":"fase-6-0-el-arte-transmedial-llega-al-centro-cultural-recoleta","status":"publish","type":"post","link":"http:\/\/cronicasyversiones.com\/?p=4043","title":{"rendered":"FASE 6.0, el arte transmedial llega al Centro Cultural Recoleta"},"content":{"rendered":"<div style=\"padding-bottom:20px; padding-top:10px;\" class=\"hupso-share-buttons\"><!-- Hupso Share Buttons - https:\/\/www.hupso.com\/share\/ --><a class=\"hupso_counters\" href=\"https:\/\/www.hupso.com\/share\/\"><img decoding=\"async\" src=\"http:\/\/static.hupso.com\/share\/buttons\/lang\/es\/share-small.png\" style=\"border:0px; padding-top:2px; float:left;\" alt=\"Share Button\"\/><\/a><script type=\"text\/javascript\">var hupso_services_c=new Array(\"twitter\",\"facebook_like\",\"google\");var hupso_counters_lang = \"es_LA\";var hupso_image_folder_url = \"\";var hupso_twitter_via=\"crsyvrs\";var hupso_url_c=\"\";<\/script><script type=\"text\/javascript\" src=\"http:\/\/static.hupso.com\/share\/js\/counters.js\"><\/script><!-- Hupso Share Buttons --><\/div><h2 style=\"text-align: justify;\">En esta movida cultural habr\u00e1 video instalaciones, colectivos de artistas, performances, seminarios, intervenciones y un homenaje a la artista Narcisa Hirsch.<\/h2>\n<p><a href=\"http:\/\/cronicasyversiones.com\/wp-content\/uploads\/2014\/10\/6.jpg\"><img loading=\"lazy\" decoding=\"async\" class=\"wp-image-4044 aligncenter\" src=\"http:\/\/cronicasyversiones.com\/wp-content\/uploads\/2014\/10\/6.jpg\" alt=\"6\" width=\"778\" height=\"401\" srcset=\"http:\/\/cronicasyversiones.com\/wp-content\/uploads\/2014\/10\/6.jpg 970w, http:\/\/cronicasyversiones.com\/wp-content\/uploads\/2014\/10\/6-300x154.jpg 300w, http:\/\/cronicasyversiones.com\/wp-content\/uploads\/2014\/10\/6-624x321.jpg 624w\" sizes=\"auto, (max-width: 778px) 100vw, 778px\" \/><\/a><\/p>\n<p><strong>FASE 6.0<\/strong>, una movida cultural que propone la experimentaci\u00f3n, se inaugura el pr\u00f3ximo s\u00e1bado a las 11 en el <strong>Centro Cultural Recoleta<\/strong> con video instalaciones, colectivos de artistas, performances, seminarios, intervenciones y un homenaje a <strong>Narcisa Hirsch,<\/strong> una pionera del arte y la tecnolog\u00eda.<\/p>\n<p>Bajo el lema <em><strong>\u00abTecnolog\u00edas: Pol\u00edticas y Po\u00e9ticas\u00bb,<\/strong><\/em> la muestra contar\u00e1 con la direcci\u00f3n de Pelusa Borthwick, Patricia Moreira y Marcela Andino, con la curadur\u00eda de Juan Pablo Ferlat, Silvana Spadaccini, Marcelo Marzoni y Jazmin Adler.<\/p>\n<p>Se presentar\u00e1n obras de <strong>Leo N\u00fa\u00f1ez, Germ\u00e1n Sar y Agostina Uribarri<\/strong> (IUNA), Fabiana Gallegos y Eva Semino (UNTREF) y Mariana Lombard, Agust\u00edn R. Anzorena y Leandro Yabkowski (ArtexArte), entre otros.<\/p>\n<p><strong>Narcisa Hirsch<\/strong> (Berl\u00edn 1928) se inici\u00f3 en la pintura pero pronto se abri\u00f3 a otras experiencias est\u00e9ticas y se convirti\u00f3 en una pionera de la experimentaci\u00f3n audiovisual a trav\u00e9s de instalaciones, objetos, <strong>performances, grafitis e intervenciones urbanas.<\/strong><\/p>\n<p>En el evento habr\u00e1 m\u00e1s de 10 obras interactivas abiertas a la participaci\u00f3n de los visitantes, entre las cuales pueden mencionarse a\u00a0<em> \u00abDesilusiones \u00f3pticas\u00bb,<\/em> de Leo N\u00fa\u00f1ez; <em><strong>\u00abMec\u00e1nica de la dial\u00e9ctica\u00bb,<\/strong><\/em> de Germ\u00e1n Sar; <em><strong>\u00abInstalarse, habitar, vivir\u00bb<\/strong><\/em>, una instalaci\u00f3n interactiva que presenta la galer\u00eda Arte x Arte.<\/p>\n<p>La muestra se desarrollar\u00e1 hasta el 9 de noviembre en el Centro Cultural Recoleta, ubicado en Jun\u00edn 1930, s\u00e1bados y domingo de 12 a 20.30 y martes, mi\u00e9rcoles y jueves de 13 a 20.30. El lunes 27, el centro permanecer\u00e1 cerrado.<\/p>\n<p>&nbsp;<\/p>\n<div style=\"padding-bottom:20px; padding-top:10px;\" class=\"hupso-share-buttons\"><!-- Hupso Share Buttons - https:\/\/www.hupso.com\/share\/ --><a class=\"hupso_counters\" href=\"https:\/\/www.hupso.com\/share\/\"><img decoding=\"async\" src=\"http:\/\/static.hupso.com\/share\/buttons\/lang\/es\/share-small.png\" style=\"border:0px; padding-top:2px; float:left;\" alt=\"Share Button\"\/><\/a><script type=\"text\/javascript\">var hupso_services_c=new Array(\"twitter\",\"facebook_like\",\"google\");var hupso_counters_lang = \"es_LA\";var hupso_image_folder_url = \"\";var hupso_twitter_via=\"crsyvrs\";var hupso_url_c=\"\";<\/script><script type=\"text\/javascript\" src=\"http:\/\/static.hupso.com\/share\/js\/counters.js\"><\/script><!-- Hupso Share Buttons --><\/div> ","protected":false},"excerpt":{"rendered":"<div style=\"padding-bottom:20px; padding-top:10px;\" class=\"hupso-share-buttons\"><!-- Hupso Share Buttons - https:\/\/www.hupso.com\/share\/ --><a class=\"hupso_counters\" href=\"https:\/\/www.hupso.com\/share\/\"><img src=\"http:\/\/static.hupso.com\/share\/buttons\/lang\/es\/share-small.png\" style=\"border:0px; padding-top:2px; float:left;\" alt=\"Share Button\"\/><\/a><script type=\"text\/javascript\">var hupso_services_c=new Array(\"twitter\",\"facebook_like\",\"google\");var hupso_counters_lang = \"es_LA\";var hupso_image_folder_url = \"\";var hupso_twitter_via=\"crsyvrs\";var hupso_url_c=\"\";<\/script><script type=\"text\/javascript\" src=\"http:\/\/static.hupso.com\/share\/js\/counters.js\"><\/script><!-- Hupso Share Buttons --><\/div><p>En esta movida cultural habr\u00e1 video instalaciones, colectivos de artistas, performances, seminarios, intervenciones y un homenaje a la artista Narcisa Hirsch. FASE 6.0, una movida cultural que propone la experimentaci\u00f3n, se inaugura el pr\u00f3ximo s\u00e1bado a las 11 en&#46;&#46;&#46;<\/p>\n<div style=\"padding-bottom:20px; padding-top:10px;\" class=\"hupso-share-buttons\"><!-- Hupso Share Buttons - https:\/\/www.hupso.com\/share\/ --><a class=\"hupso_counters\" href=\"https:\/\/www.hupso.com\/share\/\"><img src=\"http:\/\/static.hupso.com\/share\/buttons\/lang\/es\/share-small.png\" style=\"border:0px; padding-top:2px; float:left;\" alt=\"Share Button\"\/><\/a><script type=\"text\/javascript\">var hupso_services_c=new Array(\"twitter\",\"facebook_like\",\"google\");var hupso_counters_lang = \"es_LA\";var hupso_image_folder_url = \"\";var hupso_twitter_via=\"crsyvrs\";var hupso_url_c=\"\";<\/script><script type=\"text\/javascript\" src=\"http:\/\/static.hupso.com\/share\/js\/counters.js\"><\/script><!-- Hupso Share Buttons --><\/div>","protected":false},"author":5,"featured_media":0,"comment_status":"open","ping_status":"open","sticky":false,"template":"","format":"standard","meta":{"footnotes":""},"categories":[8],"tags":[180,3147,3148],"class_list":["post-4043","post","type-post","status-publish","format-standard","hentry","category-artes-plasticas","tag-centro-cultural-recoleta","tag-fase-6-0","tag-narcisa-hirsch"],"_links":{"self":[{"href":"http:\/\/cronicasyversiones.com\/index.php?rest_route=\/wp\/v2\/posts\/4043","targetHints":{"allow":["GET"]}}],"collection":[{"href":"http:\/\/cronicasyversiones.com\/index.php?rest_route=\/wp\/v2\/posts"}],"about":[{"href":"http:\/\/cronicasyversiones.com\/index.php?rest_route=\/wp\/v2\/types\/post"}],"author":[{"embeddable":true,"href":"http:\/\/cronicasyversiones.com\/index.php?rest_route=\/wp\/v2\/users\/5"}],"replies":[{"embeddable":true,"href":"http:\/\/cronicasyversiones.com\/index.php?rest_route=%2Fwp%2Fv2%2Fcomments&post=4043"}],"version-history":[{"count":0,"href":"http:\/\/cronicasyversiones.com\/index.php?rest_route=\/wp\/v2\/posts\/4043\/revisions"}],"wp:attachment":[{"href":"http:\/\/cronicasyversiones.com\/index.php?rest_route=%2Fwp%2Fv2%2Fmedia&parent=4043"}],"wp:term":[{"taxonomy":"category","embeddable":true,"href":"http:\/\/cronicasyversiones.com\/index.php?rest_route=%2Fwp%2Fv2%2Fcategories&post=4043"},{"taxonomy":"post_tag","embeddable":true,"href":"http:\/\/cronicasyversiones.com\/index.php?rest_route=%2Fwp%2Fv2%2Ftags&post=4043"}],"curies":[{"name":"wp","href":"https:\/\/api.w.org\/{rel}","templated":true}]}}