{"id":40508,"date":"2025-09-15T11:37:59","date_gmt":"2025-09-15T14:37:59","guid":{"rendered":"http:\/\/cronicasyversiones.com\/?p=40508"},"modified":"2025-09-15T11:40:49","modified_gmt":"2025-09-15T14:40:49","slug":"llega-la-edicion-2025-del-festival-vinilo","status":"publish","type":"post","link":"http:\/\/cronicasyversiones.com\/?p=40508","title":{"rendered":"Llega la Edici\u00f3n 2025 del \u00abFestival Vinilo\u00bb"},"content":{"rendered":"<div style=\"padding-bottom:20px; padding-top:10px;\" class=\"hupso-share-buttons\"><!-- Hupso Share Buttons - https:\/\/www.hupso.com\/share\/ --><a class=\"hupso_counters\" href=\"https:\/\/www.hupso.com\/share\/\"><img decoding=\"async\" src=\"http:\/\/static.hupso.com\/share\/buttons\/lang\/es\/share-small.png\" style=\"border:0px; padding-top:2px; float:left;\" alt=\"Share Button\"\/><\/a><script type=\"text\/javascript\">var hupso_services_c=new Array(\"twitter\",\"facebook_like\",\"google\");var hupso_counters_lang = \"es_LA\";var hupso_image_folder_url = \"\";var hupso_twitter_via=\"crsyvrs\";var hupso_url_c=\"\";<\/script><script type=\"text\/javascript\" src=\"http:\/\/static.hupso.com\/share\/js\/counters.js\"><\/script><!-- Hupso Share Buttons --><\/div><h2>La programaci\u00f3n del encuentro incluye talleres y conciertos de variados g\u00e9neros musicales y artistas invitados.<\/h2>\n<h2><img loading=\"lazy\" decoding=\"async\" class=\"aligncenter\" src=\"https:\/\/cafevinilo.com.ar\/wp-content\/uploads\/2025\/08\/sandra-taller-480x480.png\" width=\"471\" height=\"471\" \/><\/h2>\n<p>Luego \u00a0haber cumplido 3 a\u00f1os en su nuevo espacio del barrio de San Crist\u00f3bal, los productores de <strong>Caf\u00e9 Vinilo<\/strong>, <strong>Teresa Rodriguez y Eduardo Misch<\/strong>, celebran organizando el <strong>Festival Vinilo \u2013 Edici\u00f3n 2025<\/strong> con una programaci\u00f3n muy especial, incluyendo actividades abiertas a la comunidad tanto para adultos como para las infancias.<\/p>\n<p>Habr\u00e1 talleres de m\u00fasica, de canto, de teatro, conciertos de variados g\u00e9neros musicales y artistas invitados. Tambi\u00e9n Caf\u00e9 Vinilo expande sus fronteras para los m\u00e1s peque\u00f1os organizando espect\u00e1culos para las infancias y la producci\u00f3n de conciertos did\u00e1cticos para el jard\u00edn de infantes de la escuela Normal 8 del barrio de Boedo.<\/p>\n<p>Como novedad t\u00e9cnica, los conciertos ser\u00e1n transmitidos por streaming en el canal de YouTube de Caf\u00e9 Vinilo.<\/p>\n<p>Este proyecto cuenta con el acompa\u00f1amiento de Fundaci\u00f3n Santander Argentina a trav\u00e9s del R\u00e9gimen de Promoci\u00f3n Cultural (Mecenazgo) \u00a0del Ministerio de Cultura de la Ciudad de Buenos Aires.<\/p>\n<blockquote class=\"instagram-media\" style=\"background: #FFF; border: 0; border-radius: 3px; box-shadow: 0 0 1px 0 rgba(0,0,0,0.5),0 1px 10px 0 rgba(0,0,0,0.15); margin: 1px; max-width: 540px; min-width: 326px; padding: 0; width: calc(100% - 2px);\" data-instgrm-captioned=\"\" data-instgrm-permalink=\"https:\/\/www.instagram.com\/p\/DOXRRhZgMHb\/?utm_source=ig_embed&amp;utm_campaign=loading\" data-instgrm-version=\"14\">\n<div style=\"padding: 16px;\">\n<div style=\"display: flex; flex-direction: row; align-items: center;\">\n<div style=\"background-color: #f4f4f4; border-radius: 50%; flex-grow: 0; height: 40px; margin-right: 14px; width: 40px;\"><\/div>\n<div style=\"display: flex; flex-direction: column; flex-grow: 1; justify-content: center;\">\n<div style=\"background-color: #f4f4f4; border-radius: 4px; flex-grow: 0; height: 14px; margin-bottom: 6px; width: 100px;\"><\/div>\n<div style=\"background-color: #f4f4f4; border-radius: 4px; flex-grow: 0; height: 14px; width: 60px;\"><\/div>\n<\/div>\n<\/div>\n<div style=\"padding: 19% 0;\"><\/div>\n<div style=\"display: block; height: 50px; margin: 0 auto 12px; width: 50px;\"><\/div>\n<div style=\"padding-top: 8px;\">\n<div style=\"color: #3897f0; font-family: Arial,sans-serif; font-size: 14px; font-style: normal; font-weight: 550; line-height: 18px;\">Ver esta publicaci\u00f3n en Instagram<\/div>\n<\/div>\n<div style=\"padding: 12.5% 0;\"><\/div>\n<div style=\"display: flex; flex-direction: row; margin-bottom: 14px; align-items: center;\">\n<div>\n<div style=\"background-color: #f4f4f4; border-radius: 50%; height: 12.5px; width: 12.5px; transform: translateX(0px) translateY(7px);\"><\/div>\n<div style=\"background-color: #f4f4f4; height: 12.5px; transform: rotate(-45deg) translateX(3px) translateY(1px); width: 12.5px; flex-grow: 0; margin-right: 14px; margin-left: 2px;\"><\/div>\n<div style=\"background-color: #f4f4f4; border-radius: 50%; height: 12.5px; width: 12.5px; transform: translateX(9px) translateY(-18px);\"><\/div>\n<\/div>\n<div style=\"margin-left: 8px;\">\n<div style=\"background-color: #f4f4f4; border-radius: 50%; flex-grow: 0; height: 20px; width: 20px;\"><\/div>\n<div style=\"width: 0; height: 0; border-top: 2px solid transparent; border-left: 6px solid #f4f4f4; border-bottom: 2px solid transparent; transform: translateX(16px) translateY(-4px) rotate(30deg);\"><\/div>\n<\/div>\n<div style=\"margin-left: auto;\">\n<div style=\"width: 0px; border-top: 8px solid #F4F4F4; border-right: 8px solid transparent; transform: translateY(16px);\"><\/div>\n<div style=\"background-color: #f4f4f4; flex-grow: 0; height: 12px; width: 16px; transform: translateY(-4px);\"><\/div>\n<div style=\"width: 0; height: 0; border-top: 8px solid #F4F4F4; border-left: 8px solid transparent; transform: translateY(-4px) translateX(8px);\"><\/div>\n<\/div>\n<\/div>\n<div style=\"display: flex; flex-direction: column; flex-grow: 1; justify-content: center; margin-bottom: 24px;\">\n<div style=\"background-color: #f4f4f4; border-radius: 4px; flex-grow: 0; height: 14px; margin-bottom: 6px; width: 224px;\"><\/div>\n<div style=\"background-color: #f4f4f4; border-radius: 4px; flex-grow: 0; height: 14px; width: 144px;\"><\/div>\n<\/div>\n<p style=\"color: #c9c8cd; font-family: Arial,sans-serif; font-size: 14px; line-height: 17px; margin-bottom: 0; margin-top: 8px; overflow: hidden; padding: 8px 0 7px; text-align: center; text-overflow: ellipsis; white-space: nowrap;\"><a style=\"color: #c9c8cd; font-family: Arial,sans-serif; font-size: 14px; font-style: normal; font-weight: normal; line-height: 17px; text-decoration: none;\" href=\"https:\/\/www.instagram.com\/p\/DOXRRhZgMHb\/?utm_source=ig_embed&amp;utm_campaign=loading\" target=\"_blank\" rel=\"noopener\">Una publicaci\u00f3n compartida por Caf\u00e9 Vinilo Buenos Aires (@cafeviniloba)<\/a><\/p>\n<\/div>\n<\/blockquote>\n<p><script async src=\"\/\/www.instagram.com\/embed.js\"><\/script><\/p>\n<h2>La programaci\u00f3n<\/h2>\n<p>Martes 16 de septiembre a las 18: Taller \u201cM\u00e1s ac\u00e1 de la improvisaci\u00f3n\u201d a cargo de Hern\u00e1n R\u00edos<\/p>\n<p>Jueves 18 de septiembre a las 21: Apertura del Festival a cargo de Jos\u00e9 Saluzzi<\/p>\n<p>Viernes 19 de septiembre a las 21: \u00a0Sandra Peralta y Leando Caccioni<\/p>\n<p>S\u00e1bado 20 de septiembre 15 y 16:30: Acariciando cuentos<\/p>\n<p>S\u00e1bado 20 de septiembre a las 21: Hern\u00e1n R\u00edos y Facundo Guevara.<\/p>\n<p>Domingo 21 de septiembre a las 16: El sonido de los Libros<\/p>\n<p>Domingo 21 de septiembre a las 21: Nuevo ciclo de m\u00fasica cl\u00e1sica<\/p>\n<p>Lunes 22 de septiembre: Concierto did\u00e1ctico en la escuela Normal N\u00b0 8 en el barrio de Boedo a cargo de \u201cSoneros del Calaman\u00ed\u201d.<\/p>\n<p>Martes 23 de septiembre a las 18:30: Taller de canto a cargo de Sandra Peralta<\/p>\n<p>Mi\u00e9rcoles 24 de septiembre \u00a0a las 19: Taller de Teatro a cargo de Eduardo Misch.<\/p>\n<p>Jueves 25 de septiembre a las 21: NPA (Nuevo Piano Argentino)<\/p>\n<p>Viernes 26 de septiembre a las 21: Ernesto Snajer presenta \u00ab8 piezas para d\u00fao de guitarras\u00bb<\/p>\n<p>S\u00e1bado 27 de septiembre a las 21: Soneros del Calaman\u00ed<\/p>\n<p>Toda la informaci\u00f3n sobre las actividades se encuentra en la p\u00e1gina web<\/p>\n<p>www.cafevinilo.com.ar y en sus redes sociales<\/p>\n<div style=\"padding-bottom:20px; padding-top:10px;\" class=\"hupso-share-buttons\"><!-- Hupso Share Buttons - https:\/\/www.hupso.com\/share\/ --><a class=\"hupso_counters\" href=\"https:\/\/www.hupso.com\/share\/\"><img decoding=\"async\" src=\"http:\/\/static.hupso.com\/share\/buttons\/lang\/es\/share-small.png\" style=\"border:0px; padding-top:2px; float:left;\" alt=\"Share Button\"\/><\/a><script type=\"text\/javascript\">var hupso_services_c=new Array(\"twitter\",\"facebook_like\",\"google\");var hupso_counters_lang = \"es_LA\";var hupso_image_folder_url = \"\";var hupso_twitter_via=\"crsyvrs\";var hupso_url_c=\"\";<\/script><script type=\"text\/javascript\" src=\"http:\/\/static.hupso.com\/share\/js\/counters.js\"><\/script><!-- Hupso Share Buttons --><\/div> ","protected":false},"excerpt":{"rendered":"<div style=\"padding-bottom:20px; padding-top:10px;\" class=\"hupso-share-buttons\"><!-- Hupso Share Buttons - https:\/\/www.hupso.com\/share\/ --><a class=\"hupso_counters\" href=\"https:\/\/www.hupso.com\/share\/\"><img src=\"http:\/\/static.hupso.com\/share\/buttons\/lang\/es\/share-small.png\" style=\"border:0px; padding-top:2px; float:left;\" alt=\"Share Button\"\/><\/a><script type=\"text\/javascript\">var hupso_services_c=new Array(\"twitter\",\"facebook_like\",\"google\");var hupso_counters_lang = \"es_LA\";var hupso_image_folder_url = \"\";var hupso_twitter_via=\"crsyvrs\";var hupso_url_c=\"\";<\/script><script type=\"text\/javascript\" src=\"http:\/\/static.hupso.com\/share\/js\/counters.js\"><\/script><!-- Hupso Share Buttons --><\/div><p>La programaci\u00f3n del encuentro incluye talleres y conciertos de variados g\u00e9neros musicales y artistas invitados. Luego \u00a0haber cumplido 3 a\u00f1os en su nuevo espacio del barrio de San Crist\u00f3bal, los productores de Caf\u00e9 Vinilo, Teresa Rodriguez y Eduardo Misch,&#46;&#46;&#46;<\/p>\n<div style=\"padding-bottom:20px; padding-top:10px;\" class=\"hupso-share-buttons\"><!-- Hupso Share Buttons - https:\/\/www.hupso.com\/share\/ --><a class=\"hupso_counters\" href=\"https:\/\/www.hupso.com\/share\/\"><img src=\"http:\/\/static.hupso.com\/share\/buttons\/lang\/es\/share-small.png\" style=\"border:0px; padding-top:2px; float:left;\" alt=\"Share Button\"\/><\/a><script type=\"text\/javascript\">var hupso_services_c=new Array(\"twitter\",\"facebook_like\",\"google\");var hupso_counters_lang = \"es_LA\";var hupso_image_folder_url = \"\";var hupso_twitter_via=\"crsyvrs\";var hupso_url_c=\"\";<\/script><script type=\"text\/javascript\" src=\"http:\/\/static.hupso.com\/share\/js\/counters.js\"><\/script><!-- Hupso Share Buttons --><\/div>","protected":false},"author":5,"featured_media":40511,"comment_status":"closed","ping_status":"closed","sticky":false,"template":"","format":"standard","meta":{"footnotes":""},"categories":[3],"tags":[],"class_list":["post-40508","post","type-post","status-publish","format-standard","has-post-thumbnail","hentry","category-musica"],"_links":{"self":[{"href":"http:\/\/cronicasyversiones.com\/index.php?rest_route=\/wp\/v2\/posts\/40508","targetHints":{"allow":["GET"]}}],"collection":[{"href":"http:\/\/cronicasyversiones.com\/index.php?rest_route=\/wp\/v2\/posts"}],"about":[{"href":"http:\/\/cronicasyversiones.com\/index.php?rest_route=\/wp\/v2\/types\/post"}],"author":[{"embeddable":true,"href":"http:\/\/cronicasyversiones.com\/index.php?rest_route=\/wp\/v2\/users\/5"}],"replies":[{"embeddable":true,"href":"http:\/\/cronicasyversiones.com\/index.php?rest_route=%2Fwp%2Fv2%2Fcomments&post=40508"}],"version-history":[{"count":2,"href":"http:\/\/cronicasyversiones.com\/index.php?rest_route=\/wp\/v2\/posts\/40508\/revisions"}],"predecessor-version":[{"id":40512,"href":"http:\/\/cronicasyversiones.com\/index.php?rest_route=\/wp\/v2\/posts\/40508\/revisions\/40512"}],"wp:featuredmedia":[{"embeddable":true,"href":"http:\/\/cronicasyversiones.com\/index.php?rest_route=\/wp\/v2\/media\/40511"}],"wp:attachment":[{"href":"http:\/\/cronicasyversiones.com\/index.php?rest_route=%2Fwp%2Fv2%2Fmedia&parent=40508"}],"wp:term":[{"taxonomy":"category","embeddable":true,"href":"http:\/\/cronicasyversiones.com\/index.php?rest_route=%2Fwp%2Fv2%2Fcategories&post=40508"},{"taxonomy":"post_tag","embeddable":true,"href":"http:\/\/cronicasyversiones.com\/index.php?rest_route=%2Fwp%2Fv2%2Ftags&post=40508"}],"curies":[{"name":"wp","href":"https:\/\/api.w.org\/{rel}","templated":true}]}}