{"id":40527,"date":"2025-09-18T12:12:32","date_gmt":"2025-09-18T15:12:32","guid":{"rendered":"http:\/\/cronicasyversiones.com\/?p=40527"},"modified":"2025-09-18T12:12:33","modified_gmt":"2025-09-18T15:12:33","slug":"georgina-hassan-celebra-los-20-anos-de-primera-luna","status":"publish","type":"post","link":"http:\/\/cronicasyversiones.com\/?p=40527","title":{"rendered":"Georgina Hassan celebra los 20 a\u00f1os de \u201cPrimera Luna\u201d"},"content":{"rendered":"<div style=\"padding-bottom:20px; padding-top:10px;\" class=\"hupso-share-buttons\"><!-- Hupso Share Buttons - https:\/\/www.hupso.com\/share\/ --><a class=\"hupso_counters\" href=\"https:\/\/www.hupso.com\/share\/\"><img decoding=\"async\" src=\"http:\/\/static.hupso.com\/share\/buttons\/lang\/es\/share-small.png\" style=\"border:0px; padding-top:2px; float:left;\" alt=\"Share Button\"\/><\/a><script type=\"text\/javascript\">var hupso_services_c=new Array(\"twitter\",\"facebook_like\",\"google\");var hupso_counters_lang = \"es_LA\";var hupso_image_folder_url = \"\";var hupso_twitter_via=\"crsyvrs\";var hupso_url_c=\"\";<\/script><script type=\"text\/javascript\" src=\"http:\/\/static.hupso.com\/share\/js\/counters.js\"><\/script><!-- Hupso Share Buttons --><\/div><h2>Celebrara su \u00e1lbum debut en un concierto \u00fanico y especial, junto a su grupo y a otros m\u00fasicos invitados<\/h2>\n<p><img loading=\"lazy\" decoding=\"async\" class=\"alignnone size-medium wp-image-40528 aligncenter\" src=\"http:\/\/cronicasyversiones.com\/wp-content\/uploads\/2025\/09\/unnamed-300x200.jpg\" alt=\"\" width=\"300\" height=\"200\" srcset=\"http:\/\/cronicasyversiones.com\/wp-content\/uploads\/2025\/09\/unnamed-300x200.jpg 300w, http:\/\/cronicasyversiones.com\/wp-content\/uploads\/2025\/09\/unnamed.jpg 512w\" sizes=\"auto, (max-width: 300px) 100vw, 300px\" \/><\/p>\n<p>La cantautora <strong>Georgina Hassan<\/strong> celebra los veinte a\u00f1os de su disco debut, <strong>\u201cPrimera Luna\u201d<\/strong> en un concierto \u00fanico y especial, junto a su grupo y a otros m\u00fasicos invitados. Juntos revivir\u00e1n las canciones de este trabajo inici\u00e1tico y tambi\u00e9n incluir\u00e1n otras del repertorio de la artista.<\/p>\n<p>La cita ser\u00e1 el viernes 3 de octubre a las 21 en el reducto porte\u00f1o <strong>Hasta Trilce,<\/strong> Maza 177. Entradas por<a href=\"https:\/\/hastatrilce.com.ar\/georgina-hassan-grupo\/\"> Alternativa Teatral.\u00a0<\/a><\/p>\n<p>Adem\u00e1s de Georgina Hassan, en voz, guitarra y cuatro venezolano, se suman\u00a0Pablo Fraguela en\u00a0 piano, acorde\u00f3n, coros y direcci\u00f3n musical,\u00a0Rafael Delgado en violoncello,\u00a0Guido Mart\u00ednez en contrabajo,\u00a0Facundo Guevara en percusi\u00f3n y\u00a0Maritza Pacheco Blanco en viol\u00edn.\u00a0M\u00fasicos invitados: Mishka Adams y Manuel \u00c1lvarez Ugarte.<\/p>\n<p><iframe loading=\"lazy\" title=\"YouTube video player\" src=\"https:\/\/www.youtube.com\/embed\/GBC5T3D3o_U?si=vmsFmvSA1kLSilHC\" width=\"560\" height=\"315\" frameborder=\"0\" allowfullscreen=\"allowfullscreen\"><\/iframe><\/p>\n<p>Si bien Georgina comenz\u00f3 su carrera art\u00edstica mucho tiempo antes, fue la edici\u00f3n de Primera Luna, su primer disco solista, lanzado en el a\u00f1o 2005 por el sello discogr\u00e1fico DBN, la que le abri\u00f3 las puertas de los escenarios de Argentina y del mundo.<\/p>\n<p>\u201cPrimera Luna\u201d cont\u00f3 con los arreglos y la direcci\u00f3n musical de Pablo Fraguela, y la producci\u00f3n art\u00edstica de Ariel Hassan.<\/p>\n<p>En \u00e9l participaron Ricardo C\u00e1nepa en contrabajo, Mat\u00edas Furi\u00f3 en percusi\u00f3n, Ram\u00f3n Maschio en guitarra espa\u00f1ola, Juan Buonuome en bater\u00eda, Osiris Rodr\u00edguez en viol\u00edn, Pablo Fraguela, en piano y acorde\u00f3n, y la propia Georgina en guitarra y cuatro venezolano.\u00a0Adem\u00e1s, el disco conto? con Kevin Johansen, Juan Cruz Urquiza y Alberto Hassan como invitados especiales.<\/p>\n<p>Para conocer algunas de las canciones que integran Primera Luna, adjuntamos los links a los videos que realiz\u00f3 Ariel Hassan durante la grabaci\u00f3n del disco.<\/p>\n<p>Georgina es una de las artistas m\u00e1s representativas de la nueva canci\u00f3n latinoamericana. Cantante, instrumentista, compositora y productora, sus composiciones est\u00e1n influenciadas por los folklores de diferentes partes del mundo que se mixturan en un lenguaje propio.<\/p>\n<p>Comparti\u00f3 escenarios y grabaciones con Marta G\u00f3mez, Lisandro Aristimu\u00f1o, Liliana Herrero, Inti-Illimani, Ana Prada, Hilda Lizarazu, Raly Barrionuevo, Carlos \u201cNegro\u201d Aguirre, Lito Vitale, Kepa Junkera, Chango Spasiuk, Miss Bolivia, Bruno Arias, y Liuba Mar\u00eda Hevia, entre otros artistas.<\/p>\n<p>Realiz\u00f3 numerosas giras por Alemania, Argentina, B\u00e9lgica, Chile, Colombia, Cuba, Espa\u00f1a, Estados Unidos, Francia, Holanda, Italia, Paraguay, Per\u00fa, Portugal, Suiza y Uruguay.<\/p>\n<p>A lo largo de 20 a\u00f1os de carrera solista, grab\u00f3 cinco discos: Primera Luna (2005), Como respirar (2009), Tornasol (2014), Madreselva (2017) y Las formas de la noche (2023)<\/p>\n<div style=\"padding-bottom:20px; padding-top:10px;\" class=\"hupso-share-buttons\"><!-- Hupso Share Buttons - https:\/\/www.hupso.com\/share\/ --><a class=\"hupso_counters\" href=\"https:\/\/www.hupso.com\/share\/\"><img decoding=\"async\" src=\"http:\/\/static.hupso.com\/share\/buttons\/lang\/es\/share-small.png\" style=\"border:0px; padding-top:2px; float:left;\" alt=\"Share Button\"\/><\/a><script type=\"text\/javascript\">var hupso_services_c=new Array(\"twitter\",\"facebook_like\",\"google\");var hupso_counters_lang = \"es_LA\";var hupso_image_folder_url = \"\";var hupso_twitter_via=\"crsyvrs\";var hupso_url_c=\"\";<\/script><script type=\"text\/javascript\" src=\"http:\/\/static.hupso.com\/share\/js\/counters.js\"><\/script><!-- Hupso Share Buttons --><\/div> ","protected":false},"excerpt":{"rendered":"<div style=\"padding-bottom:20px; padding-top:10px;\" class=\"hupso-share-buttons\"><!-- Hupso Share Buttons - https:\/\/www.hupso.com\/share\/ --><a class=\"hupso_counters\" href=\"https:\/\/www.hupso.com\/share\/\"><img src=\"http:\/\/static.hupso.com\/share\/buttons\/lang\/es\/share-small.png\" style=\"border:0px; padding-top:2px; float:left;\" alt=\"Share Button\"\/><\/a><script type=\"text\/javascript\">var hupso_services_c=new Array(\"twitter\",\"facebook_like\",\"google\");var hupso_counters_lang = \"es_LA\";var hupso_image_folder_url = \"\";var hupso_twitter_via=\"crsyvrs\";var hupso_url_c=\"\";<\/script><script type=\"text\/javascript\" src=\"http:\/\/static.hupso.com\/share\/js\/counters.js\"><\/script><!-- Hupso Share Buttons --><\/div><p>Celebrara su \u00e1lbum debut en un concierto \u00fanico y especial, junto a su grupo y a otros m\u00fasicos invitados La cantautora Georgina Hassan celebra los veinte a\u00f1os de su disco debut, \u201cPrimera Luna\u201d en un concierto \u00fanico y especial,&#46;&#46;&#46;<\/p>\n<div style=\"padding-bottom:20px; padding-top:10px;\" class=\"hupso-share-buttons\"><!-- Hupso Share Buttons - https:\/\/www.hupso.com\/share\/ --><a class=\"hupso_counters\" href=\"https:\/\/www.hupso.com\/share\/\"><img src=\"http:\/\/static.hupso.com\/share\/buttons\/lang\/es\/share-small.png\" style=\"border:0px; padding-top:2px; float:left;\" alt=\"Share Button\"\/><\/a><script type=\"text\/javascript\">var hupso_services_c=new Array(\"twitter\",\"facebook_like\",\"google\");var hupso_counters_lang = \"es_LA\";var hupso_image_folder_url = \"\";var hupso_twitter_via=\"crsyvrs\";var hupso_url_c=\"\";<\/script><script type=\"text\/javascript\" src=\"http:\/\/static.hupso.com\/share\/js\/counters.js\"><\/script><!-- Hupso Share Buttons --><\/div>","protected":false},"author":5,"featured_media":40528,"comment_status":"closed","ping_status":"closed","sticky":false,"template":"","format":"standard","meta":{"footnotes":""},"categories":[3],"tags":[],"class_list":["post-40527","post","type-post","status-publish","format-standard","has-post-thumbnail","hentry","category-musica"],"_links":{"self":[{"href":"http:\/\/cronicasyversiones.com\/index.php?rest_route=\/wp\/v2\/posts\/40527","targetHints":{"allow":["GET"]}}],"collection":[{"href":"http:\/\/cronicasyversiones.com\/index.php?rest_route=\/wp\/v2\/posts"}],"about":[{"href":"http:\/\/cronicasyversiones.com\/index.php?rest_route=\/wp\/v2\/types\/post"}],"author":[{"embeddable":true,"href":"http:\/\/cronicasyversiones.com\/index.php?rest_route=\/wp\/v2\/users\/5"}],"replies":[{"embeddable":true,"href":"http:\/\/cronicasyversiones.com\/index.php?rest_route=%2Fwp%2Fv2%2Fcomments&post=40527"}],"version-history":[{"count":2,"href":"http:\/\/cronicasyversiones.com\/index.php?rest_route=\/wp\/v2\/posts\/40527\/revisions"}],"predecessor-version":[{"id":40530,"href":"http:\/\/cronicasyversiones.com\/index.php?rest_route=\/wp\/v2\/posts\/40527\/revisions\/40530"}],"wp:featuredmedia":[{"embeddable":true,"href":"http:\/\/cronicasyversiones.com\/index.php?rest_route=\/wp\/v2\/media\/40528"}],"wp:attachment":[{"href":"http:\/\/cronicasyversiones.com\/index.php?rest_route=%2Fwp%2Fv2%2Fmedia&parent=40527"}],"wp:term":[{"taxonomy":"category","embeddable":true,"href":"http:\/\/cronicasyversiones.com\/index.php?rest_route=%2Fwp%2Fv2%2Fcategories&post=40527"},{"taxonomy":"post_tag","embeddable":true,"href":"http:\/\/cronicasyversiones.com\/index.php?rest_route=%2Fwp%2Fv2%2Ftags&post=40527"}],"curies":[{"name":"wp","href":"https:\/\/api.w.org\/{rel}","templated":true}]}}