{"id":40537,"date":"2025-09-26T09:51:00","date_gmt":"2025-09-26T12:51:00","guid":{"rendered":"http:\/\/cronicasyversiones.com\/?p=40537"},"modified":"2025-09-26T09:51:00","modified_gmt":"2025-09-26T12:51:00","slug":"miguel-vilca-presenta-alegrito-ha-i-ser-su-primer-album-solista","status":"publish","type":"post","link":"http:\/\/cronicasyversiones.com\/?p=40537","title":{"rendered":"Miguel Vilca presenta \u201cAlegrito ha &#8216;i ser\u201d, su primer \u00e1lbum solista"},"content":{"rendered":"<div style=\"padding-bottom:20px; padding-top:10px;\" class=\"hupso-share-buttons\"><!-- Hupso Share Buttons - https:\/\/www.hupso.com\/share\/ --><a class=\"hupso_counters\" href=\"https:\/\/www.hupso.com\/share\/\"><img decoding=\"async\" src=\"http:\/\/static.hupso.com\/share\/buttons\/lang\/es\/share-small.png\" style=\"border:0px; padding-top:2px; float:left;\" alt=\"Share Button\"\/><\/a><script type=\"text\/javascript\">var hupso_services_c=new Array(\"twitter\",\"facebook_like\",\"google\");var hupso_counters_lang = \"es_LA\";var hupso_image_folder_url = \"\";var hupso_twitter_via=\"crsyvrs\";var hupso_url_c=\"\";<\/script><script type=\"text\/javascript\" src=\"http:\/\/static.hupso.com\/share\/js\/counters.js\"><\/script><!-- Hupso Share Buttons --><\/div><h2>El disco re\u00fane diez piezas instrumentales originales, compuestas por el m\u00fasico desde la idiom\u00e1tica del charango.<\/h2>\n<p><img loading=\"lazy\" decoding=\"async\" class=\"size-medium wp-image-40538 aligncenter\" src=\"http:\/\/cronicasyversiones.com\/wp-content\/uploads\/2025\/09\/thumbnail_Miguel-Vilca-1_PH_Malu-Habil-300x200.jpg\" alt=\"\" width=\"300\" height=\"200\" srcset=\"http:\/\/cronicasyversiones.com\/wp-content\/uploads\/2025\/09\/thumbnail_Miguel-Vilca-1_PH_Malu-Habil-300x200.jpg 300w, http:\/\/cronicasyversiones.com\/wp-content\/uploads\/2025\/09\/thumbnail_Miguel-Vilca-1_PH_Malu-Habil-1024x683.jpg 1024w, http:\/\/cronicasyversiones.com\/wp-content\/uploads\/2025\/09\/thumbnail_Miguel-Vilca-1_PH_Malu-Habil-768x512.jpg 768w, http:\/\/cronicasyversiones.com\/wp-content\/uploads\/2025\/09\/thumbnail_Miguel-Vilca-1_PH_Malu-Habil-1536x1025.jpg 1536w, http:\/\/cronicasyversiones.com\/wp-content\/uploads\/2025\/09\/thumbnail_Miguel-Vilca-1_PH_Malu-Habil.jpg 1920w\" sizes=\"auto, (max-width: 300px) 100vw, 300px\" \/><\/p>\n<p>El charanguista y compositor juje\u00f1o <strong>Miguel Vilca<\/strong> presentar\u00e1 <em><strong>\u201cAlegrito ha &#8216;i ser\u201d,<\/strong><\/em> su primer \u00e1lbum solista.\u00a0La cita ser\u00e1 el jueves 9 de octubre, a las 19, en la <strong>Sala Borges de la APOC,<\/strong> en Bartolom\u00e9 Mitre 1563. Entrada libre y gratuita, por orden de llegada, hasta agotar la capacidad de la sala.<\/p>\n<p>Acompa\u00f1ar\u00e1n al m\u00fasico, en este concierto tan especial, <strong>Manuel Estrada en guitarra y Agust\u00edn Galv\u00e1n en percusi\u00f3n,<\/strong> la misma destacada formaci\u00f3n que particip\u00f3 de la grabaci\u00f3n del material. Tambi\u00e9n estar\u00e1 presente el notable invitado de este disco: <strong>Enzo Demartini, en acorde\u00f3n.<\/strong><\/p>\n<p>El disco re\u00fane diez piezas instrumentales originales, compuestas por Vilca desde la idiom\u00e1tica del charango. Son todas m\u00fasicas atravesadas por un mismo impulso: emergen del vasto y colorido universo sonoro del altiplano, con su memoria, sus historias y sus rituales. Lo que esta obra convida, entonces, es una aut\u00e9ntica celebraci\u00f3n: la de toda esa diversidad y vitalidad cultural que abrazan los pueblos del territorio andino.<\/p>\n<p><iframe loading=\"lazy\" title=\"YouTube video player\" src=\"https:\/\/www.youtube.com\/embed\/SeT2lkTBDE0?si=Fd_vsTzLavA7bEmJ\" width=\"560\" height=\"315\" frameborder=\"0\" allowfullscreen=\"allowfullscreen\"><\/iframe><\/p>\n<p>Compositor, docente y charanguista juje\u00f1o, Miguel Vilca cuenta con m\u00e1s de quince a\u00f1os de trayectoria art\u00edstica ininterrumpida. Inici\u00f3 sus estudios en el Conservatorio Provincial de M\u00fasica, donde obtuvo primero el t\u00edtulo de T\u00e9cnico Superior en M\u00fasica, con especializaci\u00f3n en instrumentista en m\u00fasica acad\u00e9mica, y luego el de Profesor de M\u00fasica. Adem\u00e1s, se gradu\u00f3 en la Tecnicatura en Promoci\u00f3n Cultural en los Talleres de Artes y Artesan\u00edas de la Quebrada de Humahuaca, dependientes del \u00c1rea Art\u00edstica del Ministerio de Educaci\u00f3n.<\/p>\n<p>En 2010 profundiz\u00f3 su formaci\u00f3n en Bolivia, estudiando con diversos maestros del charango tanto de \u00e1mbitos urbanos como de comunidades campesinas. Al a\u00f1o siguiente, recibi\u00f3 el Primer Premio \u201cCharango de Oro\u201d en la Categor\u00eda Internacional en la XXVII Edici\u00f3n de la Feria y Festival Nacional e Internacional de Aiquile (Cochabamba), otorgado por la Sociedad Boliviana del Charango.<\/p>\n<p>Actualmente, cursa el \u00faltimo a\u00f1o de la Licenciatura en Folklore y el de la Licenciatura en Composici\u00f3n Musical en la Universidad Nacional de las Artes.<\/p>\n<p>A lo largo de su carrera, ha grabado y compartido escenarios con agrupaciones y artistas destacadas\/os como el ensamble Don Olimpio, Loli Molina, Pedro Rossi, Maggie Cullen, Bruno Arias, Nadia Larcher, Manu Sija, la Orquesta Popular de la UNA, Mauro Ciavattini, Pablo Farhat, Santiago Arias, Seva Castro y Tomi Lebrero, entre otros\/as.<\/p>\n<div style=\"padding-bottom:20px; padding-top:10px;\" class=\"hupso-share-buttons\"><!-- Hupso Share Buttons - https:\/\/www.hupso.com\/share\/ --><a class=\"hupso_counters\" href=\"https:\/\/www.hupso.com\/share\/\"><img decoding=\"async\" src=\"http:\/\/static.hupso.com\/share\/buttons\/lang\/es\/share-small.png\" style=\"border:0px; padding-top:2px; float:left;\" alt=\"Share Button\"\/><\/a><script type=\"text\/javascript\">var hupso_services_c=new Array(\"twitter\",\"facebook_like\",\"google\");var hupso_counters_lang = \"es_LA\";var hupso_image_folder_url = \"\";var hupso_twitter_via=\"crsyvrs\";var hupso_url_c=\"\";<\/script><script type=\"text\/javascript\" src=\"http:\/\/static.hupso.com\/share\/js\/counters.js\"><\/script><!-- Hupso Share Buttons --><\/div> ","protected":false},"excerpt":{"rendered":"<div style=\"padding-bottom:20px; padding-top:10px;\" class=\"hupso-share-buttons\"><!-- Hupso Share Buttons - https:\/\/www.hupso.com\/share\/ --><a class=\"hupso_counters\" href=\"https:\/\/www.hupso.com\/share\/\"><img src=\"http:\/\/static.hupso.com\/share\/buttons\/lang\/es\/share-small.png\" style=\"border:0px; padding-top:2px; float:left;\" alt=\"Share Button\"\/><\/a><script type=\"text\/javascript\">var hupso_services_c=new Array(\"twitter\",\"facebook_like\",\"google\");var hupso_counters_lang = \"es_LA\";var hupso_image_folder_url = \"\";var hupso_twitter_via=\"crsyvrs\";var hupso_url_c=\"\";<\/script><script type=\"text\/javascript\" src=\"http:\/\/static.hupso.com\/share\/js\/counters.js\"><\/script><!-- Hupso Share Buttons --><\/div><p>El disco re\u00fane diez piezas instrumentales originales, compuestas por el m\u00fasico desde la idiom\u00e1tica del charango. El charanguista y compositor juje\u00f1o Miguel Vilca presentar\u00e1 \u201cAlegrito ha &#8216;i ser\u201d, su primer \u00e1lbum solista.\u00a0La cita ser\u00e1 el jueves 9 de octubre,&#46;&#46;&#46;<\/p>\n<div style=\"padding-bottom:20px; padding-top:10px;\" class=\"hupso-share-buttons\"><!-- Hupso Share Buttons - https:\/\/www.hupso.com\/share\/ --><a class=\"hupso_counters\" href=\"https:\/\/www.hupso.com\/share\/\"><img src=\"http:\/\/static.hupso.com\/share\/buttons\/lang\/es\/share-small.png\" style=\"border:0px; padding-top:2px; float:left;\" alt=\"Share Button\"\/><\/a><script type=\"text\/javascript\">var hupso_services_c=new Array(\"twitter\",\"facebook_like\",\"google\");var hupso_counters_lang = \"es_LA\";var hupso_image_folder_url = \"\";var hupso_twitter_via=\"crsyvrs\";var hupso_url_c=\"\";<\/script><script type=\"text\/javascript\" src=\"http:\/\/static.hupso.com\/share\/js\/counters.js\"><\/script><!-- Hupso Share Buttons --><\/div>","protected":false},"author":5,"featured_media":40538,"comment_status":"closed","ping_status":"closed","sticky":false,"template":"","format":"standard","meta":{"footnotes":""},"categories":[3],"tags":[],"class_list":["post-40537","post","type-post","status-publish","format-standard","has-post-thumbnail","hentry","category-musica"],"_links":{"self":[{"href":"http:\/\/cronicasyversiones.com\/index.php?rest_route=\/wp\/v2\/posts\/40537","targetHints":{"allow":["GET"]}}],"collection":[{"href":"http:\/\/cronicasyversiones.com\/index.php?rest_route=\/wp\/v2\/posts"}],"about":[{"href":"http:\/\/cronicasyversiones.com\/index.php?rest_route=\/wp\/v2\/types\/post"}],"author":[{"embeddable":true,"href":"http:\/\/cronicasyversiones.com\/index.php?rest_route=\/wp\/v2\/users\/5"}],"replies":[{"embeddable":true,"href":"http:\/\/cronicasyversiones.com\/index.php?rest_route=%2Fwp%2Fv2%2Fcomments&post=40537"}],"version-history":[{"count":1,"href":"http:\/\/cronicasyversiones.com\/index.php?rest_route=\/wp\/v2\/posts\/40537\/revisions"}],"predecessor-version":[{"id":40539,"href":"http:\/\/cronicasyversiones.com\/index.php?rest_route=\/wp\/v2\/posts\/40537\/revisions\/40539"}],"wp:featuredmedia":[{"embeddable":true,"href":"http:\/\/cronicasyversiones.com\/index.php?rest_route=\/wp\/v2\/media\/40538"}],"wp:attachment":[{"href":"http:\/\/cronicasyversiones.com\/index.php?rest_route=%2Fwp%2Fv2%2Fmedia&parent=40537"}],"wp:term":[{"taxonomy":"category","embeddable":true,"href":"http:\/\/cronicasyversiones.com\/index.php?rest_route=%2Fwp%2Fv2%2Fcategories&post=40537"},{"taxonomy":"post_tag","embeddable":true,"href":"http:\/\/cronicasyversiones.com\/index.php?rest_route=%2Fwp%2Fv2%2Ftags&post=40537"}],"curies":[{"name":"wp","href":"https:\/\/api.w.org\/{rel}","templated":true}]}}