{"id":40546,"date":"2025-09-30T13:09:51","date_gmt":"2025-09-30T16:09:51","guid":{"rendered":"http:\/\/cronicasyversiones.com\/?p=40546"},"modified":"2025-09-30T13:09:52","modified_gmt":"2025-09-30T16:09:52","slug":"ludmila-fernandez-y-alejandro-kalinoski-homenajean-a-sarah-vaughan-2","status":"publish","type":"post","link":"http:\/\/cronicasyversiones.com\/?p=40546","title":{"rendered":"Ludmila Fern\u00e1ndez y Alejandro Kalinoski homenajean a Sarah Vaughan"},"content":{"rendered":"<div style=\"padding-bottom:20px; padding-top:10px;\" class=\"hupso-share-buttons\"><!-- Hupso Share Buttons - https:\/\/www.hupso.com\/share\/ --><a class=\"hupso_counters\" href=\"https:\/\/www.hupso.com\/share\/\"><img decoding=\"async\" src=\"http:\/\/static.hupso.com\/share\/buttons\/lang\/es\/share-small.png\" style=\"border:0px; padding-top:2px; float:left;\" alt=\"Share Button\"\/><\/a><script type=\"text\/javascript\">var hupso_services_c=new Array(\"twitter\",\"facebook_like\",\"google\");var hupso_counters_lang = \"es_LA\";var hupso_image_folder_url = \"\";var hupso_twitter_via=\"crsyvrs\";var hupso_url_c=\"\";<\/script><script type=\"text\/javascript\" src=\"http:\/\/static.hupso.com\/share\/js\/counters.js\"><\/script><!-- Hupso Share Buttons --><\/div><h2>La cantante y el tr\u00edo que lidera el destacado pianista celebran el talento de \u00abLa Divina\u00bb.<\/h2>\n<p><img decoding=\"async\" class=\"aligncenter\" src=\"https:\/\/www.centrocultural.coop\/sites\/www.centrocultural.coop\/files\/styles\/imagen_detalle_eventos\/public\/eventos\/ludmila_fernandez_y_alejandro_kalinoski_-_julio.jpg?itok=l7q34Rkb\" \/><\/p>\n<p>La cantante <strong>Ludmila Fern\u00e1ndez<\/strong> junto al tr\u00edo del destacado pianista <strong>Alejandro Kalinoski<\/strong> celebra el talento de \u00abLa Divina\u00bb <strong>Sarah Vaughan<\/strong>, una de las voces m\u00e1s importantes e influyentes del Jazz.<\/p>\n<p>La cita ser\u00e1 el viernes 3 de octubre a las 20 en <strong>Borges 1975<\/strong>, el reducto ubicado en J.L.Borges 1975, Palermo. Entradas por <a href=\"https:\/\/www.passline.com\/eventos\/ludmila-fernandez-alejandro-kalinoski-trio-homenaje-a-sara-vaughan\">passline.<\/a><\/p>\n<p>Junto a Ludmila Fern\u00e1ndez en voz y Alejandro Kalinoski en piano, estar\u00e1n en Santiago Lamisovski en contrabajo y Sebasti\u00e1n Groshaus en bater\u00eda.<\/p>\n<p>Ludmila Fern\u00e1ndez, desde sus inicios como solista y como invitada de importantes m\u00fasicos y agrupaciones, Ludmila Fern\u00e1ndez abarca en su repertorio arreglos de standards de jazz, boleros, m\u00fasica argentina y de Brasil.<\/p>\n<p>Ludmila cuenta con tres discos solistas: \u00abNow&#8217;s the time\u00bb(2000), \u00abDiverso\u00bb(2008) y \u00abBlossom in Swing\u00bb (2018).<\/p>\n<p>Alejandro Kalinoski, pianista, compositor y arreglador que se ha presentado en los principales escenarios de nuestro pa\u00eds integrando diferentes formaciones de jazz.<\/p>\n<p>Ha tocado con destacados m\u00fasicos como Jorge Anders, Ricardo Lew, Carlos Michelini, \u201cPipi\u201d Piazzolla, Gustavo Bergalli, Alfredo Remus, Bernardo Baraj, Daniel D\u2019Alcantara (Brasil), Rex Richardson (USA), entre muchos otros. Ha participado tambi\u00e9n en numerosos festivales de m\u00fasica en Argentina y en el exterior (Francia, Espa\u00f1a, Alemania, Suiza, Estados Unidos, Brasil, Paraguay y Uruguay). En 2003 gan\u00f3 el Primer Premio en el Concurso de Composici\u00f3n de Temas de Jazz patrocinado por la empresa Metrov\u00edas S.A. Ha participado como pianista y arreglador en grabaciones de diversos artistas argentinos. Su disco \u201cCheck In\u201d, grabado junto a Mauricio Dawid en contrabajo y Nicanor Faerberg en bater\u00eda, dos talentosos m\u00fasicos de la escena local, contiene composiciones originales y standards de jazz.<\/p>\n<div style=\"padding-bottom:20px; padding-top:10px;\" class=\"hupso-share-buttons\"><!-- Hupso Share Buttons - https:\/\/www.hupso.com\/share\/ --><a class=\"hupso_counters\" href=\"https:\/\/www.hupso.com\/share\/\"><img decoding=\"async\" src=\"http:\/\/static.hupso.com\/share\/buttons\/lang\/es\/share-small.png\" style=\"border:0px; padding-top:2px; float:left;\" alt=\"Share Button\"\/><\/a><script type=\"text\/javascript\">var hupso_services_c=new Array(\"twitter\",\"facebook_like\",\"google\");var hupso_counters_lang = \"es_LA\";var hupso_image_folder_url = \"\";var hupso_twitter_via=\"crsyvrs\";var hupso_url_c=\"\";<\/script><script type=\"text\/javascript\" src=\"http:\/\/static.hupso.com\/share\/js\/counters.js\"><\/script><!-- Hupso Share Buttons --><\/div> ","protected":false},"excerpt":{"rendered":"<div style=\"padding-bottom:20px; padding-top:10px;\" class=\"hupso-share-buttons\"><!-- Hupso Share Buttons - https:\/\/www.hupso.com\/share\/ --><a class=\"hupso_counters\" href=\"https:\/\/www.hupso.com\/share\/\"><img src=\"http:\/\/static.hupso.com\/share\/buttons\/lang\/es\/share-small.png\" style=\"border:0px; padding-top:2px; float:left;\" alt=\"Share Button\"\/><\/a><script type=\"text\/javascript\">var hupso_services_c=new Array(\"twitter\",\"facebook_like\",\"google\");var hupso_counters_lang = \"es_LA\";var hupso_image_folder_url = \"\";var hupso_twitter_via=\"crsyvrs\";var hupso_url_c=\"\";<\/script><script type=\"text\/javascript\" src=\"http:\/\/static.hupso.com\/share\/js\/counters.js\"><\/script><!-- Hupso Share Buttons --><\/div><p>La cantante y el tr\u00edo que lidera el destacado pianista celebran el talento de \u00abLa Divina\u00bb. La cantante Ludmila Fern\u00e1ndez junto al tr\u00edo del destacado pianista Alejandro Kalinoski celebra el talento de \u00abLa Divina\u00bb Sarah Vaughan, una de las&#46;&#46;&#46;<\/p>\n<div style=\"padding-bottom:20px; padding-top:10px;\" class=\"hupso-share-buttons\"><!-- Hupso Share Buttons - https:\/\/www.hupso.com\/share\/ --><a class=\"hupso_counters\" href=\"https:\/\/www.hupso.com\/share\/\"><img src=\"http:\/\/static.hupso.com\/share\/buttons\/lang\/es\/share-small.png\" style=\"border:0px; padding-top:2px; float:left;\" alt=\"Share Button\"\/><\/a><script type=\"text\/javascript\">var hupso_services_c=new Array(\"twitter\",\"facebook_like\",\"google\");var hupso_counters_lang = \"es_LA\";var hupso_image_folder_url = \"\";var hupso_twitter_via=\"crsyvrs\";var hupso_url_c=\"\";<\/script><script type=\"text\/javascript\" src=\"http:\/\/static.hupso.com\/share\/js\/counters.js\"><\/script><!-- Hupso Share Buttons --><\/div>","protected":false},"author":5,"featured_media":40547,"comment_status":"closed","ping_status":"closed","sticky":false,"template":"","format":"standard","meta":{"footnotes":""},"categories":[3],"tags":[],"class_list":["post-40546","post","type-post","status-publish","format-standard","has-post-thumbnail","hentry","category-musica"],"_links":{"self":[{"href":"http:\/\/cronicasyversiones.com\/index.php?rest_route=\/wp\/v2\/posts\/40546","targetHints":{"allow":["GET"]}}],"collection":[{"href":"http:\/\/cronicasyversiones.com\/index.php?rest_route=\/wp\/v2\/posts"}],"about":[{"href":"http:\/\/cronicasyversiones.com\/index.php?rest_route=\/wp\/v2\/types\/post"}],"author":[{"embeddable":true,"href":"http:\/\/cronicasyversiones.com\/index.php?rest_route=\/wp\/v2\/users\/5"}],"replies":[{"embeddable":true,"href":"http:\/\/cronicasyversiones.com\/index.php?rest_route=%2Fwp%2Fv2%2Fcomments&post=40546"}],"version-history":[{"count":1,"href":"http:\/\/cronicasyversiones.com\/index.php?rest_route=\/wp\/v2\/posts\/40546\/revisions"}],"predecessor-version":[{"id":40548,"href":"http:\/\/cronicasyversiones.com\/index.php?rest_route=\/wp\/v2\/posts\/40546\/revisions\/40548"}],"wp:featuredmedia":[{"embeddable":true,"href":"http:\/\/cronicasyversiones.com\/index.php?rest_route=\/wp\/v2\/media\/40547"}],"wp:attachment":[{"href":"http:\/\/cronicasyversiones.com\/index.php?rest_route=%2Fwp%2Fv2%2Fmedia&parent=40546"}],"wp:term":[{"taxonomy":"category","embeddable":true,"href":"http:\/\/cronicasyversiones.com\/index.php?rest_route=%2Fwp%2Fv2%2Fcategories&post=40546"},{"taxonomy":"post_tag","embeddable":true,"href":"http:\/\/cronicasyversiones.com\/index.php?rest_route=%2Fwp%2Fv2%2Ftags&post=40546"}],"curies":[{"name":"wp","href":"https:\/\/api.w.org\/{rel}","templated":true}]}}