{"id":40637,"date":"2025-10-23T11:59:09","date_gmt":"2025-10-23T14:59:09","guid":{"rendered":"http:\/\/cronicasyversiones.com\/?p=40637"},"modified":"2025-10-23T11:59:09","modified_gmt":"2025-10-23T14:59:09","slug":"facundo-galli-presenta-las-melodias-en-el-caff","status":"publish","type":"post","link":"http:\/\/cronicasyversiones.com\/?p=40637","title":{"rendered":"Facundo Galli presenta \u00abLas melod\u00edas\u00bb en el CAFF"},"content":{"rendered":"<div style=\"padding-bottom:20px; padding-top:10px;\" class=\"hupso-share-buttons\"><!-- Hupso Share Buttons - https:\/\/www.hupso.com\/share\/ --><a class=\"hupso_counters\" href=\"https:\/\/www.hupso.com\/share\/\"><img decoding=\"async\" src=\"http:\/\/static.hupso.com\/share\/buttons\/lang\/es\/share-small.png\" style=\"border:0px; padding-top:2px; float:left;\" alt=\"Share Button\"\/><\/a><script type=\"text\/javascript\">var hupso_services_c=new Array(\"twitter\",\"facebook_like\",\"google\");var hupso_counters_lang = \"es_LA\";var hupso_image_folder_url = \"\";var hupso_twitter_via=\"crsyvrs\";var hupso_url_c=\"\";<\/script><script type=\"text\/javascript\" src=\"http:\/\/static.hupso.com\/share\/js\/counters.js\"><\/script><!-- Hupso Share Buttons --><\/div><h2>El cantautor mostrar\u00e1 el material de su \u00faltimo disco y har\u00e1 un repaso por sus trabajos anteriores junto a su banda.<\/h2>\n<p><img loading=\"lazy\" decoding=\"async\" class=\"aligncenter\" src=\"https:\/\/caff.ar\/shows-img\/786.jpg\" alt=\"Facundo Galli - C ? F F\" width=\"760\" height=\"760\" \/><\/p>\n<p>El jueves 13 de noviembre a las 20, <strong>Facundo Galli<\/strong> dar\u00e1 un concierto en el escenario del <strong>Club Atl\u00e9tico Fern\u00e1ndez Fierro<\/strong>, junto a una banda de cinco m\u00fasicos, para seguir presentando su \u00faltimo disco <em><strong>\u201cLas melod\u00edas\u201d<\/strong><\/em>, y hacer un repaso por todas sus canciones.<\/p>\n<p>En esta oportunidad, se presentar\u00e1 junto a su banda: Diego Ripoli (guitarra el\u00e9ctrica), Nico Agesta (teclados y direcci\u00f3n musical), Anto Valese (coros), Ale Sosa (bajo) y Francisco Paz (bater\u00eda), en el escenario del m\u00edtico CAFF, para seguir presentando &#8216;Las melod\u00edas&#8217; y hacer un repaso por las canciones de todos sus discos.\u00a0 La apertura estar\u00e1 a cargo de la artista Lola Salas.<\/p>\n<p><img loading=\"lazy\" decoding=\"async\" class=\"aligncenter\" src=\"https:\/\/scontent.feze7-2.fna.fbcdn.net\/v\/t51.82787-15\/564319162_18421354093105094_2380615401207964412_n.jpg?stp=dst-jpg_s640x640_tt6&amp;_nc_cat=110&amp;ccb=1-7&amp;_nc_sid=127cfc&amp;_nc_ohc=PkYJjH4nANQQ7kNvwFvoRz9&amp;_nc_oc=AdlscSwngkxpCOMhL0XuM7_3EG5Qtk2L1XbAl3w1aP4RL2Sm1oY4nT4w_s3qURNP-6k&amp;_nc_zt=23&amp;_nc_ht=scontent.feze7-2.fna&amp;_nc_gid=RTXSnRrfGU7Uhe81CdVieQ&amp;oh=00_AfeblP85gRU_HpqsPGOqzvmGa38kbrHcM0fyW0C-p1SVFA&amp;oe=68FC65F6\" alt=\"Puede ser una imagen de texto que dice &quot;1311 1311 CAFF enel elCAFF FACUNDO GALLI + banda apertura LOLA OLASALAS 21 (puerta 20h) entradas disponibles WWWW.CAFF.A AR&quot;\" width=\"458\" height=\"573\" \/><\/p>\n<p>El cantautor nacido en Mar del Plata, lleva grabados los \u00e1lbumes Last Pamperito (2013), Liebre (2015), La liebre y el caracol junto a Juli\u00e1n Oroz (2017), Tren (2019), La mirada prestada junto a Ni\u00f1o Etc. (2020).<\/p>\n<p>Tambi\u00e9n los simples La noticia m\u00e1s hermosa (2021), Mar adentro (2022) y Cuando quieras en vivo en el Teatro Xirgu (2023). Actualmente se encuentra dando a conocer Las melod\u00edas (2025) su 4to disco como solista, para el cual trabaj\u00f3 junto a Nico Agesta en la producci\u00f3n del mismo.<\/p>\n<p><iframe loading=\"lazy\" title=\"YouTube video player\" src=\"https:\/\/www.youtube.com\/embed\/Fhs143UmPY8?si=caTwNHBfUVeSfcsl\" width=\"560\" height=\"315\" frameborder=\"0\" allowfullscreen=\"allowfullscreen\"><\/iframe><\/p>\n<p>A diferencia de sus discos anteriores, \u2018Las melod\u00edas\u2019 tiene un enfoque indie-pop, dando a conocer una faceta nueva del cantautor.<\/p>\n<p>\u2018Si bien las canciones siguen surgiendo desde la guitarra ac\u00fastica y la voz, creo que la principal diferencia con mis trabajos anteriores es que esta vez las letras est\u00e1n concebidas desde la musicalidad de cada melod\u00eda, a diferencia de lo que he hecho siempre, que fue respetar la letra a rajatabla e ir acomodando mi manera de cantar\u2019 Cuenta Facundo, y agrega \u2018Es un disco con influencias de la m\u00fasica argentina de los 2000 , una reconexi\u00f3n con esas primeras influencias, bandas cancioneras como Tipitos, Estelares, Babas\u00f3nicos, Andr\u00e9s Calamaro. Pop rock argentino, principalmente\u2019<\/p>\n<div style=\"padding-bottom:20px; padding-top:10px;\" class=\"hupso-share-buttons\"><!-- Hupso Share Buttons - https:\/\/www.hupso.com\/share\/ --><a class=\"hupso_counters\" href=\"https:\/\/www.hupso.com\/share\/\"><img decoding=\"async\" src=\"http:\/\/static.hupso.com\/share\/buttons\/lang\/es\/share-small.png\" style=\"border:0px; padding-top:2px; float:left;\" alt=\"Share Button\"\/><\/a><script type=\"text\/javascript\">var hupso_services_c=new Array(\"twitter\",\"facebook_like\",\"google\");var hupso_counters_lang = \"es_LA\";var hupso_image_folder_url = \"\";var hupso_twitter_via=\"crsyvrs\";var hupso_url_c=\"\";<\/script><script type=\"text\/javascript\" src=\"http:\/\/static.hupso.com\/share\/js\/counters.js\"><\/script><!-- Hupso Share Buttons --><\/div> ","protected":false},"excerpt":{"rendered":"<div style=\"padding-bottom:20px; padding-top:10px;\" class=\"hupso-share-buttons\"><!-- Hupso Share Buttons - https:\/\/www.hupso.com\/share\/ --><a class=\"hupso_counters\" href=\"https:\/\/www.hupso.com\/share\/\"><img src=\"http:\/\/static.hupso.com\/share\/buttons\/lang\/es\/share-small.png\" style=\"border:0px; padding-top:2px; float:left;\" alt=\"Share Button\"\/><\/a><script type=\"text\/javascript\">var hupso_services_c=new Array(\"twitter\",\"facebook_like\",\"google\");var hupso_counters_lang = \"es_LA\";var hupso_image_folder_url = \"\";var hupso_twitter_via=\"crsyvrs\";var hupso_url_c=\"\";<\/script><script type=\"text\/javascript\" src=\"http:\/\/static.hupso.com\/share\/js\/counters.js\"><\/script><!-- Hupso Share Buttons --><\/div><p>El cantautor mostrar\u00e1 el material de su \u00faltimo disco y har\u00e1 un repaso por sus trabajos anteriores junto a su banda. El jueves 13 de noviembre a las 20, Facundo Galli dar\u00e1 un concierto en el escenario del Club&#46;&#46;&#46;<\/p>\n<div style=\"padding-bottom:20px; padding-top:10px;\" class=\"hupso-share-buttons\"><!-- Hupso Share Buttons - https:\/\/www.hupso.com\/share\/ --><a class=\"hupso_counters\" href=\"https:\/\/www.hupso.com\/share\/\"><img src=\"http:\/\/static.hupso.com\/share\/buttons\/lang\/es\/share-small.png\" style=\"border:0px; padding-top:2px; float:left;\" alt=\"Share Button\"\/><\/a><script type=\"text\/javascript\">var hupso_services_c=new Array(\"twitter\",\"facebook_like\",\"google\");var hupso_counters_lang = \"es_LA\";var hupso_image_folder_url = \"\";var hupso_twitter_via=\"crsyvrs\";var hupso_url_c=\"\";<\/script><script type=\"text\/javascript\" src=\"http:\/\/static.hupso.com\/share\/js\/counters.js\"><\/script><!-- Hupso Share Buttons --><\/div>","protected":false},"author":5,"featured_media":40638,"comment_status":"closed","ping_status":"closed","sticky":false,"template":"","format":"standard","meta":{"footnotes":""},"categories":[3],"tags":[],"class_list":["post-40637","post","type-post","status-publish","format-standard","has-post-thumbnail","hentry","category-musica"],"_links":{"self":[{"href":"http:\/\/cronicasyversiones.com\/index.php?rest_route=\/wp\/v2\/posts\/40637","targetHints":{"allow":["GET"]}}],"collection":[{"href":"http:\/\/cronicasyversiones.com\/index.php?rest_route=\/wp\/v2\/posts"}],"about":[{"href":"http:\/\/cronicasyversiones.com\/index.php?rest_route=\/wp\/v2\/types\/post"}],"author":[{"embeddable":true,"href":"http:\/\/cronicasyversiones.com\/index.php?rest_route=\/wp\/v2\/users\/5"}],"replies":[{"embeddable":true,"href":"http:\/\/cronicasyversiones.com\/index.php?rest_route=%2Fwp%2Fv2%2Fcomments&post=40637"}],"version-history":[{"count":3,"href":"http:\/\/cronicasyversiones.com\/index.php?rest_route=\/wp\/v2\/posts\/40637\/revisions"}],"predecessor-version":[{"id":40641,"href":"http:\/\/cronicasyversiones.com\/index.php?rest_route=\/wp\/v2\/posts\/40637\/revisions\/40641"}],"wp:featuredmedia":[{"embeddable":true,"href":"http:\/\/cronicasyversiones.com\/index.php?rest_route=\/wp\/v2\/media\/40638"}],"wp:attachment":[{"href":"http:\/\/cronicasyversiones.com\/index.php?rest_route=%2Fwp%2Fv2%2Fmedia&parent=40637"}],"wp:term":[{"taxonomy":"category","embeddable":true,"href":"http:\/\/cronicasyversiones.com\/index.php?rest_route=%2Fwp%2Fv2%2Fcategories&post=40637"},{"taxonomy":"post_tag","embeddable":true,"href":"http:\/\/cronicasyversiones.com\/index.php?rest_route=%2Fwp%2Fv2%2Ftags&post=40637"}],"curies":[{"name":"wp","href":"https:\/\/api.w.org\/{rel}","templated":true}]}}