{"id":40661,"date":"2025-10-28T13:27:34","date_gmt":"2025-10-28T16:27:34","guid":{"rendered":"http:\/\/cronicasyversiones.com\/?p=40661"},"modified":"2025-10-28T13:27:35","modified_gmt":"2025-10-28T16:27:35","slug":"edelmiro-molinari-se-presenta-en-el-torquato-tasso","status":"publish","type":"post","link":"http:\/\/cronicasyversiones.com\/?p=40661","title":{"rendered":"Edelmiro Molinari se presenta en el Torquato Tasso"},"content":{"rendered":"<div style=\"padding-bottom:20px; padding-top:10px;\" class=\"hupso-share-buttons\"><!-- Hupso Share Buttons - https:\/\/www.hupso.com\/share\/ --><a class=\"hupso_counters\" href=\"https:\/\/www.hupso.com\/share\/\"><img decoding=\"async\" src=\"http:\/\/static.hupso.com\/share\/buttons\/lang\/es\/share-small.png\" style=\"border:0px; padding-top:2px; float:left;\" alt=\"Share Button\"\/><\/a><script type=\"text\/javascript\">var hupso_services_c=new Array(\"twitter\",\"facebook_like\",\"google\");var hupso_counters_lang = \"es_LA\";var hupso_image_folder_url = \"\";var hupso_twitter_via=\"crsyvrs\";var hupso_url_c=\"\";<\/script><script type=\"text\/javascript\" src=\"http:\/\/static.hupso.com\/share\/js\/counters.js\"><\/script><!-- Hupso Share Buttons --><\/div><h2>El legendario m\u00fasico saldr\u00e1 a escena con Sebasti\u00e1n Peycere y con la participaci\u00f3n especial de Maxi Prieto, de Los Esp\u00edritus.<\/h2>\n<p><img decoding=\"async\" class=\"aligncenter\" src=\"https:\/\/pbs.twimg.com\/media\/G2tp922WkAAnXYH?format=jpg&amp;name=small\" alt=\"An elderly man with gray hair and glasses smiles while playing a beige electric guitar with red accents slung over his shoulder. He wears a gray long-sleeve shirt and has a red and yellow woven bracelet on his wrist. Palm trees and green foliage surround him under a clear blue sky.\" \/><\/p>\n<p>El legendario <strong>Edelmiro Molinari<\/strong> se presentar\u00e1 en vivo junto a <strong>Sebasti\u00e1n Peycere<\/strong> en bater\u00eda \u00a0con la participaci\u00f3n especial de <strong>Maxi Prieto, de Los Esp\u00edritus,<\/strong> en bajo.<\/p>\n<p>La cita, una noche \u00fanica para revivir la magia del rock argentino, ser\u00e1 el viernes 31 de octubre, en el <strong>Torquato Tasso.<\/strong><\/p>\n<p>Pionero del rock argentino e integrante de bandas hist\u00f3ricas como <strong>Almendra y Color Humano,<\/strong> Molinari regresa a los escenarios en un show imperdible que reunir\u00e1 distintas generaciones y estilos.<\/p>\n<p>Durante la velada, compartir\u00e1 escenario con Sebasti\u00e1n Peycere, y contar\u00e1 como invitado con Maxi Prieto de Los Esp\u00edritus \u2013banda con la que recientemente toc\u00f3 frente a m\u00e1s de 3.000 personas en Sea Art Media\u2013.<\/p>\n<p>La venta anticipada se realiza a trav\u00e9s de Passline, con un esquema de preventas limitadas:<\/p>\n<p>Primera preventa: 2 entradas por $35.000 (cupos limitados). https:\/\/www.passline.com\/eventos\/edelmiro-molinari-439174\/torquato-tasso-178870.<\/p>\n<div style=\"padding-bottom:20px; padding-top:10px;\" class=\"hupso-share-buttons\"><!-- Hupso Share Buttons - https:\/\/www.hupso.com\/share\/ --><a class=\"hupso_counters\" href=\"https:\/\/www.hupso.com\/share\/\"><img decoding=\"async\" src=\"http:\/\/static.hupso.com\/share\/buttons\/lang\/es\/share-small.png\" style=\"border:0px; padding-top:2px; float:left;\" alt=\"Share Button\"\/><\/a><script type=\"text\/javascript\">var hupso_services_c=new Array(\"twitter\",\"facebook_like\",\"google\");var hupso_counters_lang = \"es_LA\";var hupso_image_folder_url = \"\";var hupso_twitter_via=\"crsyvrs\";var hupso_url_c=\"\";<\/script><script type=\"text\/javascript\" src=\"http:\/\/static.hupso.com\/share\/js\/counters.js\"><\/script><!-- Hupso Share Buttons --><\/div> ","protected":false},"excerpt":{"rendered":"<div style=\"padding-bottom:20px; padding-top:10px;\" class=\"hupso-share-buttons\"><!-- Hupso Share Buttons - https:\/\/www.hupso.com\/share\/ --><a class=\"hupso_counters\" href=\"https:\/\/www.hupso.com\/share\/\"><img src=\"http:\/\/static.hupso.com\/share\/buttons\/lang\/es\/share-small.png\" style=\"border:0px; padding-top:2px; float:left;\" alt=\"Share Button\"\/><\/a><script type=\"text\/javascript\">var hupso_services_c=new Array(\"twitter\",\"facebook_like\",\"google\");var hupso_counters_lang = \"es_LA\";var hupso_image_folder_url = \"\";var hupso_twitter_via=\"crsyvrs\";var hupso_url_c=\"\";<\/script><script type=\"text\/javascript\" src=\"http:\/\/static.hupso.com\/share\/js\/counters.js\"><\/script><!-- Hupso Share Buttons --><\/div><p>El legendario m\u00fasico saldr\u00e1 a escena con Sebasti\u00e1n Peycere y con la participaci\u00f3n especial de Maxi Prieto, de Los Esp\u00edritus. El legendario Edelmiro Molinari se presentar\u00e1 en vivo junto a Sebasti\u00e1n Peycere en bater\u00eda \u00a0con la participaci\u00f3n especial de&#46;&#46;&#46;<\/p>\n<div style=\"padding-bottom:20px; padding-top:10px;\" class=\"hupso-share-buttons\"><!-- Hupso Share Buttons - https:\/\/www.hupso.com\/share\/ --><a class=\"hupso_counters\" href=\"https:\/\/www.hupso.com\/share\/\"><img src=\"http:\/\/static.hupso.com\/share\/buttons\/lang\/es\/share-small.png\" style=\"border:0px; padding-top:2px; float:left;\" alt=\"Share Button\"\/><\/a><script type=\"text\/javascript\">var hupso_services_c=new Array(\"twitter\",\"facebook_like\",\"google\");var hupso_counters_lang = \"es_LA\";var hupso_image_folder_url = \"\";var hupso_twitter_via=\"crsyvrs\";var hupso_url_c=\"\";<\/script><script type=\"text\/javascript\" src=\"http:\/\/static.hupso.com\/share\/js\/counters.js\"><\/script><!-- Hupso Share Buttons --><\/div>","protected":false},"author":5,"featured_media":40662,"comment_status":"closed","ping_status":"closed","sticky":false,"template":"","format":"standard","meta":{"footnotes":""},"categories":[3],"tags":[],"class_list":["post-40661","post","type-post","status-publish","format-standard","has-post-thumbnail","hentry","category-musica"],"_links":{"self":[{"href":"http:\/\/cronicasyversiones.com\/index.php?rest_route=\/wp\/v2\/posts\/40661","targetHints":{"allow":["GET"]}}],"collection":[{"href":"http:\/\/cronicasyversiones.com\/index.php?rest_route=\/wp\/v2\/posts"}],"about":[{"href":"http:\/\/cronicasyversiones.com\/index.php?rest_route=\/wp\/v2\/types\/post"}],"author":[{"embeddable":true,"href":"http:\/\/cronicasyversiones.com\/index.php?rest_route=\/wp\/v2\/users\/5"}],"replies":[{"embeddable":true,"href":"http:\/\/cronicasyversiones.com\/index.php?rest_route=%2Fwp%2Fv2%2Fcomments&post=40661"}],"version-history":[{"count":1,"href":"http:\/\/cronicasyversiones.com\/index.php?rest_route=\/wp\/v2\/posts\/40661\/revisions"}],"predecessor-version":[{"id":40663,"href":"http:\/\/cronicasyversiones.com\/index.php?rest_route=\/wp\/v2\/posts\/40661\/revisions\/40663"}],"wp:featuredmedia":[{"embeddable":true,"href":"http:\/\/cronicasyversiones.com\/index.php?rest_route=\/wp\/v2\/media\/40662"}],"wp:attachment":[{"href":"http:\/\/cronicasyversiones.com\/index.php?rest_route=%2Fwp%2Fv2%2Fmedia&parent=40661"}],"wp:term":[{"taxonomy":"category","embeddable":true,"href":"http:\/\/cronicasyversiones.com\/index.php?rest_route=%2Fwp%2Fv2%2Fcategories&post=40661"},{"taxonomy":"post_tag","embeddable":true,"href":"http:\/\/cronicasyversiones.com\/index.php?rest_route=%2Fwp%2Fv2%2Ftags&post=40661"}],"curies":[{"name":"wp","href":"https:\/\/api.w.org\/{rel}","templated":true}]}}