{"id":40664,"date":"2025-10-27T11:41:54","date_gmt":"2025-10-27T14:41:54","guid":{"rendered":"http:\/\/cronicasyversiones.com\/?p=40664"},"modified":"2025-10-27T11:43:38","modified_gmt":"2025-10-27T14:43:38","slug":"universal-estrena-un-documental-sobre-matthew-perry","status":"publish","type":"post","link":"http:\/\/cronicasyversiones.com\/?p=40664","title":{"rendered":"Universal+ estrena un documental sobre Matthew Perry"},"content":{"rendered":"<div style=\"padding-bottom:20px; padding-top:10px;\" class=\"hupso-share-buttons\"><!-- Hupso Share Buttons - https:\/\/www.hupso.com\/share\/ --><a class=\"hupso_counters\" href=\"https:\/\/www.hupso.com\/share\/\"><img decoding=\"async\" src=\"http:\/\/static.hupso.com\/share\/buttons\/lang\/es\/share-small.png\" style=\"border:0px; padding-top:2px; float:left;\" alt=\"Share Button\"\/><\/a><script type=\"text\/javascript\">var hupso_services_c=new Array(\"twitter\",\"facebook_like\",\"google\");var hupso_counters_lang = \"es_LA\";var hupso_image_folder_url = \"\";var hupso_twitter_via=\"crsyvrs\";var hupso_url_c=\"\";<\/script><script type=\"text\/javascript\" src=\"http:\/\/static.hupso.com\/share\/js\/counters.js\"><\/script><!-- Hupso Share Buttons --><\/div><h2>Dirigido por Robert Palumbo y con importantes testimonios, llega a dos a\u00f1os de muerte del actor de Friends.<\/h2>\n<p><img decoding=\"async\" class=\"aligncenter\" src=\"https:\/\/pbs.twimg.com\/card_img\/1982805875732430848\/-sy99_TM?format=jpg&amp;name=small\" alt=\"Document\u00e1rio que aborda os \u00faltimos dias de MATTHEW PERRY chega ao Universal+\" \/><\/p>\n<p>A dos a\u00f1os de la tr\u00e1gica muerte de <strong>Matthew Perry,<\/strong> de la serie <strong>Friends,<\/strong> <strong>Universal+<\/strong> anuncia el estreno en Argentina este martes 28 de octubre del nuevo documental <strong>Matthew Perry: A Hollywood Tragedy.<\/strong><\/p>\n<p>Dirigido por <strong>Robert Palumbo,<\/strong> indaga en los pormenores de la muerte del actor de<strong> Friends,<\/strong> quien falleci\u00f3 el 28 de octubre de 2023 por sobredosis de ketamina.<\/p>\n<p>La producci\u00f3n incluye entrevistas con la actriz <strong>Morgan Fairchild<\/strong> (quien interpret\u00f3 a la madre del actor en Friends), el fiscal federal Martin Estrada, el ex Detective del Departamento de Polic\u00eda de Los \u00c1ngeles Greg Kading y otras figuras clave de Hollywood y agentes policiales.<\/p>\n<p>Si bien los coprotagonistas de la sitcom que catapult\u00f3 a la fama al actor, Jennifer Aniston, Courtney Cox, Matt LeBlanc, Lisa Kudrow y David Schwimmer, decidieron resguardar sus preciados recuerdos, estos podr\u00e1n ser vistos gracias al abundante material de archivo sobre la serie que los convirti\u00f3 en una familia.<\/p>\n<p>Por otro lado, el documental retratar\u00e1 la incesante lucha de Perry contra sus adicciones y los d\u00edas previos a su tr\u00e1gica muerte, a los 54 a\u00f1os, en su casa de Pacific Palisades, en Los \u00c1ngeles. \u00abHollywood est\u00e1 lleno de facilitadores. Realmente se aprovecharon de alguien vulnerable\u00bb, se escucha decir a uno de los entrevistados en el primer adelanto de este documental, respecto a c\u00f3mo Perry se le entreg\u00f3 ketamina, el eslab\u00f3n letal de una cadena de responsabilidades que lleg\u00f3 a la justicia este a\u00f1o, ya que cuatro personas fueron imputadas y condenadas por la muerte del actor.<\/p>\n<div style=\"padding-bottom:20px; padding-top:10px;\" class=\"hupso-share-buttons\"><!-- Hupso Share Buttons - https:\/\/www.hupso.com\/share\/ --><a class=\"hupso_counters\" href=\"https:\/\/www.hupso.com\/share\/\"><img decoding=\"async\" src=\"http:\/\/static.hupso.com\/share\/buttons\/lang\/es\/share-small.png\" style=\"border:0px; padding-top:2px; float:left;\" alt=\"Share Button\"\/><\/a><script type=\"text\/javascript\">var hupso_services_c=new Array(\"twitter\",\"facebook_like\",\"google\");var hupso_counters_lang = \"es_LA\";var hupso_image_folder_url = \"\";var hupso_twitter_via=\"crsyvrs\";var hupso_url_c=\"\";<\/script><script type=\"text\/javascript\" src=\"http:\/\/static.hupso.com\/share\/js\/counters.js\"><\/script><!-- Hupso Share Buttons --><\/div> ","protected":false},"excerpt":{"rendered":"<div style=\"padding-bottom:20px; padding-top:10px;\" class=\"hupso-share-buttons\"><!-- Hupso Share Buttons - https:\/\/www.hupso.com\/share\/ --><a class=\"hupso_counters\" href=\"https:\/\/www.hupso.com\/share\/\"><img src=\"http:\/\/static.hupso.com\/share\/buttons\/lang\/es\/share-small.png\" style=\"border:0px; padding-top:2px; float:left;\" alt=\"Share Button\"\/><\/a><script type=\"text\/javascript\">var hupso_services_c=new Array(\"twitter\",\"facebook_like\",\"google\");var hupso_counters_lang = \"es_LA\";var hupso_image_folder_url = \"\";var hupso_twitter_via=\"crsyvrs\";var hupso_url_c=\"\";<\/script><script type=\"text\/javascript\" src=\"http:\/\/static.hupso.com\/share\/js\/counters.js\"><\/script><!-- Hupso Share Buttons --><\/div><p>Dirigido por Robert Palumbo y con importantes testimonios, llega a dos a\u00f1os de muerte del actor de Friends. A dos a\u00f1os de la tr\u00e1gica muerte de Matthew Perry, de la serie Friends, Universal+ anuncia el estreno en Argentina este&#46;&#46;&#46;<\/p>\n<div style=\"padding-bottom:20px; padding-top:10px;\" class=\"hupso-share-buttons\"><!-- Hupso Share Buttons - https:\/\/www.hupso.com\/share\/ --><a class=\"hupso_counters\" href=\"https:\/\/www.hupso.com\/share\/\"><img src=\"http:\/\/static.hupso.com\/share\/buttons\/lang\/es\/share-small.png\" style=\"border:0px; padding-top:2px; float:left;\" alt=\"Share Button\"\/><\/a><script type=\"text\/javascript\">var hupso_services_c=new Array(\"twitter\",\"facebook_like\",\"google\");var hupso_counters_lang = \"es_LA\";var hupso_image_folder_url = \"\";var hupso_twitter_via=\"crsyvrs\";var hupso_url_c=\"\";<\/script><script type=\"text\/javascript\" src=\"http:\/\/static.hupso.com\/share\/js\/counters.js\"><\/script><!-- Hupso Share Buttons --><\/div>","protected":false},"author":5,"featured_media":40665,"comment_status":"closed","ping_status":"closed","sticky":false,"template":"","format":"standard","meta":{"footnotes":""},"categories":[6],"tags":[],"class_list":["post-40664","post","type-post","status-publish","format-standard","has-post-thumbnail","hentry","category-radio-y-tv"],"_links":{"self":[{"href":"http:\/\/cronicasyversiones.com\/index.php?rest_route=\/wp\/v2\/posts\/40664","targetHints":{"allow":["GET"]}}],"collection":[{"href":"http:\/\/cronicasyversiones.com\/index.php?rest_route=\/wp\/v2\/posts"}],"about":[{"href":"http:\/\/cronicasyversiones.com\/index.php?rest_route=\/wp\/v2\/types\/post"}],"author":[{"embeddable":true,"href":"http:\/\/cronicasyversiones.com\/index.php?rest_route=\/wp\/v2\/users\/5"}],"replies":[{"embeddable":true,"href":"http:\/\/cronicasyversiones.com\/index.php?rest_route=%2Fwp%2Fv2%2Fcomments&post=40664"}],"version-history":[{"count":2,"href":"http:\/\/cronicasyversiones.com\/index.php?rest_route=\/wp\/v2\/posts\/40664\/revisions"}],"predecessor-version":[{"id":40667,"href":"http:\/\/cronicasyversiones.com\/index.php?rest_route=\/wp\/v2\/posts\/40664\/revisions\/40667"}],"wp:featuredmedia":[{"embeddable":true,"href":"http:\/\/cronicasyversiones.com\/index.php?rest_route=\/wp\/v2\/media\/40665"}],"wp:attachment":[{"href":"http:\/\/cronicasyversiones.com\/index.php?rest_route=%2Fwp%2Fv2%2Fmedia&parent=40664"}],"wp:term":[{"taxonomy":"category","embeddable":true,"href":"http:\/\/cronicasyversiones.com\/index.php?rest_route=%2Fwp%2Fv2%2Fcategories&post=40664"},{"taxonomy":"post_tag","embeddable":true,"href":"http:\/\/cronicasyversiones.com\/index.php?rest_route=%2Fwp%2Fv2%2Ftags&post=40664"}],"curies":[{"name":"wp","href":"https:\/\/api.w.org\/{rel}","templated":true}]}}