{"id":40692,"date":"2025-10-30T11:44:07","date_gmt":"2025-10-30T14:44:07","guid":{"rendered":"http:\/\/cronicasyversiones.com\/?p=40692"},"modified":"2025-10-30T11:44:07","modified_gmt":"2025-10-30T14:44:07","slug":"llega-a-netflix-la-serie-sobre-el-caso-fernando-baez-sosa","status":"publish","type":"post","link":"http:\/\/cronicasyversiones.com\/?p=40692","title":{"rendered":"Llega a Netflix la serie sobre el caso Fernando B\u00e1ez Sosa"},"content":{"rendered":"<div style=\"padding-bottom:20px; padding-top:10px;\" class=\"hupso-share-buttons\"><!-- Hupso Share Buttons - https:\/\/www.hupso.com\/share\/ --><a class=\"hupso_counters\" href=\"https:\/\/www.hupso.com\/share\/\"><img decoding=\"async\" src=\"http:\/\/static.hupso.com\/share\/buttons\/lang\/es\/share-small.png\" style=\"border:0px; padding-top:2px; float:left;\" alt=\"Share Button\"\/><\/a><script type=\"text\/javascript\">var hupso_services_c=new Array(\"twitter\",\"facebook_like\",\"google\");var hupso_counters_lang = \"es_LA\";var hupso_image_folder_url = \"\";var hupso_twitter_via=\"crsyvrs\";var hupso_url_c=\"\";<\/script><script type=\"text\/javascript\" src=\"http:\/\/static.hupso.com\/share\/js\/counters.js\"><\/script><!-- Hupso Share Buttons --><\/div><h2>El documental de tres episodios narra el asesinato del joven en Villa Gesell desde una perspectiva \u00edntima y reveladora.<\/h2>\n<p><img decoding=\"async\" class=\"aligncenter\" src=\"https:\/\/pbs.twimg.com\/card_img\/1983618591963664384\/f6YZ_N0I?format=jpg&amp;name=small\" \/><\/p>\n<p><strong>Netflix<\/strong> anunci\u00f3 el estreno de <em><strong>50 segundos: el caso Fernando B\u00e1ez Sosa<\/strong><\/em>, la nueva serie documental que estar\u00e1 disponible en todo el mundo a partir del 13 de noviembre.<\/p>\n<p>Dirigida por <strong>Mart\u00edn Rocca<\/strong> y producida por <strong>Alejandra Sarmiento,<\/strong> el mismo equipo responsable del documental <em><strong>Nisman: El fiscal, la presidenta y el esp\u00eda,<\/strong><\/em> la serie de tres episodios narra el asesinato del joven desde una perspectiva \u00edntima y reveladora, a partir de los testimonios de su familia y sus amigos como nunca antes lo hicieron.<\/p>\n<p>Tambi\u00e9n se cuenta desde la visi\u00f3n de algunos de los condenados y sus familias, periodistas que siguieron el caso y figuras del \u00e1mbito judicial y policial.<\/p>\n<p>Durante la madrugada del 18 de enero de 2020, lo que deb\u00eda ser un viaje de vacaciones entre amigos termin\u00f3 en tragedia. A la salida de una discoteca, <strong>Fernando B\u00e1ez Sosa,<\/strong> un joven de 18 a\u00f1os, fue asesinado a golpes por un grupo de chicos de su misma edad.<\/p>\n<p>El ataque, registrado en video y viralizado en pocas horas, conmocion\u00f3 a la Argentina y convirti\u00f3 el caso en un foco de pol\u00e9mica que al d\u00eda de hoy sigue interpelando a toda la sociedad.<\/p>\n<p><iframe loading=\"lazy\" title=\"YouTube video player\" src=\"https:\/\/www.youtube.com\/embed\/J42WEkp4eBk?si=A0vKY-uHYdOD6FxT\" width=\"560\" height=\"315\" frameborder=\"0\" allowfullscreen=\"allowfullscreen\"><\/iframe><\/p>\n<blockquote><p>\u00a0\u201cEs dif\u00edcil describir lo que significa Fernando para los argentinos. Quisimos abordar esta historia para abrir preguntas inc\u00f3modas respecto de la violencia presente en nuestra sociedad. Tal vez, atendiendo a esas preguntas inc\u00f3modas, se encuentra parte de la soluci\u00f3n\u201d, se\u00f1al\u00f3 Mart\u00edn Rocca, director del documental.<\/p><\/blockquote>\n<p>\u201cEsta es la historia de una tragedia, sin importar por d\u00f3nde se la mire. La v\u00edctima es una sola: Fernando B\u00e1ez Sosa. Pero la tragedia es absoluta, tiene tantos \u00e1ngulos como a personas ha tocado o se han visto involucradas en ella. El documental es un llamado de atenci\u00f3n y un recordatorio\u2026 pero tambi\u00e9n es un homenaje a Fernando y una ense\u00f1anza que algunos de sus protagonistas nos dejan acerca del verdadero valor de la vida\u201d, agreg\u00f3.<\/p>\n<p>50 segundos: el caso Fernando B\u00e1ez Sosa se suma a la lista de documentales de historias argentinas de cr\u00edmenes reales de Netflix como: Las mil muertes de Nora Dalmasso, Mar\u00eda Soledad: El fin del silencio; El fot\u00f3grafo y el cartero: El crimen de Cabezas; Carmel: \u00bfQui\u00e9n mat\u00f3 a Mar\u00eda Marta?; Nisman: El fiscal, la presidenta y el esp\u00eda.<\/p>\n<p>&nbsp;<\/p>\n<p>&nbsp;<\/p>\n<div style=\"padding-bottom:20px; padding-top:10px;\" class=\"hupso-share-buttons\"><!-- Hupso Share Buttons - https:\/\/www.hupso.com\/share\/ --><a class=\"hupso_counters\" href=\"https:\/\/www.hupso.com\/share\/\"><img decoding=\"async\" src=\"http:\/\/static.hupso.com\/share\/buttons\/lang\/es\/share-small.png\" style=\"border:0px; padding-top:2px; float:left;\" alt=\"Share Button\"\/><\/a><script type=\"text\/javascript\">var hupso_services_c=new Array(\"twitter\",\"facebook_like\",\"google\");var hupso_counters_lang = \"es_LA\";var hupso_image_folder_url = \"\";var hupso_twitter_via=\"crsyvrs\";var hupso_url_c=\"\";<\/script><script type=\"text\/javascript\" src=\"http:\/\/static.hupso.com\/share\/js\/counters.js\"><\/script><!-- Hupso Share Buttons --><\/div> ","protected":false},"excerpt":{"rendered":"<div style=\"padding-bottom:20px; padding-top:10px;\" class=\"hupso-share-buttons\"><!-- Hupso Share Buttons - https:\/\/www.hupso.com\/share\/ --><a class=\"hupso_counters\" href=\"https:\/\/www.hupso.com\/share\/\"><img src=\"http:\/\/static.hupso.com\/share\/buttons\/lang\/es\/share-small.png\" style=\"border:0px; padding-top:2px; float:left;\" alt=\"Share Button\"\/><\/a><script type=\"text\/javascript\">var hupso_services_c=new Array(\"twitter\",\"facebook_like\",\"google\");var hupso_counters_lang = \"es_LA\";var hupso_image_folder_url = \"\";var hupso_twitter_via=\"crsyvrs\";var hupso_url_c=\"\";<\/script><script type=\"text\/javascript\" src=\"http:\/\/static.hupso.com\/share\/js\/counters.js\"><\/script><!-- Hupso Share Buttons --><\/div><p>El documental de tres episodios narra el asesinato del joven en Villa Gesell desde una perspectiva \u00edntima y reveladora. Netflix anunci\u00f3 el estreno de 50 segundos: el caso Fernando B\u00e1ez Sosa, la nueva serie documental que estar\u00e1 disponible en&#46;&#46;&#46;<\/p>\n<div style=\"padding-bottom:20px; padding-top:10px;\" class=\"hupso-share-buttons\"><!-- Hupso Share Buttons - https:\/\/www.hupso.com\/share\/ --><a class=\"hupso_counters\" href=\"https:\/\/www.hupso.com\/share\/\"><img src=\"http:\/\/static.hupso.com\/share\/buttons\/lang\/es\/share-small.png\" style=\"border:0px; padding-top:2px; float:left;\" alt=\"Share Button\"\/><\/a><script type=\"text\/javascript\">var hupso_services_c=new Array(\"twitter\",\"facebook_like\",\"google\");var hupso_counters_lang = \"es_LA\";var hupso_image_folder_url = \"\";var hupso_twitter_via=\"crsyvrs\";var hupso_url_c=\"\";<\/script><script type=\"text\/javascript\" src=\"http:\/\/static.hupso.com\/share\/js\/counters.js\"><\/script><!-- Hupso Share Buttons --><\/div>","protected":false},"author":5,"featured_media":40693,"comment_status":"closed","ping_status":"closed","sticky":false,"template":"","format":"standard","meta":{"footnotes":""},"categories":[6,9],"tags":[],"class_list":["post-40692","post","type-post","status-publish","format-standard","has-post-thumbnail","hentry","category-radio-y-tv","category-sociedad"],"_links":{"self":[{"href":"http:\/\/cronicasyversiones.com\/index.php?rest_route=\/wp\/v2\/posts\/40692","targetHints":{"allow":["GET"]}}],"collection":[{"href":"http:\/\/cronicasyversiones.com\/index.php?rest_route=\/wp\/v2\/posts"}],"about":[{"href":"http:\/\/cronicasyversiones.com\/index.php?rest_route=\/wp\/v2\/types\/post"}],"author":[{"embeddable":true,"href":"http:\/\/cronicasyversiones.com\/index.php?rest_route=\/wp\/v2\/users\/5"}],"replies":[{"embeddable":true,"href":"http:\/\/cronicasyversiones.com\/index.php?rest_route=%2Fwp%2Fv2%2Fcomments&post=40692"}],"version-history":[{"count":1,"href":"http:\/\/cronicasyversiones.com\/index.php?rest_route=\/wp\/v2\/posts\/40692\/revisions"}],"predecessor-version":[{"id":40694,"href":"http:\/\/cronicasyversiones.com\/index.php?rest_route=\/wp\/v2\/posts\/40692\/revisions\/40694"}],"wp:featuredmedia":[{"embeddable":true,"href":"http:\/\/cronicasyversiones.com\/index.php?rest_route=\/wp\/v2\/media\/40693"}],"wp:attachment":[{"href":"http:\/\/cronicasyversiones.com\/index.php?rest_route=%2Fwp%2Fv2%2Fmedia&parent=40692"}],"wp:term":[{"taxonomy":"category","embeddable":true,"href":"http:\/\/cronicasyversiones.com\/index.php?rest_route=%2Fwp%2Fv2%2Fcategories&post=40692"},{"taxonomy":"post_tag","embeddable":true,"href":"http:\/\/cronicasyversiones.com\/index.php?rest_route=%2Fwp%2Fv2%2Ftags&post=40692"}],"curies":[{"name":"wp","href":"https:\/\/api.w.org\/{rel}","templated":true}]}}