{"id":40695,"date":"2025-11-03T11:20:54","date_gmt":"2025-11-03T14:20:54","guid":{"rendered":"http:\/\/cronicasyversiones.com\/?p=40695"},"modified":"2025-11-03T11:20:55","modified_gmt":"2025-11-03T14:20:55","slug":"one-chicago-estrena-sus-nuevas-temporadas-en-universal","status":"publish","type":"post","link":"http:\/\/cronicasyversiones.com\/?p=40695","title":{"rendered":"\u201cOne Chicago\u201d estrena sus nuevas temporadas en Universal+"},"content":{"rendered":"<div style=\"padding-bottom:20px; padding-top:10px;\" class=\"hupso-share-buttons\"><!-- Hupso Share Buttons - https:\/\/www.hupso.com\/share\/ --><a class=\"hupso_counters\" href=\"https:\/\/www.hupso.com\/share\/\"><img decoding=\"async\" src=\"http:\/\/static.hupso.com\/share\/buttons\/lang\/es\/share-small.png\" style=\"border:0px; padding-top:2px; float:left;\" alt=\"Share Button\"\/><\/a><script type=\"text\/javascript\">var hupso_services_c=new Array(\"twitter\",\"facebook_like\",\"google\");var hupso_counters_lang = \"es_LA\";var hupso_image_folder_url = \"\";var hupso_twitter_via=\"crsyvrs\";var hupso_url_c=\"\";<\/script><script type=\"text\/javascript\" src=\"http:\/\/static.hupso.com\/share\/js\/counters.js\"><\/script><!-- Hupso Share Buttons --><\/div><h2>Sus tres ficciones del fascinante Universo Wolf, Chicago Fire, Chicago P.D. y Chicago MED, vuelven con historias apasionantes.<\/h2>\n<p><img loading=\"lazy\" decoding=\"async\" class=\"alignnone size-medium wp-image-40696 aligncenter\" src=\"http:\/\/cronicasyversiones.com\/wp-content\/uploads\/2025\/10\/thumbnail_CF_T14-300x169.jpg\" alt=\"\" width=\"300\" height=\"169\" srcset=\"http:\/\/cronicasyversiones.com\/wp-content\/uploads\/2025\/10\/thumbnail_CF_T14-300x169.jpg 300w, http:\/\/cronicasyversiones.com\/wp-content\/uploads\/2025\/10\/thumbnail_CF_T14-768x432.jpg 768w, http:\/\/cronicasyversiones.com\/wp-content\/uploads\/2025\/10\/thumbnail_CF_T14-520x292.jpg 520w, http:\/\/cronicasyversiones.com\/wp-content\/uploads\/2025\/10\/thumbnail_CF_T14-720x404.jpg 720w, http:\/\/cronicasyversiones.com\/wp-content\/uploads\/2025\/10\/thumbnail_CF_T14.jpg 800w\" sizes=\"auto, (max-width: 300px) 100vw, 300px\" \/><\/p>\n<p><strong>Universal+<\/strong> anuncia el estreno exclusivo este 3 de noviembre en Latinoam\u00e9rica de las esperadas nuevas temporadas de la marca<em><strong> \u201cOne Chicago\u201d<\/strong><\/em> del fascinante <strong>Universo Wolf (Dick Wolf).<\/strong><\/p>\n<p>Sus tres ficciones, <strong>Chicago Fire, Chicago P.D. y Chicago MED,<\/strong> vuelven con historias apasionantes y grandes estrellas que se incorporan a los elencos.<\/p>\n<p>De esta forma, la audiencia podr\u00e1 disfrutar tanto las arriesgadas misiones del equipo de bomberos, los casos policiales m\u00e1s desafiantes que tiene a su cargo la Unidad de Inteligencia, y las situaciones bisagra que enfrentan los profesionales de la salud.<\/p>\n<p>Las anticipadas nuevas temporadas de las tres series que marcan a fuego a la TV regresan muy pronto con flamantes personajes que prometen dejar su huella y nuevos giros de gui\u00f3n para seguir atrapando a la fiel audiencia de estas producciones que saben c\u00f3mo mantenerse vigentes.<\/p>\n<h2>CHICAGO FIRE (TEMPORADA 14)<\/h2>\n<p>En su esperada vuelta, dentro de la estaci\u00f3n 51 del Departamento de Bomberos de Chicago se seguir\u00e1 batallando contra imprevistos y, al mismo tiempo, se reafirmar\u00e1n ciertos lazos mientras que otros sufrir\u00e1n fuertes cambios. Luego de que el nuevo jefe, Dom Pascal (interpretado por Dermot Mulroney, My Best Friend\u2019s Wedding), pudiera limpiar su nombre tras ser acusado de asesinato, se enfrentar\u00e1 a nuevos peligros en un \u00e1mbito laboral en constante movimiento.<\/p>\n<h2>CHICAGO P.D. (TEMPORADA 13)<\/h2>\n<p>En el caso de Chicago P.D., el cambio de aire tambi\u00e9n se notar\u00e1, especialmente luego del memorable enfrentamiento entre el Sargento Hank Voight (Jason Beghe, Chicago Justice) y el nuevo jefe Charlie Reid (Shawn Hatosy, The Pitt), que fue escalando en intensidad y que concluy\u00f3 con la muerte del gran villano, un antagonista que afect\u00f3 profundamente la estabilidad de Voight, a quien veremos enfrentando a nuevos demonios en este regreso de la trepidante ficci\u00f3n que contar\u00e1 con la direcci\u00f3n de un ex actor de la serie, Jesse Lee Soffer (FBI: International).<\/p>\n<h2>CHICAGO MED (TEMPORADA 11)<\/h2>\n<p>El centro m\u00e9dico Gaffney lidiar\u00e1 con nuevos dilemas en su und\u00e9cima temporada, que conserva intacto a su gran elenco, con Steven Weber (Wings) como Dean Archer, Jessy Schram (The Birthday Wish) como Hannah Asher, Luke Mitchell (Blindspot) en el papel de Mitch Ripley, Sarah Ramos (The Bear) como Caitlin Lenox, Darren Barnet (Never Have I Ever) como John Frost, y los emblem\u00e1ticos actores S. Epatha Merkerson (La Ley y el Orden) como la administradora de la Instituci\u00f3n, Sharon Goodwin, y Oliver Platt (The Bear) como el Jefe de Psiquiatr\u00eda,\u00a0 Daniel Charles.<\/p>\n<p>Por otra parte, Torrey DeVitto confirm\u00f3 su regreso a la serie para el episodio n\u00famero 200, retomando su papel como la Dra. Natalie Manning, muy recordada por su relaci\u00f3n con Will Halstead (Nick Gehlfuss), conocida por los fans como \u201cManstead\u201d.<\/p>\n<div style=\"padding-bottom:20px; padding-top:10px;\" class=\"hupso-share-buttons\"><!-- Hupso Share Buttons - https:\/\/www.hupso.com\/share\/ --><a class=\"hupso_counters\" href=\"https:\/\/www.hupso.com\/share\/\"><img decoding=\"async\" src=\"http:\/\/static.hupso.com\/share\/buttons\/lang\/es\/share-small.png\" style=\"border:0px; padding-top:2px; float:left;\" alt=\"Share Button\"\/><\/a><script type=\"text\/javascript\">var hupso_services_c=new Array(\"twitter\",\"facebook_like\",\"google\");var hupso_counters_lang = \"es_LA\";var hupso_image_folder_url = \"\";var hupso_twitter_via=\"crsyvrs\";var hupso_url_c=\"\";<\/script><script type=\"text\/javascript\" src=\"http:\/\/static.hupso.com\/share\/js\/counters.js\"><\/script><!-- Hupso Share Buttons --><\/div> ","protected":false},"excerpt":{"rendered":"<div style=\"padding-bottom:20px; padding-top:10px;\" class=\"hupso-share-buttons\"><!-- Hupso Share Buttons - https:\/\/www.hupso.com\/share\/ --><a class=\"hupso_counters\" href=\"https:\/\/www.hupso.com\/share\/\"><img src=\"http:\/\/static.hupso.com\/share\/buttons\/lang\/es\/share-small.png\" style=\"border:0px; padding-top:2px; float:left;\" alt=\"Share Button\"\/><\/a><script type=\"text\/javascript\">var hupso_services_c=new Array(\"twitter\",\"facebook_like\",\"google\");var hupso_counters_lang = \"es_LA\";var hupso_image_folder_url = \"\";var hupso_twitter_via=\"crsyvrs\";var hupso_url_c=\"\";<\/script><script type=\"text\/javascript\" src=\"http:\/\/static.hupso.com\/share\/js\/counters.js\"><\/script><!-- Hupso Share Buttons --><\/div><p>Sus tres ficciones del fascinante Universo Wolf, Chicago Fire, Chicago P.D. y Chicago MED, vuelven con historias apasionantes. Universal+ anuncia el estreno exclusivo este 3 de noviembre en Latinoam\u00e9rica de las esperadas nuevas temporadas de la marca \u201cOne Chicago\u201d&#46;&#46;&#46;<\/p>\n<div style=\"padding-bottom:20px; padding-top:10px;\" class=\"hupso-share-buttons\"><!-- Hupso Share Buttons - https:\/\/www.hupso.com\/share\/ --><a class=\"hupso_counters\" href=\"https:\/\/www.hupso.com\/share\/\"><img src=\"http:\/\/static.hupso.com\/share\/buttons\/lang\/es\/share-small.png\" style=\"border:0px; padding-top:2px; float:left;\" alt=\"Share Button\"\/><\/a><script type=\"text\/javascript\">var hupso_services_c=new Array(\"twitter\",\"facebook_like\",\"google\");var hupso_counters_lang = \"es_LA\";var hupso_image_folder_url = \"\";var hupso_twitter_via=\"crsyvrs\";var hupso_url_c=\"\";<\/script><script type=\"text\/javascript\" src=\"http:\/\/static.hupso.com\/share\/js\/counters.js\"><\/script><!-- Hupso Share Buttons --><\/div>","protected":false},"author":5,"featured_media":40696,"comment_status":"closed","ping_status":"closed","sticky":false,"template":"","format":"standard","meta":{"footnotes":""},"categories":[6],"tags":[],"class_list":["post-40695","post","type-post","status-publish","format-standard","has-post-thumbnail","hentry","category-radio-y-tv"],"_links":{"self":[{"href":"http:\/\/cronicasyversiones.com\/index.php?rest_route=\/wp\/v2\/posts\/40695","targetHints":{"allow":["GET"]}}],"collection":[{"href":"http:\/\/cronicasyversiones.com\/index.php?rest_route=\/wp\/v2\/posts"}],"about":[{"href":"http:\/\/cronicasyversiones.com\/index.php?rest_route=\/wp\/v2\/types\/post"}],"author":[{"embeddable":true,"href":"http:\/\/cronicasyversiones.com\/index.php?rest_route=\/wp\/v2\/users\/5"}],"replies":[{"embeddable":true,"href":"http:\/\/cronicasyversiones.com\/index.php?rest_route=%2Fwp%2Fv2%2Fcomments&post=40695"}],"version-history":[{"count":2,"href":"http:\/\/cronicasyversiones.com\/index.php?rest_route=\/wp\/v2\/posts\/40695\/revisions"}],"predecessor-version":[{"id":40699,"href":"http:\/\/cronicasyversiones.com\/index.php?rest_route=\/wp\/v2\/posts\/40695\/revisions\/40699"}],"wp:featuredmedia":[{"embeddable":true,"href":"http:\/\/cronicasyversiones.com\/index.php?rest_route=\/wp\/v2\/media\/40696"}],"wp:attachment":[{"href":"http:\/\/cronicasyversiones.com\/index.php?rest_route=%2Fwp%2Fv2%2Fmedia&parent=40695"}],"wp:term":[{"taxonomy":"category","embeddable":true,"href":"http:\/\/cronicasyversiones.com\/index.php?rest_route=%2Fwp%2Fv2%2Fcategories&post=40695"},{"taxonomy":"post_tag","embeddable":true,"href":"http:\/\/cronicasyversiones.com\/index.php?rest_route=%2Fwp%2Fv2%2Ftags&post=40695"}],"curies":[{"name":"wp","href":"https:\/\/api.w.org\/{rel}","templated":true}]}}