{"id":40700,"date":"2025-11-04T10:56:25","date_gmt":"2025-11-04T13:56:25","guid":{"rendered":"http:\/\/cronicasyversiones.com\/?p=40700"},"modified":"2025-11-04T10:56:26","modified_gmt":"2025-11-04T13:56:26","slug":"la-ley-el-orden-uve-estrena-su-temporada-27-en-universal","status":"publish","type":"post","link":"http:\/\/cronicasyversiones.com\/?p=40700","title":{"rendered":"La ley &#038; el Orden: UVE estrena su temporada 27 en Universal+"},"content":{"rendered":"<div style=\"padding-bottom:20px; padding-top:10px;\" class=\"hupso-share-buttons\"><!-- Hupso Share Buttons - https:\/\/www.hupso.com\/share\/ --><a class=\"hupso_counters\" href=\"https:\/\/www.hupso.com\/share\/\"><img decoding=\"async\" src=\"http:\/\/static.hupso.com\/share\/buttons\/lang\/es\/share-small.png\" style=\"border:0px; padding-top:2px; float:left;\" alt=\"Share Button\"\/><\/a><script type=\"text\/javascript\">var hupso_services_c=new Array(\"twitter\",\"facebook_like\",\"google\");var hupso_counters_lang = \"es_LA\";var hupso_image_folder_url = \"\";var hupso_twitter_via=\"crsyvrs\";var hupso_url_c=\"\";<\/script><script type=\"text\/javascript\" src=\"http:\/\/static.hupso.com\/share\/js\/counters.js\"><\/script><!-- Hupso Share Buttons --><\/div><h2>Llegan nuevos cap\u00edtulos tras casi tres d\u00e9cadas de emocionantes persecuciones criminales y emocionantes enfrentamientos judiciales.<\/h2>\n<p><img loading=\"lazy\" decoding=\"async\" class=\"size-medium wp-image-40701 aligncenter\" src=\"http:\/\/cronicasyversiones.com\/wp-content\/uploads\/2025\/11\/descarga-300x150.png\" alt=\"\" width=\"300\" height=\"150\" srcset=\"http:\/\/cronicasyversiones.com\/wp-content\/uploads\/2025\/11\/descarga-300x150.png 300w, http:\/\/cronicasyversiones.com\/wp-content\/uploads\/2025\/11\/descarga-768x384.png 768w, http:\/\/cronicasyversiones.com\/wp-content\/uploads\/2025\/11\/descarga.png 800w\" sizes=\"auto, (max-width: 300px) 100vw, 300px\" \/><\/p>\n<p>La temporada 27 de<em><strong> La Ley y el Orden: Unidad de V\u00edctimas Especiales<\/strong> <\/em>llega a <strong>Universal+<\/strong> este 4 de noviembre en Latinoam\u00e9rica. Tras casi tres d\u00e9cadas de emocionantes persecuciones criminales y emocionantes enfrentamientos judiciales, la serie creada por Wolf Entertainment como un spin-off de <strong>La Ley y el Orden,<\/strong> y estrenada en septiembre de 1999, se ha consolidado como un cl\u00e1sico de la televisi\u00f3n.<\/p>\n<p>La serie fascina por el crudo realismo, por sus impactantes casos y por lo temerarios que se muestran los detectives, especialmente la <strong>Capitana Olivia Benson<\/strong>, magistralmente interpretada por la ganadora del Emmy\u00ae Mariska Hargitay, el rostro emblema del equipo de la comisar\u00eda 16 de Manhattan.<\/p>\n<h2>LA DETECTIVE AMANDA ROLLINS REGRESA A LA FICCI\u00d3N<\/h2>\n<p>El regreso de la actriz Kelli Giddish como la detective Amanda Rollins es, sin duda, uno de los momentos m\u00e1s destacados de la nueva temporada de La Ley y el Orden: Unidad de V\u00edctimas Especiales. Rollins se convirti\u00f3 en una de las favoritas de los fans desde su primera aparici\u00f3n en la temporada 13. Tambi\u00e9n vimos la transici\u00f3n de su personaje de detective a profesora, con Giddish como estrella invitada en varios episodios de las temporadas 25 y 26 tras su despedida parcial en la temporada 24.<\/p>\n<h2>EL QUIEBRE DE DOMINICK CARISI Y\u00a0EL FUTURO DE UNA HISTORIA DE AMOR EN MEDIO DEL CAOS<\/h2>\n<p>En la nueva temporada, una importante subtrama se centrar\u00e1 en Dominick \u201cSonny\u201d Carisi Jr. (Peter Scanavino), quien, tras ser tomado como reh\u00e9n en la temporada anterior, contin\u00faa luchando contra el trastorno de estr\u00e9s postraum\u00e1tico.<\/p>\n<p>Como parte de su viaje emocional, veremos c\u00f3mo reacciona su esposa, Amanda Rollins. Su regreso a la trama traer\u00e1 cambios significativos a la din\u00e1mica.<\/p>\n<p>En cuanto a otra de las relaciones m\u00e1s ic\u00f3nicas de la serie, la de Olivia Benson y Elliot Stabler (Christopher Meloni), la pareja se reuni\u00f3 brevemente en \u00abPost-Rage\u00bb, el impactante final de la temporada 26, que fortaleci\u00f3 a\u00fan m\u00e1s su v\u00ednculo especial. Los fans de la serie, y de uno de los d\u00faos m\u00e1s queridos de la televisi\u00f3n, deben estar atentos a una posible reaparici\u00f3n de Stabler en el universo de Ley y Orden: Unidad de V\u00edctimas Especiales.<\/p>\n<p>La ic\u00f3nica serie est\u00e1 protagonizada por Mariska Hargitay, Ice-T (30 Rock), Peter Scanavino (Law &amp; Order: Organized Crime), Kelli Giddish (The Good Wife), Kevin Kane (Inside Amy Schumer) y Aim\u00e9 Donna Kelly (Chicago Med), entre otros grandes talentos.<\/p>\n<p>La Ley y el Orden: Unidad de V\u00edctimas Especiales y todo el contenido de Universal+ tambi\u00e9n se transmite en los canales premium: Universal Premiere, Universal Cinema, Universal Crime, Universal Comedy y Universal Reality, disponibles en los principales operadores de TV paga de la regi\u00f3n<\/p>\n<div style=\"padding-bottom:20px; padding-top:10px;\" class=\"hupso-share-buttons\"><!-- Hupso Share Buttons - https:\/\/www.hupso.com\/share\/ --><a class=\"hupso_counters\" href=\"https:\/\/www.hupso.com\/share\/\"><img decoding=\"async\" src=\"http:\/\/static.hupso.com\/share\/buttons\/lang\/es\/share-small.png\" style=\"border:0px; padding-top:2px; float:left;\" alt=\"Share Button\"\/><\/a><script type=\"text\/javascript\">var hupso_services_c=new Array(\"twitter\",\"facebook_like\",\"google\");var hupso_counters_lang = \"es_LA\";var hupso_image_folder_url = \"\";var hupso_twitter_via=\"crsyvrs\";var hupso_url_c=\"\";<\/script><script type=\"text\/javascript\" src=\"http:\/\/static.hupso.com\/share\/js\/counters.js\"><\/script><!-- Hupso Share Buttons --><\/div> ","protected":false},"excerpt":{"rendered":"<div style=\"padding-bottom:20px; padding-top:10px;\" class=\"hupso-share-buttons\"><!-- Hupso Share Buttons - https:\/\/www.hupso.com\/share\/ --><a class=\"hupso_counters\" href=\"https:\/\/www.hupso.com\/share\/\"><img src=\"http:\/\/static.hupso.com\/share\/buttons\/lang\/es\/share-small.png\" style=\"border:0px; padding-top:2px; float:left;\" alt=\"Share Button\"\/><\/a><script type=\"text\/javascript\">var hupso_services_c=new Array(\"twitter\",\"facebook_like\",\"google\");var hupso_counters_lang = \"es_LA\";var hupso_image_folder_url = \"\";var hupso_twitter_via=\"crsyvrs\";var hupso_url_c=\"\";<\/script><script type=\"text\/javascript\" src=\"http:\/\/static.hupso.com\/share\/js\/counters.js\"><\/script><!-- Hupso Share Buttons --><\/div><p>Llegan nuevos cap\u00edtulos tras casi tres d\u00e9cadas de emocionantes persecuciones criminales y emocionantes enfrentamientos judiciales. La temporada 27 de La Ley y el Orden: Unidad de V\u00edctimas Especiales llega a Universal+ este 4 de noviembre en Latinoam\u00e9rica. Tras casi&#46;&#46;&#46;<\/p>\n<div style=\"padding-bottom:20px; padding-top:10px;\" class=\"hupso-share-buttons\"><!-- Hupso Share Buttons - https:\/\/www.hupso.com\/share\/ --><a class=\"hupso_counters\" href=\"https:\/\/www.hupso.com\/share\/\"><img src=\"http:\/\/static.hupso.com\/share\/buttons\/lang\/es\/share-small.png\" style=\"border:0px; padding-top:2px; float:left;\" alt=\"Share Button\"\/><\/a><script type=\"text\/javascript\">var hupso_services_c=new Array(\"twitter\",\"facebook_like\",\"google\");var hupso_counters_lang = \"es_LA\";var hupso_image_folder_url = \"\";var hupso_twitter_via=\"crsyvrs\";var hupso_url_c=\"\";<\/script><script type=\"text\/javascript\" src=\"http:\/\/static.hupso.com\/share\/js\/counters.js\"><\/script><!-- Hupso Share Buttons --><\/div>","protected":false},"author":5,"featured_media":40701,"comment_status":"closed","ping_status":"closed","sticky":false,"template":"","format":"standard","meta":{"footnotes":""},"categories":[6],"tags":[],"class_list":["post-40700","post","type-post","status-publish","format-standard","has-post-thumbnail","hentry","category-radio-y-tv"],"_links":{"self":[{"href":"http:\/\/cronicasyversiones.com\/index.php?rest_route=\/wp\/v2\/posts\/40700","targetHints":{"allow":["GET"]}}],"collection":[{"href":"http:\/\/cronicasyversiones.com\/index.php?rest_route=\/wp\/v2\/posts"}],"about":[{"href":"http:\/\/cronicasyversiones.com\/index.php?rest_route=\/wp\/v2\/types\/post"}],"author":[{"embeddable":true,"href":"http:\/\/cronicasyversiones.com\/index.php?rest_route=\/wp\/v2\/users\/5"}],"replies":[{"embeddable":true,"href":"http:\/\/cronicasyversiones.com\/index.php?rest_route=%2Fwp%2Fv2%2Fcomments&post=40700"}],"version-history":[{"count":1,"href":"http:\/\/cronicasyversiones.com\/index.php?rest_route=\/wp\/v2\/posts\/40700\/revisions"}],"predecessor-version":[{"id":40702,"href":"http:\/\/cronicasyversiones.com\/index.php?rest_route=\/wp\/v2\/posts\/40700\/revisions\/40702"}],"wp:featuredmedia":[{"embeddable":true,"href":"http:\/\/cronicasyversiones.com\/index.php?rest_route=\/wp\/v2\/media\/40701"}],"wp:attachment":[{"href":"http:\/\/cronicasyversiones.com\/index.php?rest_route=%2Fwp%2Fv2%2Fmedia&parent=40700"}],"wp:term":[{"taxonomy":"category","embeddable":true,"href":"http:\/\/cronicasyversiones.com\/index.php?rest_route=%2Fwp%2Fv2%2Fcategories&post=40700"},{"taxonomy":"post_tag","embeddable":true,"href":"http:\/\/cronicasyversiones.com\/index.php?rest_route=%2Fwp%2Fv2%2Ftags&post=40700"}],"curies":[{"name":"wp","href":"https:\/\/api.w.org\/{rel}","templated":true}]}}