{"id":4073,"date":"2014-10-23T17:08:31","date_gmt":"2014-10-23T20:08:31","guid":{"rendered":"http:\/\/cronicasyversiones.com\/?p=4073"},"modified":"2014-10-23T17:23:29","modified_gmt":"2014-10-23T20:23:29","slug":"maria-creuza-homenajea-a-vinicius-de-moraes-en-buenos-aires","status":"publish","type":"post","link":"http:\/\/cronicasyversiones.com\/?p=4073","title":{"rendered":"Mar\u00eda Creuza homenajea a Vinicius de Moraes en Buenos Aires"},"content":{"rendered":"<div style=\"padding-bottom:20px; padding-top:10px;\" class=\"hupso-share-buttons\"><!-- Hupso Share Buttons - https:\/\/www.hupso.com\/share\/ --><a class=\"hupso_counters\" href=\"https:\/\/www.hupso.com\/share\/\"><img decoding=\"async\" src=\"http:\/\/static.hupso.com\/share\/buttons\/lang\/es\/share-small.png\" style=\"border:0px; padding-top:2px; float:left;\" alt=\"Share Button\"\/><\/a><script type=\"text\/javascript\">var hupso_services_c=new Array(\"twitter\",\"facebook_like\",\"google\");var hupso_counters_lang = \"es_LA\";var hupso_image_folder_url = \"\";var hupso_twitter_via=\"crsyvrs\";var hupso_url_c=\"\";<\/script><script type=\"text\/javascript\" src=\"http:\/\/static.hupso.com\/share\/js\/counters.js\"><\/script><!-- Hupso Share Buttons --><\/div><h2 style=\"text-align: justify;\">La cantante brasile\u00f1a brindar\u00e1 un concierto en el que repasar\u00e1 el repertorio del poeta de la bossa nova y autor de \u201cGarota de Ipanema\u201d, la ic\u00f3nica canci\u00f3n del g\u00e9nero.<\/h2>\n<p><a href=\"http:\/\/cronicasyversiones.com\/wp-content\/uploads\/2014\/10\/maria-creuza-16.jpg\"><img loading=\"lazy\" decoding=\"async\" class=\"wp-image-4074 aligncenter\" src=\"http:\/\/cronicasyversiones.com\/wp-content\/uploads\/2014\/10\/maria-creuza-16.jpg\" alt=\"maria-creuza-16\" width=\"774\" height=\"514\" srcset=\"http:\/\/cronicasyversiones.com\/wp-content\/uploads\/2014\/10\/maria-creuza-16.jpg 800w, http:\/\/cronicasyversiones.com\/wp-content\/uploads\/2014\/10\/maria-creuza-16-300x199.jpg 300w, http:\/\/cronicasyversiones.com\/wp-content\/uploads\/2014\/10\/maria-creuza-16-624x414.jpg 624w\" sizes=\"auto, (max-width: 774px) 100vw, 774px\" \/><\/a><\/p>\n<p><strong>Mar\u00eda Creuza<\/strong> brindar\u00e1 un concierto homenaje al poeta de la bossa nova, <strong>Vinicius de Moraes<\/strong>, en el que realizar\u00e1 un repaso por su m\u00e1s entra\u00f1able repertorio, el s\u00e1bado 1 de noviembre, a las 21, en <strong>Teatro Metropolitan<\/strong>, ubicado en Corrientes 1343, en pleno Centro porte\u00f1o.<\/p>\n<p><strong>Vinicius, Mar\u00eda Creuza y Toquinho<\/strong> realizaron una hist\u00f3rica serie de presentaciones en el m\u00edtico caf\u00e9-concert <em><strong>\u00abLa Fusa\u00bb<\/strong><\/em>, que se desarrollaron en Buenos Aires y en Punta del Este en 1971.<\/p>\n<p>El \u00e9xito de esos shows, que se prolongaron por m\u00e1s de tres meses, qued\u00f3 plasmado en el inolvidable \u00e1lbum <strong>\u00abVinicius de Moraes, Mar\u00eda Creuza y Toquinho en La Fusa- Buenos Aires\u00bb.<\/strong><\/p>\n<p><strong>Marcus Vin\u00edcius da Cruz de Melo Moraes<\/strong>, fallecido en 1980, fue una figura entrales en la m\u00fasica popular brasile\u00f1a contempor\u00e1nea. Es el compositor de la ic\u00f3nica canci\u00f3n de bossanova <em><strong>\u201cGarota de Ipanema\u201d.<\/strong> <\/em><\/p>\n<p>Como poeta escribi\u00f3 la letra de un gran n\u00famero de canciones que se convirtieron en cl\u00e1sicos imperecederos. Como int\u00e9rprete, grab\u00f3 varios discos y particit\u00f3 de otros tantos en calidad de invitado.<\/p>\n<p><object width=\"420\" height=\"315\"><param name=\"movie\" value=\"\/\/www.youtube.com\/v\/DjiEbMQFSxg?hl=es_MX&amp;version=3\" \/><param name=\"allowFullScreen\" value=\"true\" \/><param name=\"allowscriptaccess\" value=\"always\" \/><embed src=\"\/\/www.youtube.com\/v\/DjiEbMQFSxg?hl=es_MX&amp;version=3\" type=\"application\/x-shockwave-flash\" width=\"420\" height=\"315\" allowscriptaccess=\"always\" allowfullscreen=\"allowfullscreen\" \/><\/object><\/p>\n<p>&nbsp;<\/p>\n<div style=\"padding-bottom:20px; padding-top:10px;\" class=\"hupso-share-buttons\"><!-- Hupso Share Buttons - https:\/\/www.hupso.com\/share\/ --><a class=\"hupso_counters\" href=\"https:\/\/www.hupso.com\/share\/\"><img decoding=\"async\" src=\"http:\/\/static.hupso.com\/share\/buttons\/lang\/es\/share-small.png\" style=\"border:0px; padding-top:2px; float:left;\" alt=\"Share Button\"\/><\/a><script type=\"text\/javascript\">var hupso_services_c=new Array(\"twitter\",\"facebook_like\",\"google\");var hupso_counters_lang = \"es_LA\";var hupso_image_folder_url = \"\";var hupso_twitter_via=\"crsyvrs\";var hupso_url_c=\"\";<\/script><script type=\"text\/javascript\" src=\"http:\/\/static.hupso.com\/share\/js\/counters.js\"><\/script><!-- Hupso Share Buttons --><\/div> ","protected":false},"excerpt":{"rendered":"<div style=\"padding-bottom:20px; padding-top:10px;\" class=\"hupso-share-buttons\"><!-- Hupso Share Buttons - https:\/\/www.hupso.com\/share\/ --><a class=\"hupso_counters\" href=\"https:\/\/www.hupso.com\/share\/\"><img src=\"http:\/\/static.hupso.com\/share\/buttons\/lang\/es\/share-small.png\" style=\"border:0px; padding-top:2px; float:left;\" alt=\"Share Button\"\/><\/a><script type=\"text\/javascript\">var hupso_services_c=new Array(\"twitter\",\"facebook_like\",\"google\");var hupso_counters_lang = \"es_LA\";var hupso_image_folder_url = \"\";var hupso_twitter_via=\"crsyvrs\";var hupso_url_c=\"\";<\/script><script type=\"text\/javascript\" src=\"http:\/\/static.hupso.com\/share\/js\/counters.js\"><\/script><!-- Hupso Share Buttons --><\/div><p>La cantante brasile\u00f1a brindar\u00e1 un concierto en el que repasar\u00e1 el repertorio del poeta de la bossa nova y autor de \u201cGarota de Ipanema\u201d, la ic\u00f3nica canci\u00f3n del g\u00e9nero. Mar\u00eda Creuza brindar\u00e1 un concierto homenaje al poeta de la&#46;&#46;&#46;<\/p>\n<div style=\"padding-bottom:20px; padding-top:10px;\" class=\"hupso-share-buttons\"><!-- Hupso Share Buttons - https:\/\/www.hupso.com\/share\/ --><a class=\"hupso_counters\" href=\"https:\/\/www.hupso.com\/share\/\"><img src=\"http:\/\/static.hupso.com\/share\/buttons\/lang\/es\/share-small.png\" style=\"border:0px; padding-top:2px; float:left;\" alt=\"Share Button\"\/><\/a><script type=\"text\/javascript\">var hupso_services_c=new Array(\"twitter\",\"facebook_like\",\"google\");var hupso_counters_lang = \"es_LA\";var hupso_image_folder_url = \"\";var hupso_twitter_via=\"crsyvrs\";var hupso_url_c=\"\";<\/script><script type=\"text\/javascript\" src=\"http:\/\/static.hupso.com\/share\/js\/counters.js\"><\/script><!-- Hupso Share Buttons --><\/div>","protected":false},"author":5,"featured_media":0,"comment_status":"open","ping_status":"open","sticky":false,"template":"","format":"standard","meta":{"footnotes":""},"categories":[3],"tags":[3164,3165,3161,3162,3163],"class_list":["post-4073","post","type-post","status-publish","format-standard","hentry","category-musica","tag-bossa-nova","tag-garota-de-ipanema","tag-maria-creuza","tag-toquinho","tag-vinicius-de-moraes"],"_links":{"self":[{"href":"http:\/\/cronicasyversiones.com\/index.php?rest_route=\/wp\/v2\/posts\/4073","targetHints":{"allow":["GET"]}}],"collection":[{"href":"http:\/\/cronicasyversiones.com\/index.php?rest_route=\/wp\/v2\/posts"}],"about":[{"href":"http:\/\/cronicasyversiones.com\/index.php?rest_route=\/wp\/v2\/types\/post"}],"author":[{"embeddable":true,"href":"http:\/\/cronicasyversiones.com\/index.php?rest_route=\/wp\/v2\/users\/5"}],"replies":[{"embeddable":true,"href":"http:\/\/cronicasyversiones.com\/index.php?rest_route=%2Fwp%2Fv2%2Fcomments&post=4073"}],"version-history":[{"count":0,"href":"http:\/\/cronicasyversiones.com\/index.php?rest_route=\/wp\/v2\/posts\/4073\/revisions"}],"wp:attachment":[{"href":"http:\/\/cronicasyversiones.com\/index.php?rest_route=%2Fwp%2Fv2%2Fmedia&parent=4073"}],"wp:term":[{"taxonomy":"category","embeddable":true,"href":"http:\/\/cronicasyversiones.com\/index.php?rest_route=%2Fwp%2Fv2%2Fcategories&post=4073"},{"taxonomy":"post_tag","embeddable":true,"href":"http:\/\/cronicasyversiones.com\/index.php?rest_route=%2Fwp%2Fv2%2Ftags&post=4073"}],"curies":[{"name":"wp","href":"https:\/\/api.w.org\/{rel}","templated":true}]}}