{"id":40837,"date":"2025-12-09T12:19:45","date_gmt":"2025-12-09T15:19:45","guid":{"rendered":"http:\/\/cronicasyversiones.com\/?p=40837"},"modified":"2025-12-09T12:19:46","modified_gmt":"2025-12-09T15:19:46","slug":"muestras-de-rocambole-y-gorriarena-cierran-el-ano-en-el-centro-cultural-recoleta","status":"publish","type":"post","link":"http:\/\/cronicasyversiones.com\/?p=40837","title":{"rendered":"Muestras de Rocambole y Gorriarena\u00a0cierran el a\u00f1o en el Centro Cultural Recoleta"},"content":{"rendered":"<div style=\"padding-bottom:20px; padding-top:10px;\" class=\"hupso-share-buttons\"><!-- Hupso Share Buttons - https:\/\/www.hupso.com\/share\/ --><a class=\"hupso_counters\" href=\"https:\/\/www.hupso.com\/share\/\"><img decoding=\"async\" src=\"http:\/\/static.hupso.com\/share\/buttons\/lang\/es\/share-small.png\" style=\"border:0px; padding-top:2px; float:left;\" alt=\"Share Button\"\/><\/a><script type=\"text\/javascript\">var hupso_services_c=new Array(\"twitter\",\"facebook_like\",\"google\");var hupso_counters_lang = \"es_LA\";var hupso_image_folder_url = \"\";var hupso_twitter_via=\"crsyvrs\";var hupso_url_c=\"\";<\/script><script type=\"text\/javascript\" src=\"http:\/\/static.hupso.com\/share\/js\/counters.js\"><\/script><!-- Hupso Share Buttons --><\/div><h2 dir=\"ltr\"><span data-olk-copy-source=\"MessageBody\">Homenaje a Gorriarena, Busqued, Rocambole y artistas seleccionados por la convocatoria anual del CCR.<\/span><\/h2>\n<p><img loading=\"lazy\" decoding=\"async\" class=\"aligncenter\" src=\"https:\/\/4hsr4.img.sp1-brevo.net\/im\/sh\/5enSmLJ4roLh.jpeg?u=7xwQLFBtniwQn8DcvuwcYnF2P0wUygc\" width=\"797\" height=\"531\" \/><\/p>\n<p id=\"x_isPasted\" class=\"x_default\" dir=\"ltr\"><span dir=\"auto\">El mi\u00e9rcoles 17 de diciembre a las 18 h, en el \u00a0<\/span><strong><span dir=\"auto\">Centro Cultural Recoleta<\/span><\/strong><span dir=\"auto\">\u00a0(CCR), se realizar\u00e1 la inauguraci\u00f3n de cinco muestras: \u00abAntes del fulgor\u00bb de Valent\u00edn Asprella Lozano en la sala 6 y \u201c<\/span><em><span dir=\"auto\">KIKIN<\/span><\/em><span dir=\"auto\">\u201d de Juan Jos\u00e9 Souto en la sala 5; \u201cRocambole y el jard\u00edn de los fantasmas\u201d por Ricardo Cohen en las salas 13 y 14, y las exposiciones dedicadas al maestro Carlos Gorriarena en la Sala Hist\u00f3rica y al escritor Carlos Busqued en las salas 2 y 3.<\/span><\/p>\n<p class=\"x_default\" dir=\"ltr\"><span dir=\"auto\">En la\u00a0<\/span><strong><span dir=\"auto\">Sala Hist\u00f3rica<\/span><\/strong><span dir=\"auto\">, a prop\u00f3sito del centenario del nacimiento de\u00a0<\/span><strong><span dir=\"auto\">Carlos\u00a0<\/span><\/strong><strong><span dir=\"auto\">Gorriarena<\/span><\/strong><span dir=\"auto\">\u00a0(20 de diciembre de 1925), el CCR rendir\u00e1 homenaje al artista que form\u00f3 parte de diez muestras colectivas dentro de la instituci\u00f3n. En el a\u00f1o 2009, la Sala Cronopios alberg\u00f3 una exposici\u00f3n retrospectiva p\u00f3stuma y hoy la Sala Hist\u00f3rica rendir\u00e1 homenaje al maestro con la exhibici\u00f3n de \u00a0<\/span><em><span dir=\"auto\">Vidriera<\/span><\/em><span dir=\"auto\">\u00a0 (2000, acr\u00edlico sobre tela) e \u00a0<\/span><em><span dir=\"auto\">Irisada luz del atardecer<\/span><\/em><span dir=\"auto\">\u00a0(1977) de un artista fundamental que se\u00f1al\u00f3 las grandes encrucijadas de su tiempo: reclamos de justicia, burlas al hedonismo consumista, estigmatizaciones del poder, entre otras.<\/span><\/p>\n<p class=\"x_default\" dir=\"ltr\"><span dir=\"auto\">En las \u00a0<\/span><strong><span dir=\"auto\">Salas 2 y 3<\/span><\/strong><span dir=\"auto\">\u00a0, el CCR rememorar\u00e1 el universo del escritor \u00a0<\/span><strong><span dir=\"auto\">Carlos Busqued\u00a0<\/span><\/strong><span dir=\"auto\">con la muestra dedicada a la vida y obra de este escritor argentino de culto, fallecido en marzo de 2021. La muestra, curada por Juan Maisonnave, busca adentrarse en el complejo ecosistema material del autor que con solo dos novelas publicadas en vida (\u00a0<\/span><em><span dir=\"auto\">Bajo este sol tremendo<\/span><\/em><span dir=\"auto\">\u00a0 \u00a0y \u00a0<\/span><em><span dir=\"auto\">Magnetizado<\/span><\/em><span dir=\"auto\">\u00a0) construy\u00f3 una de las obras m\u00e1s inquietantes y singulares de las primeras d\u00e9cadas del nuevo milenio. Esta exhibici\u00f3n p\u00f3stuma re\u00fane por primera vez los objetos personales que el escritor atesoraba no como una colecci\u00f3n ordenada, sino como \u00abrestos, hallazgos y caprichos\u00bb que, seg\u00fan el curador, activaban su pensamiento creativo. Aeromodelos, cuadernos, libros subrayados, c\u00f3mics, publicaciones y revistas, una mand\u00edbula animal, un cuadro de Alack Sinner, sus remeras con leyendas o bandas de rock.<\/span><\/p>\n<p class=\"x_default\" dir=\"ltr\"><span dir=\"auto\">En la\u00a0<\/span><strong><span dir=\"auto\">Sala 5<\/span><\/strong><span dir=\"auto\">,\u00a0<strong>J<\/strong><\/span><strong><span dir=\"auto\">uan Jos\u00e9 Souto<\/span><\/strong><span dir=\"auto\">\u00a0 \u2014artista seleccionado en la convocatoria 2025 de la Recoleta\u2014 presentar\u00e1 \u201c\u00a0<\/span><em><span dir=\"auto\">KIKIN<\/span><\/em><span dir=\"auto\">\u00a0\u201d, con curadur\u00eda de Javier Villa. Un proyecto concebido espec\u00edficamente para la Recoleta donde las esculturas funcionan como dispositivos de revelaci\u00f3n. Cada pieza explorar\u00e1 las formas en que la luz interact\u00faa con la densidad operando como herramienta de conocimiento.<\/span><\/p>\n<p class=\"x_default\" dir=\"ltr\"><span dir=\"auto\">En la\u00a0<\/span><strong><span dir=\"auto\">Sala 6<\/span><\/strong><span dir=\"auto\">,\u00a0<\/span><strong><span dir=\"auto\">Valent\u00edn Asprella Lozano<\/span><\/strong><span dir=\"auto\">, tambi\u00e9n seleccionado en la convocatoria CCR 2025, presentar\u00e1 \u201cAntes del fulgor\u201d (curada por Carla Barbero), una experiencia sensorial a trav\u00e9s de un recorrido escult\u00f3rico e instalativo, donde lo natural y lo sint\u00e9tico se vuelven una misma trama. Organismos h\u00edbridos se adentran en el imaginario de los procesos naturales de procesamiento y regeneraci\u00f3n, eje central en la pr\u00e1ctica del artista.<\/span><\/p>\n<p class=\"x_default\" dir=\"ltr\"><span dir=\"auto\">En las\u00a0<\/span><strong><span dir=\"auto\">Salas 13 y 14<\/span><\/strong><span dir=\"auto\">, Ricardo Cohen \u2014m\u00e1s conocido como\u00a0<\/span><strong><span dir=\"auto\">Rocambole\u2014<\/span><\/strong><span dir=\"auto\">\u00a0 \u00a0 presentar\u00e1 \u201cRocambole y El Jard\u00edn de los Fantasmas\u201d, una exposici\u00f3n curada por Natalia Famucchi que reunir\u00e1 una minuciosa selecci\u00f3n de piezas documentales de la producci\u00f3n gr\u00e1fica y pl\u00e1stica del artista. En el pasillo de Sala 13 se exhibir\u00e1n obras originales que pertenecen a su trabajo para la banda de rock Patricio Rey y sus Redonditos de Ricota (cuando se cumplen exactamente 40 a\u00f1os del lanzamiento del primer disco de Los Redondos, \u00a0<\/span><em><span dir=\"auto\">Gulp!<\/span><\/em><span dir=\"auto\">\u00a0 ), mientras que en las Salas 13 y 14 podr\u00e1n verse pinturas y acuarelas de diferentes momentos de su carrera.<\/span><\/p>\n<p class=\"x_default\" dir=\"ltr\"><span dir=\"auto\">Las cinco muestras podr\u00e1n disfrutarse a partir del 17 de diciembre a las 18 h, con entrada libre y sin costo para residentes y argentinos de martes a viernes de 12 a 21 h, s\u00e1bados, domingos y feriados de 11 a 21 h. Programaci\u00f3n completa en \u00a0 \u00a0 \u00a0\u00a0<\/span><a title=\"https:\/\/4hsr4.r.sp1-brevo.net\/mk\/cl\/f\/sh\/SMK1E8tHeG13GYgrHNWCc2kj4Ade\/9po6xXhslGw3\" href=\"https:\/\/4hsr4.r.sp1-brevo.net\/mk\/cl\/f\/sh\/SMK1E8tHeG13GYgrHNWCc2kj4Ade\/9po6xXhslGw3\" target=\"_blank\" rel=\"noopener noreferrer\" data-auth=\"NotApplicable\" data-linkindex=\"1\"><u><span dir=\"auto\">http:\/\/www.centroculturalrecoleta.org\/<\/span><\/u><\/a><span dir=\"auto\">\u00a0\u00a0.<\/span><\/p>\n<div style=\"padding-bottom:20px; padding-top:10px;\" class=\"hupso-share-buttons\"><!-- Hupso Share Buttons - https:\/\/www.hupso.com\/share\/ --><a class=\"hupso_counters\" href=\"https:\/\/www.hupso.com\/share\/\"><img decoding=\"async\" src=\"http:\/\/static.hupso.com\/share\/buttons\/lang\/es\/share-small.png\" style=\"border:0px; padding-top:2px; float:left;\" alt=\"Share Button\"\/><\/a><script type=\"text\/javascript\">var hupso_services_c=new Array(\"twitter\",\"facebook_like\",\"google\");var hupso_counters_lang = \"es_LA\";var hupso_image_folder_url = \"\";var hupso_twitter_via=\"crsyvrs\";var hupso_url_c=\"\";<\/script><script type=\"text\/javascript\" src=\"http:\/\/static.hupso.com\/share\/js\/counters.js\"><\/script><!-- Hupso Share Buttons --><\/div> ","protected":false},"excerpt":{"rendered":"<div style=\"padding-bottom:20px; padding-top:10px;\" class=\"hupso-share-buttons\"><!-- Hupso Share Buttons - https:\/\/www.hupso.com\/share\/ --><a class=\"hupso_counters\" href=\"https:\/\/www.hupso.com\/share\/\"><img src=\"http:\/\/static.hupso.com\/share\/buttons\/lang\/es\/share-small.png\" style=\"border:0px; padding-top:2px; float:left;\" alt=\"Share Button\"\/><\/a><script type=\"text\/javascript\">var hupso_services_c=new Array(\"twitter\",\"facebook_like\",\"google\");var hupso_counters_lang = \"es_LA\";var hupso_image_folder_url = \"\";var hupso_twitter_via=\"crsyvrs\";var hupso_url_c=\"\";<\/script><script type=\"text\/javascript\" src=\"http:\/\/static.hupso.com\/share\/js\/counters.js\"><\/script><!-- Hupso Share Buttons --><\/div><p>Homenaje a Gorriarena, Busqued, Rocambole y artistas seleccionados por la convocatoria anual del CCR. El mi\u00e9rcoles 17 de diciembre a las 18 h, en el \u00a0Centro Cultural Recoleta\u00a0(CCR), se realizar\u00e1 la inauguraci\u00f3n de cinco muestras: \u00abAntes del fulgor\u00bb de&#46;&#46;&#46;<\/p>\n<div style=\"padding-bottom:20px; padding-top:10px;\" class=\"hupso-share-buttons\"><!-- Hupso Share Buttons - https:\/\/www.hupso.com\/share\/ --><a class=\"hupso_counters\" href=\"https:\/\/www.hupso.com\/share\/\"><img src=\"http:\/\/static.hupso.com\/share\/buttons\/lang\/es\/share-small.png\" style=\"border:0px; padding-top:2px; float:left;\" alt=\"Share Button\"\/><\/a><script type=\"text\/javascript\">var hupso_services_c=new Array(\"twitter\",\"facebook_like\",\"google\");var hupso_counters_lang = \"es_LA\";var hupso_image_folder_url = \"\";var hupso_twitter_via=\"crsyvrs\";var hupso_url_c=\"\";<\/script><script type=\"text\/javascript\" src=\"http:\/\/static.hupso.com\/share\/js\/counters.js\"><\/script><!-- Hupso Share Buttons --><\/div>","protected":false},"author":5,"featured_media":40838,"comment_status":"closed","ping_status":"closed","sticky":false,"template":"","format":"standard","meta":{"footnotes":""},"categories":[8],"tags":[],"class_list":["post-40837","post","type-post","status-publish","format-standard","has-post-thumbnail","hentry","category-artes-plasticas"],"_links":{"self":[{"href":"http:\/\/cronicasyversiones.com\/index.php?rest_route=\/wp\/v2\/posts\/40837","targetHints":{"allow":["GET"]}}],"collection":[{"href":"http:\/\/cronicasyversiones.com\/index.php?rest_route=\/wp\/v2\/posts"}],"about":[{"href":"http:\/\/cronicasyversiones.com\/index.php?rest_route=\/wp\/v2\/types\/post"}],"author":[{"embeddable":true,"href":"http:\/\/cronicasyversiones.com\/index.php?rest_route=\/wp\/v2\/users\/5"}],"replies":[{"embeddable":true,"href":"http:\/\/cronicasyversiones.com\/index.php?rest_route=%2Fwp%2Fv2%2Fcomments&post=40837"}],"version-history":[{"count":1,"href":"http:\/\/cronicasyversiones.com\/index.php?rest_route=\/wp\/v2\/posts\/40837\/revisions"}],"predecessor-version":[{"id":40839,"href":"http:\/\/cronicasyversiones.com\/index.php?rest_route=\/wp\/v2\/posts\/40837\/revisions\/40839"}],"wp:featuredmedia":[{"embeddable":true,"href":"http:\/\/cronicasyversiones.com\/index.php?rest_route=\/wp\/v2\/media\/40838"}],"wp:attachment":[{"href":"http:\/\/cronicasyversiones.com\/index.php?rest_route=%2Fwp%2Fv2%2Fmedia&parent=40837"}],"wp:term":[{"taxonomy":"category","embeddable":true,"href":"http:\/\/cronicasyversiones.com\/index.php?rest_route=%2Fwp%2Fv2%2Fcategories&post=40837"},{"taxonomy":"post_tag","embeddable":true,"href":"http:\/\/cronicasyversiones.com\/index.php?rest_route=%2Fwp%2Fv2%2Ftags&post=40837"}],"curies":[{"name":"wp","href":"https:\/\/api.w.org\/{rel}","templated":true}]}}