{"id":40846,"date":"2026-01-07T12:38:22","date_gmt":"2026-01-07T15:38:22","guid":{"rendered":"http:\/\/cronicasyversiones.com\/?p=40846"},"modified":"2026-01-07T12:38:22","modified_gmt":"2026-01-07T15:38:22","slug":"el-funeral-de-los-objetos-regresa-a-escena","status":"publish","type":"post","link":"http:\/\/cronicasyversiones.com\/?p=40846","title":{"rendered":"\u00abEl funeral de los objetos\u00bb regresa a escena"},"content":{"rendered":"<div style=\"padding-bottom:20px; padding-top:10px;\" class=\"hupso-share-buttons\"><!-- Hupso Share Buttons - https:\/\/www.hupso.com\/share\/ --><a class=\"hupso_counters\" href=\"https:\/\/www.hupso.com\/share\/\"><img decoding=\"async\" src=\"http:\/\/static.hupso.com\/share\/buttons\/lang\/es\/share-small.png\" style=\"border:0px; padding-top:2px; float:left;\" alt=\"Share Button\"\/><\/a><script type=\"text\/javascript\">var hupso_services_c=new Array(\"twitter\",\"facebook_like\",\"google\");var hupso_counters_lang = \"es_LA\";var hupso_image_folder_url = \"\";var hupso_twitter_via=\"crsyvrs\";var hupso_url_c=\"\";<\/script><script type=\"text\/javascript\" src=\"http:\/\/static.hupso.com\/share\/js\/counters.js\"><\/script><!-- Hupso Share Buttons --><\/div><h2>El musical vuelve a la calle Corrientes con una experiencia \u00fanica, divertida y emocionante.<\/h2>\n<p><img decoding=\"async\" class=\"aligncenter\" src=\"https:\/\/img.alternativateatral.com\/scripts\/es\/fotos\/obras\/resumen\/81\/000269781.jpg\" \/><\/p>\n<p><em><strong>\u00abEl funeral de los objetos\u00bb<\/strong> <\/em>regresa renovado al paseo la plaza para la temporada de verano 2026, a partir del 8 de enero.\u00a0El musical que lleva seis temporadas en escena vuelve a la calle Corrientes con una experiencia \u00fanica, divertida y emocionante.<\/p>\n<p>Vuelve a la calle Corrientes para una nueva temporada de verano. La obra creada por <strong>Nicol\u00e1s Manasseri y Fer Provenzano<\/strong> se podr\u00e1 disfrutar desde el 8 de enero a las 22 horas en Paseo La Plaza (Av Corrientes 1660, CABA), y estar\u00e1 todos los jueves de enero y febrero. Las entradas ya est\u00e1n a la venta en Plateanet o en la boleter\u00eda del teatro.<\/p>\n<p>Es una de las obras con m\u00e1s recorrido de <strong>PHEPAND\u00da,<\/strong> que gracias a su despliegue esc\u00e9nico, a la calidad de sus artistas, a la originalidad del gui\u00f3n y propuesta musical, ya sostiene seis largas temporadas de funciones ininterrumpidas en las salas de Buenos Aires y Mar del Plata y Gran Buenos Aires inclusive, gracias al apoyo del p\u00fablico y la crt\u00edtica. M\u00e1s de seis a\u00f1os en cartel, m\u00e1s de 150 funciones y m\u00e1s de 40.000 espectadores ya la vieron.<\/p>\n<p><em><strong>\u00abEl Funeral de los objetos\u00bb<\/strong><\/em> fue una de las primeras obras seleccionadas para participar del FETEMU el Primer Festival de Teatro Musical en Buenos Aires.<\/p>\n<p><img loading=\"lazy\" decoding=\"async\" class=\"aligncenter\" src=\"https:\/\/attachment.outlook.live.net\/owa\/MSA%3Aedgardo-solano%40hotmail.com\/service.svc\/s\/GetAttachmentThumbnail?id=AAkALgAAAAAAHYQDEapmEc2byACqAC%2FEWg0ANYZhQuU6RkSpkmwxDdZJoAAIMiKxkgAAARIAEABgwdHzHiyMQZyvM6DS1Zig&amp;thumbnailType=2&amp;isc=1&amp;token=eyJhbGciOiJSUzI1NiIsInR5cCI6IkpXVCIsImtpZCI6IndKby9pVnNlc1A0cDZLUGdXbmtpbUJSQjlCMD0iLCJ4NXQiOiJ3Sm8vaVZzZXNQNHA2S1BnV25raW1CUkI5QjA9Iiwibm9uY2UiOiJMckVzUDlTaVB4UC16QUZwRG5ZQllXV3pGYVlEdDhUMDBtWGg3LTlVY2FaNWhINW8tTlpnQVQtaHpJNEhMTkZwZHQ0RENPUlhvdm9YLXA4OGstcXVid0pvRjlMOVl4UFY5cDZNUFlMTVNad0tSZWhRTEpLMVpCTFVVcVRVNng4NXZSc0xOR3oyem0zc0NoY3d1OXNUdnE4WHJ1RGFUOXJzV29kNy1UR05OSVUiLCJpc3Nsb2MiOiJFQTJQMjIzTUIwOTUzIiwic3JzbiI6NjM5MDA3MTUxNDU3NDcyNDE3fQ.eyJzYXAtdmVyc2lvbiI6IjMzIiwiYXBwaWQiOiJhZjNlYmJiYS1jMjNmLTQ5MmEtYWE5My04MzQyMTY5NmVjNGIiLCJpc3NyaW5nIjoiV1ciLCJhcHBpZGFjciI6IjIiLCJhcHBfZGlzcGxheW5hbWUiOiIiLCJ1dGkiOiJlZGQ4ZWUwNi0wYzZkLTQ2NjAtOWFiZi1jZDk5NDkwNDUxNTMiLCJpYXQiOjE3NjUyMjYwOTQsInZlciI6IlNUSS5Vc2VyLkNhbGxiYWNrVG9rZW4uVjEiLCJ0aWQiOiI4NGRmOWU3ZmU5ZjY0MGFmYjQzNWFhYWFhYWFhYWFhYSIsInRydXN0ZWRmb3JkZWxlZ2F0aW9uIjoiZmFsc2UiLCJ0b3BvbG9neSI6IntcIlR5cGVcIjpcIk1hY2hpbmVcIixcIlZhbHVlXCI6XCJFQTJQMjIzTUIwOTUzLk5BTVAyMjMuUFJPRC5PVVRMT09LLkNPTVwifSIsInJlcXVlc3Rvcl9hcHBpZCI6IjE1N2NkZmJmLTczOTgtNGE1Ni05NmMzLWU5M2U5YWIzMDliNSIsInJlcXVlc3Rvcl9hcHBfZGlzcGxheW5hbWUiOiJPZmZpY2UgMzY1IEV4Y2hhbmdlIE1pY3Jvc2VydmljZSIsInNjcCI6Ik93YUF0dGFjaG1lbnRzLlJlYWQiLCJvaWQiOiIwMDA2YmZmZC1hZmI1LTQ0ZTgtMDAwMC0wMDAwMDAwMDAwMDAiLCJwdWlkIjoiMDAwNkJGRkRBRkI1NDRFOCIsInNtdHAiOiJlZGdhcmRvLXNvbGFub0Bob3RtYWlsLmNvbSIsInVwbiI6ImVkZ2FyZG8tc29sYW5vQGhvdG1haWwuY29tIiwidXNlcmNhbGxiYWNrdXNlcmNvbnRleHRpZCI6ImE4NGVmNTQwNGMxMzRmN2NiNGI2MDQxOThhNjNjZjA2IiwiZW1iZWRkZWR1c2VydG9rZW50eXBlIjoiTXNhRmlyc3RQYXJ0eSIsInVzZXJhY2Nlc3N0b2tlbiI6IkdBQTlBd01BQUFBTWdBQUF0Z0VnQ1V0WXU4aENhQ3ZuUytwbWtCWHNUZUZNbmxIR2EzZWEwWW1CNUdZSGdxa0FBVTlaTDlpYXB1dHAxQUJpTUlMdzliTGhzdEtGSkJyR1dzT0dnejE3S0RMOFlFNWw0Ymh0ZFE1NWI3cnBOTEMyL0IyakNKSERUQ2x2b0VETXlNZnhnODA2MEdWNlpTVkE3RzhqcTY5dTJpMWlPY3M4VnZpWFN1bDRTUW8zai9iMC9UOFNyYVBka0NzR0ZIMkZjY016RnJpODJ4dDQ0WkNBSTgwMzZKak1qaG5sTUprL0I3VkJiSWlmZFI3UFVqTTRMbUFCeER4eHdRZkJzTEVsZVFhMmRTWHpTY29MQlloMnZYTzd4bjVyMUk5QnQ5ZVVlcFBNZk9kVlM5eTU2RVBRV2oxNk9GdHZuK3MwRmQwclZyVE9tZVJmMktPbU9GWUpEdVdEYndkTG5jcDRUTm9sOUUrQXAzRmtaMG9hTm5HbEdlUDZiTHFUdU5kcnJrd2Z6bmx0OVI0S0FvRUFDZ0w5dndZQTZFUzFyMElETjJuZXV5eHA2WGNFQUFvUm9JQUFHd0JsWkdkaGNtUnZMWE52YkdGdWIwQm9iM1J0WVdsc0xtTnZiUUJaQUFBYVpXUm5ZWEprYnkxemIyeGhibTlBYUc5MGJXRnBiQzVqYjIwQUFBaWlRVklBQkRFNE1qUUFBQlFqVkFvQkFBQm9LRzFBQUFSREFBZEZaR2RoY21SdkFBWlRiMnhoYm04RVhBQUFBQUFBQUFBQUFBQUFBQUFBQUFEN1lMUC9YbnJ3ZFFBQVFnTTNhVUtxcldrQUFBQUFBQUFBQUFBQUFBQW9BREk0TURJNk9EQXhNRHBpTUdGak9qZzRNREE2TVRrME9UbzBOR1JpT2pWbFpHWTZOalprTVFBRkFRQUFBQUFBQUFBQUFBQUFBQkFFQUFBQUFBQUFBQUFBYjFidlVBQUFmb24yOURUcWRlQUFBQUFBQUFBQUFBQUFBQUFBQUFBQUFBQUFBQUFBQUFCS0pIcElFQUFndjVtUlA2RUhRWVhjQWhGSGgrOUlBQUFBQUFBQUFBQUFBQUFBQXdBQUFNUUFSSEp3ZFU5aWJqazBZMkYyT0VOMlQxVmFSRGRuYm1WdWQwcHZTMHRvYzNacGF5RldUemx2VW1wdmR6SlphVEZ4WmtGeVFuTjBiRTlMS210WU1pRTBTQ3BUTmxSNVZua3plR3M1ZVVkTFNHRlNhbHB3YWxSVldYaEpUWGMwTUdGR1ZqTnpOWEZHTm5STWVHWmlJVllxTkNGaFoyRjVWRWx0VlRWSFpYWnljVFEwUVdoU04weFpZbEZIY1V4a2JsVlZlbTA1WVRCSFdFTlZXRm8wWkdwbU5XaHRSRUZFTmxGSmNWQjNOVkZIVEVkMlFpRkpha1JqYkRsSFUzRldaR0ZKVTJja0pBPT0iLCJlcGsiOiJ7XCJrdHlcIjpcIlJTQVwiLFwiblwiOlwicTdfYnp6TUZfekVxejJ0ZnV3UnZza3NVN095dTNtc2FGYl9QZ0JWUFVRTkZiTE5xa0NEZ3RzQWpWVjZJVjlwUlF1b1VDZVotUmFULXljVXkwTEd2T3V3YmdnNnN2SHRIMTVDY0QwY011VW1DeG1DV0daRnEwandPMDZUWC0zVU1oNktaZXkwVkpFdGl3V3NYNUhqNWF1c2k4YllnUkVTb0Rfdmp5clRkQVRUbTc3QUUyUjJCVk1TQnBHcUtsWk5WNWxiUF9NY0pONnpDUmRFTEN3alZuSmNYR09mamVJSmhXUTAwQmdsVlhNSDNyc3hQcUhuMm5LRGVmSTVmS2ROMk05SnRlTV9sWjFMbmI1cXBzSVh1RW13WWJEbjJuUFFSbG9jWHZRNU9pOGw4YmhHMHA1dTlpSjEyNC1JWTd2RGZnakhSY0pjRGd5UUVqeERuZE16Z0VRXCIsXCJlXCI6XCJBUUFCXCIsXCJhbGdcIjpcIlJTMjU2XCIsXCJleHBcIjpcIjE3NjUzMTU0ODZcIixcImV4cF9kaWZmXCI6XCI4NjQwMFwiLFwia2lkXCI6XCJleTRYY24yMjhBb2oyZDZXVEpBYkNOdzRxUmtcIn0ubTBtMDRFMWoyYlg3Q2hmaUJjVnNUdGxlYnd2UEJxaWp0b2FSZjZjamNlTHFIL2xjdWxQMTdlRE1VdEo4YXpxRnl2ZTl2Z3IyczhGY3ZWWGdqNi9DVDlNbjd0b21FT25TUTBmd1VTRjRjVG5JdXI4Q1RQQmxjbExBbU9hbHd1VFV3QkJzRFNUL1Bvcm96elFWR01mbzlJU1k0QnBMWlpadnFnelFwNUpIc0hMZ1lHVkRtbkJJRzcvZ0tSUHVzZDVwaUI1UkRTK3VBTzZwbmwvYk0rVW8zZ1FBSW0zMkJJRFY5Rjdrc2s1dDl1WURTNTdxbUxBNzdGdGNXVXJEZzdyd0w4VjhpbVJYZk5uNTVQOE4vWUFQaHpseUlmU0pWNTU5OUlnVGdydldFbmN0MGw1cDBKRjErdlAzZGNJeDZBaDRuSmQzaDZxQzBhY3ZkVGNFYVFIbUdBPT0iLCJuYmYiOjE3NjUyMjYwOTQsImV4cCI6MTc2NTIyNjM5NCwiaXNzIjoiaHR0cHM6Ly9zdWJzdHJhdGUub2ZmaWNlLmNvbS9zdHMvIiwiYXVkIjoiaHR0cHM6Ly9vdXRsb29rLm9mZmljZS5jb20iLCJzc2VjIjoiRTdJcjB2WGMwMmlxcjlaaSIsImVzc2VjIjoiYXJ0aWZhY3QtYXV0by1wcm9kfE0zNjUyMDI1LTA4LTIzVDIyOjE0OjQ2Ljg4ODU3MjRafExHTW1nZ2pWUTYwSmhrIn0.K_hUIFh4II_nabmPnW7xf1Jqujyx9F3GpYlTGaZEN9m40XRK8itwy86joqUrJ03UkfAaYch08zIUdkT5T7WZV168i7z7E9W6ryMxDkAC0Ou0kB0Sf5ihzDTHyYpzT5Acy30-UnQMSdhweU5E7TXRkMUmaf-4vO4HnoM-PF5Ynqit7D02lVAtGBfBQKZJVl3Msr6LLg_Z7tz97vyV2EFdAMKR07RwFFtew5nW8LIYoaFe4oRD49ThpUQDshRRF-4rSSx3oBQPBXQaNHDbivGsYHFs1zkRHi6SCK147Mt5zj9bfqrnQJWK4C1790a3GXxu9EIvMYrF7bSgq1BEAVA70Q&amp;X-OWA-CANARY=X-OWA-CANARY_cookie_is_null_or_empty&amp;owa=outlook.live.com&amp;scriptVer=20251128003.09&amp;clientId=2CE421FBB4C24BDDAE4625710EBD232D&amp;animation=true\" alt=\"image.jpeg\" width=\"777\" height=\"777\" \/><\/p>\n<p>En la obra, la raza humana es la \u00fanica capaz de sentir amor u odio por un objeto. El Funeral de los objetos cuenta la historia de un grupo de personas bastante particulares y desconocidas entre s\u00ed, que se dan cita para formar parte de un funeral extra\u00f1o luego de ver el anuncio en un folleto del subte. En un mundo en donde la relaci\u00f3n con los otros es cada d\u00eda m\u00e1s compleja, los objetos nos son funcionales como fieles servidores no solo de nuestros sue\u00f1os y deseos, sino tambi\u00e9n de nuestras frustraciones, fracasos, miedos e inseguridades.<\/p>\n<p><em><strong>\u201cEl Funeral de los objetos\u00bb<\/strong> <\/em>es una obra de teatro musical que indaga sobre las relaciones entre los sujetos y los objetos.<\/p>\n<p>\u00bfAcaso los objetos nos constituyen? \u00bfAcaso podemos en este mundo capitalista y materialista ser situados como objetos? \u00bfAcaso yo soy un objeto para los dem\u00e1s?<\/p>\n<p>La obra tiene libro, idea y m\u00fasica de Nicol\u00e1s Manasseri y Fernanda Provenzano. Elenco en Orden de aparici\u00f3n: Martina Alonso \u2013 Fernanda Provenzano \u2013 Eugenia Fernandez \u2013 Renzo Morelli \u2013 Nicol\u00e1s Manasseri \u2013 Mat\u00edas Zajic \u2013 Christian Edelstein<\/p>\n<p>Pianista: Facundo Cicciu (Paseo La Plaza) \u2013 Camila Suero (Mar Del Plata)<\/p>\n<div style=\"padding-bottom:20px; padding-top:10px;\" class=\"hupso-share-buttons\"><!-- Hupso Share Buttons - https:\/\/www.hupso.com\/share\/ --><a class=\"hupso_counters\" href=\"https:\/\/www.hupso.com\/share\/\"><img decoding=\"async\" src=\"http:\/\/static.hupso.com\/share\/buttons\/lang\/es\/share-small.png\" style=\"border:0px; padding-top:2px; float:left;\" alt=\"Share Button\"\/><\/a><script type=\"text\/javascript\">var hupso_services_c=new Array(\"twitter\",\"facebook_like\",\"google\");var hupso_counters_lang = \"es_LA\";var hupso_image_folder_url = \"\";var hupso_twitter_via=\"crsyvrs\";var hupso_url_c=\"\";<\/script><script type=\"text\/javascript\" src=\"http:\/\/static.hupso.com\/share\/js\/counters.js\"><\/script><!-- Hupso Share Buttons --><\/div> ","protected":false},"excerpt":{"rendered":"<div style=\"padding-bottom:20px; padding-top:10px;\" class=\"hupso-share-buttons\"><!-- Hupso Share Buttons - https:\/\/www.hupso.com\/share\/ --><a class=\"hupso_counters\" href=\"https:\/\/www.hupso.com\/share\/\"><img src=\"http:\/\/static.hupso.com\/share\/buttons\/lang\/es\/share-small.png\" style=\"border:0px; padding-top:2px; float:left;\" alt=\"Share Button\"\/><\/a><script type=\"text\/javascript\">var hupso_services_c=new Array(\"twitter\",\"facebook_like\",\"google\");var hupso_counters_lang = \"es_LA\";var hupso_image_folder_url = \"\";var hupso_twitter_via=\"crsyvrs\";var hupso_url_c=\"\";<\/script><script type=\"text\/javascript\" src=\"http:\/\/static.hupso.com\/share\/js\/counters.js\"><\/script><!-- Hupso Share Buttons --><\/div><p>El musical vuelve a la calle Corrientes con una experiencia \u00fanica, divertida y emocionante. \u00abEl funeral de los objetos\u00bb regresa renovado al paseo la plaza para la temporada de verano 2026, a partir del 8 de enero.\u00a0El musical que&#46;&#46;&#46;<\/p>\n<div style=\"padding-bottom:20px; padding-top:10px;\" class=\"hupso-share-buttons\"><!-- Hupso Share Buttons - https:\/\/www.hupso.com\/share\/ --><a class=\"hupso_counters\" href=\"https:\/\/www.hupso.com\/share\/\"><img src=\"http:\/\/static.hupso.com\/share\/buttons\/lang\/es\/share-small.png\" style=\"border:0px; padding-top:2px; float:left;\" alt=\"Share Button\"\/><\/a><script type=\"text\/javascript\">var hupso_services_c=new Array(\"twitter\",\"facebook_like\",\"google\");var hupso_counters_lang = \"es_LA\";var hupso_image_folder_url = \"\";var hupso_twitter_via=\"crsyvrs\";var hupso_url_c=\"\";<\/script><script type=\"text\/javascript\" src=\"http:\/\/static.hupso.com\/share\/js\/counters.js\"><\/script><!-- Hupso Share Buttons --><\/div>","protected":false},"author":5,"featured_media":40920,"comment_status":"closed","ping_status":"closed","sticky":false,"template":"","format":"standard","meta":{"footnotes":""},"categories":[5],"tags":[],"class_list":["post-40846","post","type-post","status-publish","format-standard","has-post-thumbnail","hentry","category-teatro"],"_links":{"self":[{"href":"http:\/\/cronicasyversiones.com\/index.php?rest_route=\/wp\/v2\/posts\/40846","targetHints":{"allow":["GET"]}}],"collection":[{"href":"http:\/\/cronicasyversiones.com\/index.php?rest_route=\/wp\/v2\/posts"}],"about":[{"href":"http:\/\/cronicasyversiones.com\/index.php?rest_route=\/wp\/v2\/types\/post"}],"author":[{"embeddable":true,"href":"http:\/\/cronicasyversiones.com\/index.php?rest_route=\/wp\/v2\/users\/5"}],"replies":[{"embeddable":true,"href":"http:\/\/cronicasyversiones.com\/index.php?rest_route=%2Fwp%2Fv2%2Fcomments&post=40846"}],"version-history":[{"count":1,"href":"http:\/\/cronicasyversiones.com\/index.php?rest_route=\/wp\/v2\/posts\/40846\/revisions"}],"predecessor-version":[{"id":40921,"href":"http:\/\/cronicasyversiones.com\/index.php?rest_route=\/wp\/v2\/posts\/40846\/revisions\/40921"}],"wp:featuredmedia":[{"embeddable":true,"href":"http:\/\/cronicasyversiones.com\/index.php?rest_route=\/wp\/v2\/media\/40920"}],"wp:attachment":[{"href":"http:\/\/cronicasyversiones.com\/index.php?rest_route=%2Fwp%2Fv2%2Fmedia&parent=40846"}],"wp:term":[{"taxonomy":"category","embeddable":true,"href":"http:\/\/cronicasyversiones.com\/index.php?rest_route=%2Fwp%2Fv2%2Fcategories&post=40846"},{"taxonomy":"post_tag","embeddable":true,"href":"http:\/\/cronicasyversiones.com\/index.php?rest_route=%2Fwp%2Fv2%2Ftags&post=40846"}],"curies":[{"name":"wp","href":"https:\/\/api.w.org\/{rel}","templated":true}]}}