{"id":4086,"date":"2014-10-24T11:45:22","date_gmt":"2014-10-24T14:45:22","guid":{"rendered":"http:\/\/cronicasyversiones.com\/?p=4086"},"modified":"2014-10-24T11:45:22","modified_gmt":"2014-10-24T14:45:22","slug":"cecilia-roth-mikeldi-de-honor-del-festival-zinebi","status":"publish","type":"post","link":"http:\/\/cronicasyversiones.com\/?p=4086","title":{"rendered":"Cecilia Roth, Mikeldi de Honor del Festival Zinebi"},"content":{"rendered":"<div style=\"padding-bottom:20px; padding-top:10px;\" class=\"hupso-share-buttons\"><!-- Hupso Share Buttons - https:\/\/www.hupso.com\/share\/ --><a class=\"hupso_counters\" href=\"https:\/\/www.hupso.com\/share\/\"><img decoding=\"async\" src=\"http:\/\/static.hupso.com\/share\/buttons\/lang\/es\/share-small.png\" style=\"border:0px; padding-top:2px; float:left;\" alt=\"Share Button\"\/><\/a><script type=\"text\/javascript\">var hupso_services_c=new Array(\"twitter\",\"facebook_like\",\"google\");var hupso_counters_lang = \"es_LA\";var hupso_image_folder_url = \"\";var hupso_twitter_via=\"crsyvrs\";var hupso_url_c=\"\";<\/script><script type=\"text\/javascript\" src=\"http:\/\/static.hupso.com\/share\/js\/counters.js\"><\/script><!-- Hupso Share Buttons --><\/div><h2 style=\"text-align: justify;\">La actriz recibir\u00e1 est\u00e1 premiaci\u00f3n del Festival Internacional de Cine Documental y Cortometraje de Bilbao en reconocimiento a su libertad y madurez interpretativa.<\/h2>\n<p><a href=\"http:\/\/cronicasyversiones.com\/wp-content\/uploads\/2014\/10\/Cecilia.jpg\"><img loading=\"lazy\" decoding=\"async\" class=\" wp-image-4087 aligncenter\" src=\"http:\/\/cronicasyversiones.com\/wp-content\/uploads\/2014\/10\/Cecilia.jpg\" alt=\"Cecilia\" width=\"661\" height=\"333\" srcset=\"http:\/\/cronicasyversiones.com\/wp-content\/uploads\/2014\/10\/Cecilia.jpg 611w, http:\/\/cronicasyversiones.com\/wp-content\/uploads\/2014\/10\/Cecilia-300x151.jpg 300w\" sizes=\"auto, (max-width: 661px) 100vw, 661px\" \/><\/a><\/p>\n<p style=\"text-align: justify;\">El <strong>Festival Internacional de Cine Documental y Cortometraje de Bilbao (Zinebi)<\/strong>, le otorg\u00f3 su <strong>Mikeldi de Honor 2015<\/strong> a <strong>Cecilia Roth<\/strong>, en reconocimiento a su libertad y madurez interpretativa.<\/p>\n<p style=\"text-align: justify;\">La entrega del lauro ser\u00e1 durante la gala inaugural de la quincuag\u00e9simo sexta edici\u00f3n de la cita cinematogr\u00e1fica el pr\u00f3ximo 14 de noviembre, que se celebrar\u00e1 en el escenario principal del <strong>Teatro Arriaga de Bilbao,<\/strong> sede del certamen, informan sus organizadores en un comunicado.<\/p>\n<p style=\"text-align: justify;\">El reconocimiento premia la \u00abespl\u00e9ndida mezcla de intuici\u00f3n, riesgo y coherencia personal y profesional\u00bb en la elecci\u00f3n de sus personajes, que <strong>Cecilia Roth<\/strong> supo encarnar en cada una las pel\u00edculas en que ha participado.<\/p>\n<p style=\"text-align: justify;\">La actriz argentina encarn\u00f3 papeles de mujeres de su tiempo, mujeres con car\u00e1cter que ya forman parte del imaginario cinematogr\u00e1fico de millones de espectadores, como el de la protagonista de <em><strong>\u201cMart\u00edn Hache\u201d<\/strong><\/em>, de <strong>Adolfo Aristarain<\/strong>, que se proyectar\u00e1 en el fesitival bilba\u00edno el 16 de noviembre.<\/p>\n<p style=\"text-align: justify;\">Con esta pel\u00edcula Roth recibi\u00f3 el <strong>Premio Goya a la Mejor Actriz en 1998<\/strong> y el de la Asociaci\u00f3n de Cronistas de Espect\u00e1culo (ACE) de Nueva York, en 1997.<\/p>\n<div style=\"padding-bottom:20px; padding-top:10px;\" class=\"hupso-share-buttons\"><!-- Hupso Share Buttons - https:\/\/www.hupso.com\/share\/ --><a class=\"hupso_counters\" href=\"https:\/\/www.hupso.com\/share\/\"><img decoding=\"async\" src=\"http:\/\/static.hupso.com\/share\/buttons\/lang\/es\/share-small.png\" style=\"border:0px; padding-top:2px; float:left;\" alt=\"Share Button\"\/><\/a><script type=\"text\/javascript\">var hupso_services_c=new Array(\"twitter\",\"facebook_like\",\"google\");var hupso_counters_lang = \"es_LA\";var hupso_image_folder_url = \"\";var hupso_twitter_via=\"crsyvrs\";var hupso_url_c=\"\";<\/script><script type=\"text\/javascript\" src=\"http:\/\/static.hupso.com\/share\/js\/counters.js\"><\/script><!-- Hupso Share Buttons --><\/div> ","protected":false},"excerpt":{"rendered":"<div style=\"padding-bottom:20px; padding-top:10px;\" class=\"hupso-share-buttons\"><!-- Hupso Share Buttons - https:\/\/www.hupso.com\/share\/ --><a class=\"hupso_counters\" href=\"https:\/\/www.hupso.com\/share\/\"><img src=\"http:\/\/static.hupso.com\/share\/buttons\/lang\/es\/share-small.png\" style=\"border:0px; padding-top:2px; float:left;\" alt=\"Share Button\"\/><\/a><script type=\"text\/javascript\">var hupso_services_c=new Array(\"twitter\",\"facebook_like\",\"google\");var hupso_counters_lang = \"es_LA\";var hupso_image_folder_url = \"\";var hupso_twitter_via=\"crsyvrs\";var hupso_url_c=\"\";<\/script><script type=\"text\/javascript\" src=\"http:\/\/static.hupso.com\/share\/js\/counters.js\"><\/script><!-- Hupso Share Buttons --><\/div><p>La actriz recibir\u00e1 est\u00e1 premiaci\u00f3n del Festival Internacional de Cine Documental y Cortometraje de Bilbao en reconocimiento a su libertad y madurez interpretativa. El Festival Internacional de Cine Documental y Cortometraje de Bilbao (Zinebi), le otorg\u00f3 su Mikeldi de&#46;&#46;&#46;<\/p>\n<div style=\"padding-bottom:20px; padding-top:10px;\" class=\"hupso-share-buttons\"><!-- Hupso Share Buttons - https:\/\/www.hupso.com\/share\/ --><a class=\"hupso_counters\" href=\"https:\/\/www.hupso.com\/share\/\"><img src=\"http:\/\/static.hupso.com\/share\/buttons\/lang\/es\/share-small.png\" style=\"border:0px; padding-top:2px; float:left;\" alt=\"Share Button\"\/><\/a><script type=\"text\/javascript\">var hupso_services_c=new Array(\"twitter\",\"facebook_like\",\"google\");var hupso_counters_lang = \"es_LA\";var hupso_image_folder_url = \"\";var hupso_twitter_via=\"crsyvrs\";var hupso_url_c=\"\";<\/script><script type=\"text\/javascript\" src=\"http:\/\/static.hupso.com\/share\/js\/counters.js\"><\/script><!-- Hupso Share Buttons --><\/div>","protected":false},"author":5,"featured_media":0,"comment_status":"open","ping_status":"open","sticky":false,"template":"","format":"standard","meta":{"footnotes":""},"categories":[4],"tags":[1527,1079,3172,3173,3174],"class_list":["post-4086","post","type-post","status-publish","format-standard","hentry","category-cine","tag-adolfo-aristarain","tag-cecilia-roth","tag-festival-internacional-de-cine-documental-y-cortometraje-de-bilbao","tag-mikeldi-de-honor","tag-zinebi"],"_links":{"self":[{"href":"http:\/\/cronicasyversiones.com\/index.php?rest_route=\/wp\/v2\/posts\/4086","targetHints":{"allow":["GET"]}}],"collection":[{"href":"http:\/\/cronicasyversiones.com\/index.php?rest_route=\/wp\/v2\/posts"}],"about":[{"href":"http:\/\/cronicasyversiones.com\/index.php?rest_route=\/wp\/v2\/types\/post"}],"author":[{"embeddable":true,"href":"http:\/\/cronicasyversiones.com\/index.php?rest_route=\/wp\/v2\/users\/5"}],"replies":[{"embeddable":true,"href":"http:\/\/cronicasyversiones.com\/index.php?rest_route=%2Fwp%2Fv2%2Fcomments&post=4086"}],"version-history":[{"count":0,"href":"http:\/\/cronicasyversiones.com\/index.php?rest_route=\/wp\/v2\/posts\/4086\/revisions"}],"wp:attachment":[{"href":"http:\/\/cronicasyversiones.com\/index.php?rest_route=%2Fwp%2Fv2%2Fmedia&parent=4086"}],"wp:term":[{"taxonomy":"category","embeddable":true,"href":"http:\/\/cronicasyversiones.com\/index.php?rest_route=%2Fwp%2Fv2%2Fcategories&post=4086"},{"taxonomy":"post_tag","embeddable":true,"href":"http:\/\/cronicasyversiones.com\/index.php?rest_route=%2Fwp%2Fv2%2Ftags&post=4086"}],"curies":[{"name":"wp","href":"https:\/\/api.w.org\/{rel}","templated":true}]}}