{"id":40883,"date":"2025-12-18T10:11:36","date_gmt":"2025-12-18T13:11:36","guid":{"rendered":"http:\/\/cronicasyversiones.com\/?p=40883"},"modified":"2025-12-18T10:11:36","modified_gmt":"2025-12-18T13:11:36","slug":"las-primeras-imagenes-de-amarga-navidad-de-pedro-almodovar","status":"publish","type":"post","link":"http:\/\/cronicasyversiones.com\/?p=40883","title":{"rendered":"Las primeras im\u00e1genes de \u00abAmarga Navidad\u00bb, de Pedro Almod\u00f3var"},"content":{"rendered":"<div style=\"padding-bottom:20px; padding-top:10px;\" class=\"hupso-share-buttons\"><!-- Hupso Share Buttons - https:\/\/www.hupso.com\/share\/ --><a class=\"hupso_counters\" href=\"https:\/\/www.hupso.com\/share\/\"><img decoding=\"async\" src=\"http:\/\/static.hupso.com\/share\/buttons\/lang\/es\/share-small.png\" style=\"border:0px; padding-top:2px; float:left;\" alt=\"Share Button\"\/><\/a><script type=\"text\/javascript\">var hupso_services_c=new Array(\"twitter\",\"facebook_like\",\"google\");var hupso_counters_lang = \"es_LA\";var hupso_image_folder_url = \"\";var hupso_twitter_via=\"crsyvrs\";var hupso_url_c=\"\";<\/script><script type=\"text\/javascript\" src=\"http:\/\/static.hupso.com\/share\/js\/counters.js\"><\/script><!-- Hupso Share Buttons --><\/div><h2>Muestran a personajes que se relacionan a la luz de un aparente misterio y hermosos paisajes de la isla atl\u00e1ntica de Lanzarote y Madrid.<\/h2>\n<p><img decoding=\"async\" class=\"aligncenter\" src=\"https:\/\/pbs.twimg.com\/media\/G8c8_95XgAAyzrj?format=jpg&amp;name=4096x4096\" alt=\"Imagen\" \/><\/p>\n<p>Las primeras im\u00e1genes de<em><strong> &#8216;Amarga Navidad&#8217;,<\/strong> <\/em>la \u00faltima pel\u00edcula del director espa\u00f1ol <strong>Pedro Almod\u00f3var,<\/strong> muestran a personajes que se relacionan a la luz de un aparente misterio, con la sugerente banda sonora de Alberto Iglesias y hermosos paisajes de la isla atl\u00e1ntica de Lanzarote y Madrid como escenario.<\/p>\n<p>Tras conocerse el p\u00f3ster de la pel\u00edcula, la productora El Deseo public\u00f3 este jueves un avance de la cinta, que se estrenar\u00e1 el pr\u00f3ximo 20 de marzo. Son escenas de las actrices <strong>B\u00e1rbara Lennie y Milena Smit<\/strong> en una playa y paseando por un paisaje volc\u00e1nico.<\/p>\n<p>Tambi\u00e9n aparece el argentino <strong>Leonardo\u00a0<span class=\"highlightWire\">Sbaraglia<\/span>,<\/strong> escribiendo;<strong> Aitana S\u00e1nchez Gij\u00f3n, llorando por la calle; Patrick Criado<\/strong>, espiando tras unas bambalinas; y <strong>Vicky Luengo y Quim Guti\u00e9rrez,<\/strong> en intensos di\u00e1logos.<\/p>\n<p><iframe loading=\"lazy\" title=\"YouTube video player\" src=\"https:\/\/www.youtube.com\/embed\/aZepPYTpo84?si=AygPE7rMJN3vnD1C\" width=\"560\" height=\"315\" frameborder=\"0\" allowfullscreen=\"allowfullscreen\"><\/iframe><\/p>\n<p>Seg\u00fan la sinopsis adelantada por la productora, la trama de &#8216;Amarga Navidad&#8217; gira en torno a Elsa (B\u00e1rbara Lennie), una directora de publicidad cuya madre muere durante unos d\u00edas festivos del mes de diciembre, y que encuentra refugio en el trabajo, aunque es m\u00e1s bien una huida hacia adelante.<\/p>\n<p>Trabaja sin parar y, sin darse cuenta, no se concede el tiempo necesario para guardar el duelo. Hasta que una crisis de p\u00e1nico la obliga a detenerse e imponerse un descanso. Su pareja, Bonifacio, es su tabla de salvaci\u00f3n en esos momentos de crisis.<\/p>\n<p>Elsa decide viajar a la isla de Lanzarote acompa\u00f1ada de su amiga Patricia, que tambi\u00e9n necesita alejarse de Madrid, mientras que Bonifacio se queda en la ciudad.<\/p>\n<p>La historia de estos tres personajes, y algunos m\u00e1s, se narran simult\u00e1neamente a la del guionista y director de cine Ra\u00fal Dur\u00e1n, (Leonardo\u00a0<span class=\"highlightWire\">Sbaraglia<\/span>), entremezclando ficci\u00f3n y realidad.<br \/>\nMuchos de los int\u00e9rpretes del nuevo trabajo de Almod\u00f3var ya colaboraron antes con \u00e9l, adem\u00e1s de la genuina Rossy de Palma.<\/p>\n<p>B\u00e1rbara Lennie apareci\u00f3 en &#8216;La piel que habito&#8217; (2011); Leonardo\u00a0<span class=\"highlightWire\">Sbaraglia<\/span>, en &#8216;Dolor y Gloria&#8217; (2019); Victoria Luengo, en &#8216;La habitaci\u00f3n de al lado&#8217; (2024); y Aitana S\u00e1nchez-Gij\u00f3n y Milena Smit, en &#8216;Madres Paralelas&#8217;<\/p>\n<div style=\"padding-bottom:20px; padding-top:10px;\" class=\"hupso-share-buttons\"><!-- Hupso Share Buttons - https:\/\/www.hupso.com\/share\/ --><a class=\"hupso_counters\" href=\"https:\/\/www.hupso.com\/share\/\"><img decoding=\"async\" src=\"http:\/\/static.hupso.com\/share\/buttons\/lang\/es\/share-small.png\" style=\"border:0px; padding-top:2px; float:left;\" alt=\"Share Button\"\/><\/a><script type=\"text\/javascript\">var hupso_services_c=new Array(\"twitter\",\"facebook_like\",\"google\");var hupso_counters_lang = \"es_LA\";var hupso_image_folder_url = \"\";var hupso_twitter_via=\"crsyvrs\";var hupso_url_c=\"\";<\/script><script type=\"text\/javascript\" src=\"http:\/\/static.hupso.com\/share\/js\/counters.js\"><\/script><!-- Hupso Share Buttons --><\/div> ","protected":false},"excerpt":{"rendered":"<div style=\"padding-bottom:20px; padding-top:10px;\" class=\"hupso-share-buttons\"><!-- Hupso Share Buttons - https:\/\/www.hupso.com\/share\/ --><a class=\"hupso_counters\" href=\"https:\/\/www.hupso.com\/share\/\"><img src=\"http:\/\/static.hupso.com\/share\/buttons\/lang\/es\/share-small.png\" style=\"border:0px; padding-top:2px; float:left;\" alt=\"Share Button\"\/><\/a><script type=\"text\/javascript\">var hupso_services_c=new Array(\"twitter\",\"facebook_like\",\"google\");var hupso_counters_lang = \"es_LA\";var hupso_image_folder_url = \"\";var hupso_twitter_via=\"crsyvrs\";var hupso_url_c=\"\";<\/script><script type=\"text\/javascript\" src=\"http:\/\/static.hupso.com\/share\/js\/counters.js\"><\/script><!-- Hupso Share Buttons --><\/div><p>Muestran a personajes que se relacionan a la luz de un aparente misterio y hermosos paisajes de la isla atl\u00e1ntica de Lanzarote y Madrid. Las primeras im\u00e1genes de &#8216;Amarga Navidad&#8217;, la \u00faltima pel\u00edcula del director espa\u00f1ol Pedro Almod\u00f3var, muestran&#46;&#46;&#46;<\/p>\n<div style=\"padding-bottom:20px; padding-top:10px;\" class=\"hupso-share-buttons\"><!-- Hupso Share Buttons - https:\/\/www.hupso.com\/share\/ --><a class=\"hupso_counters\" href=\"https:\/\/www.hupso.com\/share\/\"><img src=\"http:\/\/static.hupso.com\/share\/buttons\/lang\/es\/share-small.png\" style=\"border:0px; padding-top:2px; float:left;\" alt=\"Share Button\"\/><\/a><script type=\"text\/javascript\">var hupso_services_c=new Array(\"twitter\",\"facebook_like\",\"google\");var hupso_counters_lang = \"es_LA\";var hupso_image_folder_url = \"\";var hupso_twitter_via=\"crsyvrs\";var hupso_url_c=\"\";<\/script><script type=\"text\/javascript\" src=\"http:\/\/static.hupso.com\/share\/js\/counters.js\"><\/script><!-- Hupso Share Buttons --><\/div>","protected":false},"author":5,"featured_media":40884,"comment_status":"closed","ping_status":"closed","sticky":false,"template":"","format":"standard","meta":{"footnotes":""},"categories":[4],"tags":[],"class_list":["post-40883","post","type-post","status-publish","format-standard","has-post-thumbnail","hentry","category-cine"],"_links":{"self":[{"href":"http:\/\/cronicasyversiones.com\/index.php?rest_route=\/wp\/v2\/posts\/40883","targetHints":{"allow":["GET"]}}],"collection":[{"href":"http:\/\/cronicasyversiones.com\/index.php?rest_route=\/wp\/v2\/posts"}],"about":[{"href":"http:\/\/cronicasyversiones.com\/index.php?rest_route=\/wp\/v2\/types\/post"}],"author":[{"embeddable":true,"href":"http:\/\/cronicasyversiones.com\/index.php?rest_route=\/wp\/v2\/users\/5"}],"replies":[{"embeddable":true,"href":"http:\/\/cronicasyversiones.com\/index.php?rest_route=%2Fwp%2Fv2%2Fcomments&post=40883"}],"version-history":[{"count":1,"href":"http:\/\/cronicasyversiones.com\/index.php?rest_route=\/wp\/v2\/posts\/40883\/revisions"}],"predecessor-version":[{"id":40885,"href":"http:\/\/cronicasyversiones.com\/index.php?rest_route=\/wp\/v2\/posts\/40883\/revisions\/40885"}],"wp:featuredmedia":[{"embeddable":true,"href":"http:\/\/cronicasyversiones.com\/index.php?rest_route=\/wp\/v2\/media\/40884"}],"wp:attachment":[{"href":"http:\/\/cronicasyversiones.com\/index.php?rest_route=%2Fwp%2Fv2%2Fmedia&parent=40883"}],"wp:term":[{"taxonomy":"category","embeddable":true,"href":"http:\/\/cronicasyversiones.com\/index.php?rest_route=%2Fwp%2Fv2%2Fcategories&post=40883"},{"taxonomy":"post_tag","embeddable":true,"href":"http:\/\/cronicasyversiones.com\/index.php?rest_route=%2Fwp%2Fv2%2Ftags&post=40883"}],"curies":[{"name":"wp","href":"https:\/\/api.w.org\/{rel}","templated":true}]}}