{"id":40886,"date":"2025-12-19T11:13:53","date_gmt":"2025-12-19T14:13:53","guid":{"rendered":"http:\/\/cronicasyversiones.com\/?p=40886"},"modified":"2025-12-19T12:46:23","modified_gmt":"2025-12-19T15:46:23","slug":"ariana-gran-y-cher-juntas-en-saturday-night-live","status":"publish","type":"post","link":"http:\/\/cronicasyversiones.com\/?p=40886","title":{"rendered":"Ariana Grande y Cher, juntas en Saturday Night Live"},"content":{"rendered":"<div style=\"padding-bottom:20px; padding-top:10px;\" class=\"hupso-share-buttons\"><!-- Hupso Share Buttons - https:\/\/www.hupso.com\/share\/ --><a class=\"hupso_counters\" href=\"https:\/\/www.hupso.com\/share\/\"><img decoding=\"async\" src=\"http:\/\/static.hupso.com\/share\/buttons\/lang\/es\/share-small.png\" style=\"border:0px; padding-top:2px; float:left;\" alt=\"Share Button\"\/><\/a><script type=\"text\/javascript\">var hupso_services_c=new Array(\"twitter\",\"facebook_like\",\"google\");var hupso_counters_lang = \"es_LA\";var hupso_image_folder_url = \"\";var hupso_twitter_via=\"crsyvrs\";var hupso_url_c=\"\";<\/script><script type=\"text\/javascript\" src=\"http:\/\/static.hupso.com\/share\/js\/counters.js\"><\/script><!-- Hupso Share Buttons --><\/div><h2>Las dos artistas estar\u00e1 presentes en el cl\u00e1sico programa que se ver\u00e1 en Argentina a trav\u00e9s de Universal+.<\/h2>\n<p><img decoding=\"async\" class=\"aligncenter\" src=\"https:\/\/pbs.twimg.com\/card_img\/2001968779228491776\/pGmfUhb7?format=jpg&amp;name=small\" \/><\/p>\n<p><strong>Universal+<\/strong> anuncia que la actriz nominada al Oscar\u00ae, <strong>Ariana Grande<\/strong> quien es favorita nuevamente en la temporada de premios por Wicked: For Good, regresa como anfitriona de <strong>Saturday Night Live;<\/strong> adem\u00e1s, como broche de oro, la legendaria artista <strong>Cher<\/strong> deslumbrar\u00e1 a la audiencia con un gran show pop ideal para cerrar el a\u00f1o este s\u00e1bado 20 de diciembre, que podr\u00e1 verse en Argentina s\u00f3lo a trav\u00e9s de Universal+ completamente en VIVO.<\/p>\n<p><strong>Ariana Grande<\/strong> siempre deja una huella cada vez que se presenta en el ciclo de Lorne Michaels gracias a su notable capacidad para imitar a otros artistas, desde Miley Cyrus hasta Jennifer Coolidge, y por su excelente timing para la comedia. En octubre de 2024, Grande se present\u00f3 en el ciclo por segunda vez como anfitriona con un brillante mon\u00f3logo y elogiadas participaciones en sketches.<\/p>\n<p>En esta oportunidad, la actriz nominada al Oscar\u00ae por su rol de Glinda en Wicked regresa a <strong>Saturday Night Live<\/strong> en plena promoci\u00f3n de la secuela de la popular saga que protagoniza junto a Cynthia Erivo, Wicked: For Good, largometraje de Jon M. Chu (Crazy Rich Asians) por el que volver\u00e1 a competir en la temporada de premios en la que se posiciona como favorita a llevarse la estatuilla dorada como Mejor Actriz de Reparto.<\/p>\n<p>Asimismo, la ic\u00f3nica artista<strong> Cher,<\/strong> quien form\u00f3 parte del hist\u00f3rico programa SNL50: The Anniversary Special con la canci\u00f3n \u00abIf I Could Turn Back Time\u00bb, brindar\u00e1 un show imperdible para los fan\u00e1ticos con sus grandes hits de la m\u00fasica pop y dance, con los que Saturday Night Live cerrar\u00e1 el 2025 de la mejor manera posible: con una noche a puro baile y risas.<\/p>\n<div style=\"padding-bottom:20px; padding-top:10px;\" class=\"hupso-share-buttons\"><!-- Hupso Share Buttons - https:\/\/www.hupso.com\/share\/ --><a class=\"hupso_counters\" href=\"https:\/\/www.hupso.com\/share\/\"><img decoding=\"async\" src=\"http:\/\/static.hupso.com\/share\/buttons\/lang\/es\/share-small.png\" style=\"border:0px; padding-top:2px; float:left;\" alt=\"Share Button\"\/><\/a><script type=\"text\/javascript\">var hupso_services_c=new Array(\"twitter\",\"facebook_like\",\"google\");var hupso_counters_lang = \"es_LA\";var hupso_image_folder_url = \"\";var hupso_twitter_via=\"crsyvrs\";var hupso_url_c=\"\";<\/script><script type=\"text\/javascript\" src=\"http:\/\/static.hupso.com\/share\/js\/counters.js\"><\/script><!-- Hupso Share Buttons --><\/div> ","protected":false},"excerpt":{"rendered":"<div style=\"padding-bottom:20px; padding-top:10px;\" class=\"hupso-share-buttons\"><!-- Hupso Share Buttons - https:\/\/www.hupso.com\/share\/ --><a class=\"hupso_counters\" href=\"https:\/\/www.hupso.com\/share\/\"><img src=\"http:\/\/static.hupso.com\/share\/buttons\/lang\/es\/share-small.png\" style=\"border:0px; padding-top:2px; float:left;\" alt=\"Share Button\"\/><\/a><script type=\"text\/javascript\">var hupso_services_c=new Array(\"twitter\",\"facebook_like\",\"google\");var hupso_counters_lang = \"es_LA\";var hupso_image_folder_url = \"\";var hupso_twitter_via=\"crsyvrs\";var hupso_url_c=\"\";<\/script><script type=\"text\/javascript\" src=\"http:\/\/static.hupso.com\/share\/js\/counters.js\"><\/script><!-- Hupso Share Buttons --><\/div><p>Las dos artistas estar\u00e1 presentes en el cl\u00e1sico programa que se ver\u00e1 en Argentina a trav\u00e9s de Universal+. Universal+ anuncia que la actriz nominada al Oscar\u00ae, Ariana Grande quien es favorita nuevamente en la temporada de premios por Wicked:&#46;&#46;&#46;<\/p>\n<div style=\"padding-bottom:20px; padding-top:10px;\" class=\"hupso-share-buttons\"><!-- Hupso Share Buttons - https:\/\/www.hupso.com\/share\/ --><a class=\"hupso_counters\" href=\"https:\/\/www.hupso.com\/share\/\"><img src=\"http:\/\/static.hupso.com\/share\/buttons\/lang\/es\/share-small.png\" style=\"border:0px; padding-top:2px; float:left;\" alt=\"Share Button\"\/><\/a><script type=\"text\/javascript\">var hupso_services_c=new Array(\"twitter\",\"facebook_like\",\"google\");var hupso_counters_lang = \"es_LA\";var hupso_image_folder_url = \"\";var hupso_twitter_via=\"crsyvrs\";var hupso_url_c=\"\";<\/script><script type=\"text\/javascript\" src=\"http:\/\/static.hupso.com\/share\/js\/counters.js\"><\/script><!-- Hupso Share Buttons --><\/div>","protected":false},"author":5,"featured_media":40887,"comment_status":"closed","ping_status":"closed","sticky":false,"template":"","format":"standard","meta":{"footnotes":""},"categories":[6],"tags":[],"class_list":["post-40886","post","type-post","status-publish","format-standard","has-post-thumbnail","hentry","category-radio-y-tv"],"_links":{"self":[{"href":"http:\/\/cronicasyversiones.com\/index.php?rest_route=\/wp\/v2\/posts\/40886","targetHints":{"allow":["GET"]}}],"collection":[{"href":"http:\/\/cronicasyversiones.com\/index.php?rest_route=\/wp\/v2\/posts"}],"about":[{"href":"http:\/\/cronicasyversiones.com\/index.php?rest_route=\/wp\/v2\/types\/post"}],"author":[{"embeddable":true,"href":"http:\/\/cronicasyversiones.com\/index.php?rest_route=\/wp\/v2\/users\/5"}],"replies":[{"embeddable":true,"href":"http:\/\/cronicasyversiones.com\/index.php?rest_route=%2Fwp%2Fv2%2Fcomments&post=40886"}],"version-history":[{"count":2,"href":"http:\/\/cronicasyversiones.com\/index.php?rest_route=\/wp\/v2\/posts\/40886\/revisions"}],"predecessor-version":[{"id":40889,"href":"http:\/\/cronicasyversiones.com\/index.php?rest_route=\/wp\/v2\/posts\/40886\/revisions\/40889"}],"wp:featuredmedia":[{"embeddable":true,"href":"http:\/\/cronicasyversiones.com\/index.php?rest_route=\/wp\/v2\/media\/40887"}],"wp:attachment":[{"href":"http:\/\/cronicasyversiones.com\/index.php?rest_route=%2Fwp%2Fv2%2Fmedia&parent=40886"}],"wp:term":[{"taxonomy":"category","embeddable":true,"href":"http:\/\/cronicasyversiones.com\/index.php?rest_route=%2Fwp%2Fv2%2Fcategories&post=40886"},{"taxonomy":"post_tag","embeddable":true,"href":"http:\/\/cronicasyversiones.com\/index.php?rest_route=%2Fwp%2Fv2%2Ftags&post=40886"}],"curies":[{"name":"wp","href":"https:\/\/api.w.org\/{rel}","templated":true}]}}