{"id":4090,"date":"2014-10-25T00:10:25","date_gmt":"2014-10-25T03:10:25","guid":{"rendered":"http:\/\/cronicasyversiones.com\/?p=4090"},"modified":"2014-10-25T00:11:44","modified_gmt":"2014-10-25T03:11:44","slug":"nicolas-tiene-dos-papas-abrio-la-polemica-en-chile","status":"publish","type":"post","link":"http:\/\/cronicasyversiones.com\/?p=4090","title":{"rendered":"\u00abNicol\u00e1s tiene dos pap\u00e1s\u00bb, el cuento que abri\u00f3 la pol\u00e9mica en Chile"},"content":{"rendered":"<div style=\"padding-bottom:20px; padding-top:10px;\" class=\"hupso-share-buttons\"><!-- Hupso Share Buttons - https:\/\/www.hupso.com\/share\/ --><a class=\"hupso_counters\" href=\"https:\/\/www.hupso.com\/share\/\"><img decoding=\"async\" src=\"http:\/\/static.hupso.com\/share\/buttons\/lang\/es\/share-small.png\" style=\"border:0px; padding-top:2px; float:left;\" alt=\"Share Button\"\/><\/a><script type=\"text\/javascript\">var hupso_services_c=new Array(\"twitter\",\"facebook_like\",\"google\");var hupso_counters_lang = \"es_LA\";var hupso_image_folder_url = \"\";var hupso_twitter_via=\"crsyvrs\";var hupso_url_c=\"\";<\/script><script type=\"text\/javascript\" src=\"http:\/\/static.hupso.com\/share\/js\/counters.js\"><\/script><!-- Hupso Share Buttons --><\/div><h2 style=\"text-align: justify;\">El texto para chicos de preescolar, que narra la historia de un ni\u00f1o que es criado en una familia homoparental, gener\u00f3 aceptaciones y rechazos, como el de una agrupaci\u00f3n cat\u00f3lica.<\/h2>\n<p><a href=\"http:\/\/cronicasyversiones.com\/wp-content\/uploads\/2014\/10\/Nicolas.jpg\"><img loading=\"lazy\" decoding=\"async\" class=\"wp-image-4091 aligncenter\" src=\"http:\/\/cronicasyversiones.com\/wp-content\/uploads\/2014\/10\/Nicolas.jpg\" alt=\"Nicolas\" width=\"735\" height=\"413\" srcset=\"http:\/\/cronicasyversiones.com\/wp-content\/uploads\/2014\/10\/Nicolas.jpg 625w, http:\/\/cronicasyversiones.com\/wp-content\/uploads\/2014\/10\/Nicolas-300x168.jpg 300w, http:\/\/cronicasyversiones.com\/wp-content\/uploads\/2014\/10\/Nicolas-624x350.jpg 624w\" sizes=\"auto, (max-width: 735px) 100vw, 735px\" \/><\/a><\/p>\n<p style=\"text-align: justify;\"><em><strong>\u00abNicol\u00e1s tiene dos pap\u00e1s\u00bb<\/strong> <\/em>es un cuento para chicos de preescolar que, como su t\u00edtulo lo indica, narra la historia de un ni\u00f1o que es criado en una <strong>familia homoparental<\/strong>.<\/p>\n<p style=\"text-align: justify;\">\u201cEs un material pedag\u00f3gico que le da a los ni\u00f1os herramientas que permitan <strong>visualizar las distintas formas de hacer familia<\/strong>\u201d, le afirm\u00f3 al portal a<em> BBC Mundo<\/em> <strong>Rolando Jim\u00e9nez<\/strong>, vocero del <strong>Movimiento de Integraci\u00f3n y Liberaci\u00f3n Homosexual (Movilh)<\/strong>, organismo impulsor de la iniciativa.<\/p>\n<p style=\"text-align: justify;\">Esta publicaci\u00f3n fue idea del <strong>Movilh<\/strong>, aunque la edici\u00f3n est\u00e1 financiada por la Uni\u00f3n Europea y por la Embajada del Reino de los Pa\u00edses Bajos en Chile.<\/p>\n<p style=\"text-align: justify;\">Adem\u00e1s, tiene el apoyo de la <strong>Junta Nacional de Jardines Infantiles<\/strong> (Junji), un ente oficial dependiente del Ministerio de Educaci\u00f3n que rige las instituciones preescolares de<strong> Chile.<\/strong><\/p>\n<p style=\"text-align: justify;\">S\u00f3lo 24 horas despu\u00e9s de que comience la distribuci\u00f3n de \u201cNicol\u00e1s\u201d, <em><strong>#nicolastienedospapas<\/strong> <\/em>fue trending topic en Twitter en Chile, con m\u00e1s de 12.000 menciones s\u00f3lo el 23 de octubre.<\/p>\n<p style=\"text-align: justify;\">Adem\u00e1s, una de los posteos del Movilh en <strong>Facebook<\/strong> aclarando el respaldo estatal de la iniciativa tuvo casi 22.000 \u201cMe gusta\u201d y fue compartido m\u00e1s de 5.000 veces en la red social.<\/p>\n<p style=\"text-align: justify;\">Por otra parte, la organizaci\u00f3n <strong>Acci\u00f3n Familia<\/strong>, una agrupaci\u00f3n de cat\u00f3licos cuyo fin es <strong>\u201cpreservar los principios y tradiciones cristianas de la Familia chilena\u201d,<\/strong> seg\u00fan el propio grupo describe en su sitio en Internet, arranc\u00f3 una campa\u00f1a para juntar firmas con la intenci\u00f3n de manifestarse en contra de la distribuci\u00f3n del libro ante el ministro de Educaci\u00f3n y hasta podr\u00eda llegar a recurrir a la Justicia.<\/p>\n<p style=\"text-align: justify;\">\u201cEstamos haciendo una campa\u00f1a de sensibilizaci\u00f3n de la opini\u00f3n p\u00fablica contra el respaldo del Ministerio de Educaci\u00f3n a este cuento\u201d, le afirm\u00f3 al portal a BBC Mundo <strong>Juan Antonio Montes,<\/strong> director de Acci\u00f3n Familia.<\/p>\n<p style=\"text-align: justify;\">A pesar de las opiniones contrarias, desde el Movilh se\u00f1alaran que ya recibieron m\u00e1s de 2.000 solicitudes de jardines infantiles, bibliotecas y otras instituciones para tener un ejemplar.<\/p>\n<p style=\"text-align: justify;\">Ante esta aceptaci\u00f3n, Movilh planea una segunda edici\u00f3n de <em><strong>\u201cNicol\u00e1s tiene dos pap\u00e1s\u201d<\/strong><\/em> y tambi\u00e9n est\u00e1n evaluando publicar una versi\u00f3n con dos mam\u00e1s.<\/p>\n<div style=\"padding-bottom:20px; padding-top:10px;\" class=\"hupso-share-buttons\"><!-- Hupso Share Buttons - https:\/\/www.hupso.com\/share\/ --><a class=\"hupso_counters\" href=\"https:\/\/www.hupso.com\/share\/\"><img decoding=\"async\" src=\"http:\/\/static.hupso.com\/share\/buttons\/lang\/es\/share-small.png\" style=\"border:0px; padding-top:2px; float:left;\" alt=\"Share Button\"\/><\/a><script type=\"text\/javascript\">var hupso_services_c=new Array(\"twitter\",\"facebook_like\",\"google\");var hupso_counters_lang = \"es_LA\";var hupso_image_folder_url = \"\";var hupso_twitter_via=\"crsyvrs\";var hupso_url_c=\"\";<\/script><script type=\"text\/javascript\" src=\"http:\/\/static.hupso.com\/share\/js\/counters.js\"><\/script><!-- Hupso Share Buttons --><\/div> ","protected":false},"excerpt":{"rendered":"<div style=\"padding-bottom:20px; padding-top:10px;\" class=\"hupso-share-buttons\"><!-- Hupso Share Buttons - https:\/\/www.hupso.com\/share\/ --><a class=\"hupso_counters\" href=\"https:\/\/www.hupso.com\/share\/\"><img src=\"http:\/\/static.hupso.com\/share\/buttons\/lang\/es\/share-small.png\" style=\"border:0px; padding-top:2px; float:left;\" alt=\"Share Button\"\/><\/a><script type=\"text\/javascript\">var hupso_services_c=new Array(\"twitter\",\"facebook_like\",\"google\");var hupso_counters_lang = \"es_LA\";var hupso_image_folder_url = \"\";var hupso_twitter_via=\"crsyvrs\";var hupso_url_c=\"\";<\/script><script type=\"text\/javascript\" src=\"http:\/\/static.hupso.com\/share\/js\/counters.js\"><\/script><!-- Hupso Share Buttons --><\/div><p>El texto para chicos de preescolar, que narra la historia de un ni\u00f1o que es criado en una familia homoparental, gener\u00f3 aceptaciones y rechazos, como el de una agrupaci\u00f3n cat\u00f3lica. \u00abNicol\u00e1s tiene dos pap\u00e1s\u00bb es un cuento para chicos&#46;&#46;&#46;<\/p>\n<div style=\"padding-bottom:20px; padding-top:10px;\" class=\"hupso-share-buttons\"><!-- Hupso Share Buttons - https:\/\/www.hupso.com\/share\/ --><a class=\"hupso_counters\" href=\"https:\/\/www.hupso.com\/share\/\"><img src=\"http:\/\/static.hupso.com\/share\/buttons\/lang\/es\/share-small.png\" style=\"border:0px; padding-top:2px; float:left;\" alt=\"Share Button\"\/><\/a><script type=\"text\/javascript\">var hupso_services_c=new Array(\"twitter\",\"facebook_like\",\"google\");var hupso_counters_lang = \"es_LA\";var hupso_image_folder_url = \"\";var hupso_twitter_via=\"crsyvrs\";var hupso_url_c=\"\";<\/script><script type=\"text\/javascript\" src=\"http:\/\/static.hupso.com\/share\/js\/counters.js\"><\/script><!-- Hupso Share Buttons --><\/div>","protected":false},"author":5,"featured_media":0,"comment_status":"open","ping_status":"open","sticky":false,"template":"","format":"standard","meta":{"footnotes":""},"categories":[9],"tags":[3177,3176,3175],"class_list":["post-4090","post","type-post","status-publish","format-standard","hentry","category-sociedad","tag-familia-homoparental","tag-movimiento-de-integracion-y-liberacion-homosexual","tag-nicolas-tiene-dos-papas"],"_links":{"self":[{"href":"http:\/\/cronicasyversiones.com\/index.php?rest_route=\/wp\/v2\/posts\/4090","targetHints":{"allow":["GET"]}}],"collection":[{"href":"http:\/\/cronicasyversiones.com\/index.php?rest_route=\/wp\/v2\/posts"}],"about":[{"href":"http:\/\/cronicasyversiones.com\/index.php?rest_route=\/wp\/v2\/types\/post"}],"author":[{"embeddable":true,"href":"http:\/\/cronicasyversiones.com\/index.php?rest_route=\/wp\/v2\/users\/5"}],"replies":[{"embeddable":true,"href":"http:\/\/cronicasyversiones.com\/index.php?rest_route=%2Fwp%2Fv2%2Fcomments&post=4090"}],"version-history":[{"count":0,"href":"http:\/\/cronicasyversiones.com\/index.php?rest_route=\/wp\/v2\/posts\/4090\/revisions"}],"wp:attachment":[{"href":"http:\/\/cronicasyversiones.com\/index.php?rest_route=%2Fwp%2Fv2%2Fmedia&parent=4090"}],"wp:term":[{"taxonomy":"category","embeddable":true,"href":"http:\/\/cronicasyversiones.com\/index.php?rest_route=%2Fwp%2Fv2%2Fcategories&post=4090"},{"taxonomy":"post_tag","embeddable":true,"href":"http:\/\/cronicasyversiones.com\/index.php?rest_route=%2Fwp%2Fv2%2Ftags&post=4090"}],"curies":[{"name":"wp","href":"https:\/\/api.w.org\/{rel}","templated":true}]}}