{"id":40954,"date":"2026-02-12T14:40:35","date_gmt":"2026-02-12T17:40:35","guid":{"rendered":"http:\/\/cronicasyversiones.com\/?p=40954"},"modified":"2026-02-12T14:41:09","modified_gmt":"2026-02-12T17:41:09","slug":"el-malba-celebra-sus-25-anos-con-un-programa-de-exposiciones","status":"publish","type":"post","link":"http:\/\/cronicasyversiones.com\/?p=40954","title":{"rendered":"El Malba celebra sus 25 a\u00f1os con un programa de exposiciones"},"content":{"rendered":"<div style=\"padding-bottom:20px; padding-top:10px;\" class=\"hupso-share-buttons\"><!-- Hupso Share Buttons - https:\/\/www.hupso.com\/share\/ --><a class=\"hupso_counters\" href=\"https:\/\/www.hupso.com\/share\/\"><img decoding=\"async\" src=\"http:\/\/static.hupso.com\/share\/buttons\/lang\/es\/share-small.png\" style=\"border:0px; padding-top:2px; float:left;\" alt=\"Share Button\"\/><\/a><script type=\"text\/javascript\">var hupso_services_c=new Array(\"twitter\",\"facebook_like\",\"google\");var hupso_counters_lang = \"es_LA\";var hupso_image_folder_url = \"\";var hupso_twitter_via=\"crsyvrs\";var hupso_url_c=\"\";<\/script><script type=\"text\/javascript\" src=\"http:\/\/static.hupso.com\/share\/js\/counters.js\"><\/script><!-- Hupso Share Buttons --><\/div><h2 class=\"article-deck\">El museo renovar\u00e1 su colecci\u00f3n permanente y presentar\u00e1 muestras de figuras clave del arte latinoamericano e internacional.<\/h2>\n<p><img decoding=\"async\" class=\"aligncenter\" src=\"https:\/\/media.ambito.com\/p\/48692b336084afcce91567b68450918a\/adjuntos\/239\/imagenes\/043\/097\/0043097222\/malba.jpeg\" \/><\/p>\n<p>En el a\u00f1o de su 25\u00b0 aniversario, el <strong>Museo de Arte Latinoamericano de Buenos Aires\u00a0(Malba) anunci\u00f3 su programa de exposiciones para 2026,\u00a0<\/strong>que incluir\u00e1 una nueva puesta de su colecci\u00f3n permanente y una nutrida agenda de muestras temporarias con artistas de relevancia nacional e internacional.<\/p>\n<p>Como eje central de los festejos, el museo presentar\u00e1 la\u00a0<strong>Colecci\u00f3n Aniversario<\/strong>, una reorganizaci\u00f3n de su acervo en distintas etapas que ocupar\u00e1 dos salas y reunir\u00e1 obras clave de las colecciones Malba y Costantini. El recorrido incorporar\u00e1 adem\u00e1s piezas nunca antes exhibidas en el pa\u00eds, provenientes de la ex colecci\u00f3n Daros Latinamerica, recientemente adquirida.<\/p>\n<p>El programa se completa con exposiciones realizadas en colaboraci\u00f3n con instituciones de Am\u00e9rica Latina, Europa y Estados Unidos, que proponen di\u00e1logos entre problem\u00e1ticas contempor\u00e1neas y la dimensi\u00f3n hist\u00f3rica del arte latinoamericano.<\/p>\n<p>Las actividades conmemorativas tendr\u00e1n su punto culminante el\u00a0<strong>17 de septiembre<\/strong>, con una gala internacional que dar\u00e1 inicio a la semana de celebraciones por los 25 a\u00f1os del museo.<\/p>\n<h2>Principales exposiciones del Malba en 2026<\/h2>\n<p>El calendario comenzar\u00e1 en febrero con\u00a0Olga de Amaral. Cuerpo textil\u00a0(27 de febrero al 11 de mayo), curada por Mar\u00eda Amalia Garc\u00eda y Marie Perenn\u00e8s. En marzo se inaugurar\u00e1\u00a0Fernanda Laguna. Mi coraz\u00f3n es un im\u00e1n\u00a0(13 de marzo al 22 de junio), organizada junto al Museo Reina Sof\u00eda, y\u00a0Metamorfo. Dualidad y transformaci\u00f3n en la Colecci\u00f3n Malba\u2013Costantini, en Malba Puertos.<\/p>\n<p>Desde mayo se podr\u00e1 visitar la nueva exposici\u00f3n permanente\u00a0<strong>Colecci\u00f3n Aniversario<\/strong>, curada por el equipo del museo bajo la coordinaci\u00f3n de Rodrigo Moura.<\/p>\n<p title=\"__IP__\" data-ipspy=\"__IP__\">En junio llegar\u00e1n\u00a0<i>Dan Flavin<\/i>\u00a0(12 de junio al 26 de agosto), organizada por la Dia Art Foundation, y\u00a0<i>Abel Rodr\u00edguez (Mogage Guihu): El \u00e1rbol de la vida y la abundancia<\/i>, en colaboraci\u00f3n con el MASP de San Pablo. En julio se sumar\u00e1 una muestra de\u00a0<strong>Vivian Suter<\/strong>.<\/p>\n<p>El segundo tramo del a\u00f1o estar\u00e1 marcado por dos exposiciones destacadas: una\u00a0<strong>Colecci\u00f3n Aniversario<\/strong>\u00a0de car\u00e1cter temporario (18 de septiembre de 2026 al 8 de febrero de 2027) y<i>\u00a0<strong>Viva Frida<\/strong><\/i>, organizada por el Museo Frida Kahlo de M\u00e9xico, que se exhibir\u00e1 del 18 de septiembre de 2026 al 14 de marzo de 2027.<\/p>\n<p>Con este programa, Malba apuesta a consolidar su rol como instituci\u00f3n de referencia en el arte latinoamericano, combinando patrimonio, investigaci\u00f3n curatorial y proyecci\u00f3n internacional.<\/p>\n<div style=\"padding-bottom:20px; padding-top:10px;\" class=\"hupso-share-buttons\"><!-- Hupso Share Buttons - https:\/\/www.hupso.com\/share\/ --><a class=\"hupso_counters\" href=\"https:\/\/www.hupso.com\/share\/\"><img decoding=\"async\" src=\"http:\/\/static.hupso.com\/share\/buttons\/lang\/es\/share-small.png\" style=\"border:0px; padding-top:2px; float:left;\" alt=\"Share Button\"\/><\/a><script type=\"text\/javascript\">var hupso_services_c=new Array(\"twitter\",\"facebook_like\",\"google\");var hupso_counters_lang = \"es_LA\";var hupso_image_folder_url = \"\";var hupso_twitter_via=\"crsyvrs\";var hupso_url_c=\"\";<\/script><script type=\"text\/javascript\" src=\"http:\/\/static.hupso.com\/share\/js\/counters.js\"><\/script><!-- Hupso Share Buttons --><\/div> ","protected":false},"excerpt":{"rendered":"<div style=\"padding-bottom:20px; padding-top:10px;\" class=\"hupso-share-buttons\"><!-- Hupso Share Buttons - https:\/\/www.hupso.com\/share\/ --><a class=\"hupso_counters\" href=\"https:\/\/www.hupso.com\/share\/\"><img src=\"http:\/\/static.hupso.com\/share\/buttons\/lang\/es\/share-small.png\" style=\"border:0px; padding-top:2px; float:left;\" alt=\"Share Button\"\/><\/a><script type=\"text\/javascript\">var hupso_services_c=new Array(\"twitter\",\"facebook_like\",\"google\");var hupso_counters_lang = \"es_LA\";var hupso_image_folder_url = \"\";var hupso_twitter_via=\"crsyvrs\";var hupso_url_c=\"\";<\/script><script type=\"text\/javascript\" src=\"http:\/\/static.hupso.com\/share\/js\/counters.js\"><\/script><!-- Hupso Share Buttons --><\/div><p>El museo renovar\u00e1 su colecci\u00f3n permanente y presentar\u00e1 muestras de figuras clave del arte latinoamericano e internacional. En el a\u00f1o de su 25\u00b0 aniversario, el Museo de Arte Latinoamericano de Buenos Aires\u00a0(Malba) anunci\u00f3 su programa de exposiciones para 2026,\u00a0que&#46;&#46;&#46;<\/p>\n<div style=\"padding-bottom:20px; padding-top:10px;\" class=\"hupso-share-buttons\"><!-- Hupso Share Buttons - https:\/\/www.hupso.com\/share\/ --><a class=\"hupso_counters\" href=\"https:\/\/www.hupso.com\/share\/\"><img src=\"http:\/\/static.hupso.com\/share\/buttons\/lang\/es\/share-small.png\" style=\"border:0px; padding-top:2px; float:left;\" alt=\"Share Button\"\/><\/a><script type=\"text\/javascript\">var hupso_services_c=new Array(\"twitter\",\"facebook_like\",\"google\");var hupso_counters_lang = \"es_LA\";var hupso_image_folder_url = \"\";var hupso_twitter_via=\"crsyvrs\";var hupso_url_c=\"\";<\/script><script type=\"text\/javascript\" src=\"http:\/\/static.hupso.com\/share\/js\/counters.js\"><\/script><!-- Hupso Share Buttons --><\/div>","protected":false},"author":5,"featured_media":40955,"comment_status":"closed","ping_status":"closed","sticky":false,"template":"","format":"standard","meta":{"footnotes":""},"categories":[8,9],"tags":[],"class_list":["post-40954","post","type-post","status-publish","format-standard","has-post-thumbnail","hentry","category-artes-plasticas","category-sociedad"],"_links":{"self":[{"href":"http:\/\/cronicasyversiones.com\/index.php?rest_route=\/wp\/v2\/posts\/40954","targetHints":{"allow":["GET"]}}],"collection":[{"href":"http:\/\/cronicasyversiones.com\/index.php?rest_route=\/wp\/v2\/posts"}],"about":[{"href":"http:\/\/cronicasyversiones.com\/index.php?rest_route=\/wp\/v2\/types\/post"}],"author":[{"embeddable":true,"href":"http:\/\/cronicasyversiones.com\/index.php?rest_route=\/wp\/v2\/users\/5"}],"replies":[{"embeddable":true,"href":"http:\/\/cronicasyversiones.com\/index.php?rest_route=%2Fwp%2Fv2%2Fcomments&post=40954"}],"version-history":[{"count":1,"href":"http:\/\/cronicasyversiones.com\/index.php?rest_route=\/wp\/v2\/posts\/40954\/revisions"}],"predecessor-version":[{"id":40956,"href":"http:\/\/cronicasyversiones.com\/index.php?rest_route=\/wp\/v2\/posts\/40954\/revisions\/40956"}],"wp:featuredmedia":[{"embeddable":true,"href":"http:\/\/cronicasyversiones.com\/index.php?rest_route=\/wp\/v2\/media\/40955"}],"wp:attachment":[{"href":"http:\/\/cronicasyversiones.com\/index.php?rest_route=%2Fwp%2Fv2%2Fmedia&parent=40954"}],"wp:term":[{"taxonomy":"category","embeddable":true,"href":"http:\/\/cronicasyversiones.com\/index.php?rest_route=%2Fwp%2Fv2%2Fcategories&post=40954"},{"taxonomy":"post_tag","embeddable":true,"href":"http:\/\/cronicasyversiones.com\/index.php?rest_route=%2Fwp%2Fv2%2Ftags&post=40954"}],"curies":[{"name":"wp","href":"https:\/\/api.w.org\/{rel}","templated":true}]}}