{"id":4098,"date":"2014-10-27T09:00:42","date_gmt":"2014-10-27T12:00:42","guid":{"rendered":"http:\/\/cronicasyversiones.com\/?p=4098"},"modified":"2014-10-27T09:03:22","modified_gmt":"2014-10-27T12:03:22","slug":"ivanna-rossi-encarnara-a-celia-gamez-en-el-maipo-kabaret","status":"publish","type":"post","link":"http:\/\/cronicasyversiones.com\/?p=4098","title":{"rendered":"Ivanna Rossi encarnar\u00e1 a Celia G\u00e1mez en el Maipo Kabaret"},"content":{"rendered":"<div style=\"padding-bottom:20px; padding-top:10px;\" class=\"hupso-share-buttons\"><!-- Hupso Share Buttons - https:\/\/www.hupso.com\/share\/ --><a class=\"hupso_counters\" href=\"https:\/\/www.hupso.com\/share\/\"><img decoding=\"async\" src=\"http:\/\/static.hupso.com\/share\/buttons\/lang\/es\/share-small.png\" style=\"border:0px; padding-top:2px; float:left;\" alt=\"Share Button\"\/><\/a><script type=\"text\/javascript\">var hupso_services_c=new Array(\"twitter\",\"facebook_like\",\"google\");var hupso_counters_lang = \"es_LA\";var hupso_image_folder_url = \"\";var hupso_twitter_via=\"crsyvrs\";var hupso_url_c=\"\";<\/script><script type=\"text\/javascript\" src=\"http:\/\/static.hupso.com\/share\/js\/counters.js\"><\/script><!-- Hupso Share Buttons --><\/div><h2 style=\"text-align: justify;\">La actriz presenta el unipersonal \u201cLa Celia\u201d, basado en las canciones que interpretaba la recordada cantante y bailarina, como \u00abLos nardos\u00bb, \u00abQue viva Espa\u00f1a\u00bb, \u00abEl Gulu Gulu\u00bb y \u00abEl beso\u00bb.<\/h2>\n<p><a href=\"http:\/\/cronicasyversiones.com\/wp-content\/uploads\/2014\/10\/Gamez.jpg\"><img loading=\"lazy\" decoding=\"async\" class=\"wp-image-4118 aligncenter\" src=\"http:\/\/cronicasyversiones.com\/wp-content\/uploads\/2014\/10\/Gamez.jpg\" alt=\"Gamez\" width=\"746\" height=\"334\" srcset=\"http:\/\/cronicasyversiones.com\/wp-content\/uploads\/2014\/10\/Gamez.jpg 619w, http:\/\/cronicasyversiones.com\/wp-content\/uploads\/2014\/10\/Gamez-300x134.jpg 300w\" sizes=\"auto, (max-width: 746px) 100vw, 746px\" \/><\/a><\/p>\n<p><strong>Ivanna Rossi<\/strong> subir\u00e1 a las tablas su unipersonal <em><strong>\u00abLa Celia\u00bb<\/strong><\/em>, basado en la cantante y bailarina <strong>Celia G\u00e1mez<\/strong>, con direcci\u00f3n del espa\u00f1ol <strong>Emilio Sagi<\/strong>, en el <strong>Maipo Kabaret<\/strong>, ubicado en Esmeralda 443, de martes a domingos a las 21 desde el 12 de noviembre.<\/p>\n<p>La obra, con el subt\u00edtulo <em><strong>\u00abMemoria sentimental de Celia G\u00e1mez. Una argentina que rein\u00f3 en Espa\u00f1a\u00bb<\/strong><\/em>, cuenta con el gui\u00f3n de Santiago Castelo y arreglos musicales de Jordi L\u00f3pez sobre temas famosos de la m\u00fasica espa\u00f1ola como \u00ab<em><strong>Los nardos\u00bb, \u00abQue viva Espa\u00f1a\u00bb, \u00abEl Gulu Gulu\u00bb y \u00abEl beso\u00bb<\/strong> <\/em>que Celia hizo famosos y que cant\u00f3 sin perder el acento rioplatense.<\/p>\n<p>La actriz, acompa\u00f1ada por cuatro bailarinas, dar\u00e1 vida a la joven que con apenas 21 a\u00f1os y luego de una corta temporada como cantante en el <strong>Teatro Maipo<\/strong>, parti\u00f3 en 1929 hacia Espa\u00f1a junto a su padre, que iba a cobrar una herencia.<\/p>\n<p>Mientras viajaba en tren a Barcelona<strong> cantaba tangos para entretener a los pasajeros<\/strong> y alguien que estaba organizando una gran fiesta ben\u00e9fica la escuch\u00f3 y, prendado de su voz y su simpat\u00eda, la contrat\u00f3 de inmediato.<\/p>\n<p>A esa fiesta acudi\u00f3 <strong>Alfonso XIII,<\/strong> el rey de Espa\u00f1a, quien le facilit\u00f3 el camino a una fama casi instant\u00e1nea que perdur\u00f3 por m\u00e1s de 50 a\u00f1os, durante los cuales fue la reina indiscutida del teatro, la revista y la zarzuela espa\u00f1ola, y que trascendi\u00f3 fronteras al triunfar tambi\u00e9n en Buenos Aires cuando regres\u00f3 huyendo de la <strong>Guerra Civil espa\u00f1ola.<\/strong><\/p>\n<p>El dise\u00f1o del espacio esc\u00e9nico se le encarg\u00f3 al escen\u00f3grafo Daniel Bianco -otro argentino que triunfa en Espa\u00f1a-, la coreograf\u00eda ser\u00e1 creaci\u00f3n de Sibila y el vestuario, de m\u00e1s de 50 trajes, est\u00e1 siendo dise\u00f1ado por <strong>Renata Schussheim.<\/strong><\/p>\n<p>Luego de las cuatro semanas que insumir\u00e1 la temporada, <em><strong>\u00abLa Celia\u00bb<\/strong><\/em> realizar\u00e1 una gira por provincias que luego se extender\u00e1 al territorio espa\u00f1ol, donde finalizar\u00e1 en un escenario madrile\u00f1o.<\/p>\n<div style=\"padding-bottom:20px; padding-top:10px;\" class=\"hupso-share-buttons\"><!-- Hupso Share Buttons - https:\/\/www.hupso.com\/share\/ --><a class=\"hupso_counters\" href=\"https:\/\/www.hupso.com\/share\/\"><img decoding=\"async\" src=\"http:\/\/static.hupso.com\/share\/buttons\/lang\/es\/share-small.png\" style=\"border:0px; padding-top:2px; float:left;\" alt=\"Share Button\"\/><\/a><script type=\"text\/javascript\">var hupso_services_c=new Array(\"twitter\",\"facebook_like\",\"google\");var hupso_counters_lang = \"es_LA\";var hupso_image_folder_url = \"\";var hupso_twitter_via=\"crsyvrs\";var hupso_url_c=\"\";<\/script><script type=\"text\/javascript\" src=\"http:\/\/static.hupso.com\/share\/js\/counters.js\"><\/script><!-- Hupso Share Buttons --><\/div> ","protected":false},"excerpt":{"rendered":"<div style=\"padding-bottom:20px; padding-top:10px;\" class=\"hupso-share-buttons\"><!-- Hupso Share Buttons - https:\/\/www.hupso.com\/share\/ --><a class=\"hupso_counters\" href=\"https:\/\/www.hupso.com\/share\/\"><img src=\"http:\/\/static.hupso.com\/share\/buttons\/lang\/es\/share-small.png\" style=\"border:0px; padding-top:2px; float:left;\" alt=\"Share Button\"\/><\/a><script type=\"text\/javascript\">var hupso_services_c=new Array(\"twitter\",\"facebook_like\",\"google\");var hupso_counters_lang = \"es_LA\";var hupso_image_folder_url = \"\";var hupso_twitter_via=\"crsyvrs\";var hupso_url_c=\"\";<\/script><script type=\"text\/javascript\" src=\"http:\/\/static.hupso.com\/share\/js\/counters.js\"><\/script><!-- Hupso Share Buttons --><\/div><p>La actriz presenta el unipersonal \u201cLa Celia\u201d, basado en las canciones que interpretaba la recordada cantante y bailarina, como \u00abLos nardos\u00bb, \u00abQue viva Espa\u00f1a\u00bb, \u00abEl Gulu Gulu\u00bb y \u00abEl beso\u00bb. Ivanna Rossi subir\u00e1 a las tablas su unipersonal \u00abLa&#46;&#46;&#46;<\/p>\n<div style=\"padding-bottom:20px; padding-top:10px;\" class=\"hupso-share-buttons\"><!-- Hupso Share Buttons - https:\/\/www.hupso.com\/share\/ --><a class=\"hupso_counters\" href=\"https:\/\/www.hupso.com\/share\/\"><img src=\"http:\/\/static.hupso.com\/share\/buttons\/lang\/es\/share-small.png\" style=\"border:0px; padding-top:2px; float:left;\" alt=\"Share Button\"\/><\/a><script type=\"text\/javascript\">var hupso_services_c=new Array(\"twitter\",\"facebook_like\",\"google\");var hupso_counters_lang = \"es_LA\";var hupso_image_folder_url = \"\";var hupso_twitter_via=\"crsyvrs\";var hupso_url_c=\"\";<\/script><script type=\"text\/javascript\" src=\"http:\/\/static.hupso.com\/share\/js\/counters.js\"><\/script><!-- Hupso Share Buttons --><\/div>","protected":false},"author":5,"featured_media":0,"comment_status":"open","ping_status":"open","sticky":false,"template":"","format":"standard","meta":{"footnotes":""},"categories":[5],"tags":[3179,3178,3181,3180],"class_list":["post-4098","post","type-post","status-publish","format-standard","hentry","category-teatro","tag-celia-gamez","tag-ivanna-rossi","tag-la-celia","tag-teatro-maipo"],"_links":{"self":[{"href":"http:\/\/cronicasyversiones.com\/index.php?rest_route=\/wp\/v2\/posts\/4098","targetHints":{"allow":["GET"]}}],"collection":[{"href":"http:\/\/cronicasyversiones.com\/index.php?rest_route=\/wp\/v2\/posts"}],"about":[{"href":"http:\/\/cronicasyversiones.com\/index.php?rest_route=\/wp\/v2\/types\/post"}],"author":[{"embeddable":true,"href":"http:\/\/cronicasyversiones.com\/index.php?rest_route=\/wp\/v2\/users\/5"}],"replies":[{"embeddable":true,"href":"http:\/\/cronicasyversiones.com\/index.php?rest_route=%2Fwp%2Fv2%2Fcomments&post=4098"}],"version-history":[{"count":0,"href":"http:\/\/cronicasyversiones.com\/index.php?rest_route=\/wp\/v2\/posts\/4098\/revisions"}],"wp:attachment":[{"href":"http:\/\/cronicasyversiones.com\/index.php?rest_route=%2Fwp%2Fv2%2Fmedia&parent=4098"}],"wp:term":[{"taxonomy":"category","embeddable":true,"href":"http:\/\/cronicasyversiones.com\/index.php?rest_route=%2Fwp%2Fv2%2Fcategories&post=4098"},{"taxonomy":"post_tag","embeddable":true,"href":"http:\/\/cronicasyversiones.com\/index.php?rest_route=%2Fwp%2Fv2%2Ftags&post=4098"}],"curies":[{"name":"wp","href":"https:\/\/api.w.org\/{rel}","templated":true}]}}