{"id":41090,"date":"2026-03-16T12:45:11","date_gmt":"2026-03-16T15:45:11","guid":{"rendered":"http:\/\/cronicasyversiones.com\/?p=41090"},"modified":"2026-03-16T12:45:11","modified_gmt":"2026-03-16T15:45:11","slug":"universal-confirmo-el-estreno-de-la-cuarta-temporada-de-from","status":"publish","type":"post","link":"http:\/\/cronicasyversiones.com\/?p=41090","title":{"rendered":"Universal+ confirm\u00f3 el estreno de la cuarta temporada de From"},"content":{"rendered":"<div style=\"padding-bottom:20px; padding-top:10px;\" class=\"hupso-share-buttons\"><!-- Hupso Share Buttons - https:\/\/www.hupso.com\/share\/ --><a class=\"hupso_counters\" href=\"https:\/\/www.hupso.com\/share\/\"><img decoding=\"async\" src=\"http:\/\/static.hupso.com\/share\/buttons\/lang\/es\/share-small.png\" style=\"border:0px; padding-top:2px; float:left;\" alt=\"Share Button\"\/><\/a><script type=\"text\/javascript\">var hupso_services_c=new Array(\"twitter\",\"facebook_like\",\"google\");var hupso_counters_lang = \"es_LA\";var hupso_image_folder_url = \"\";var hupso_twitter_via=\"crsyvrs\";var hupso_url_c=\"\";<\/script><script type=\"text\/javascript\" src=\"http:\/\/static.hupso.com\/share\/js\/counters.js\"><\/script><!-- Hupso Share Buttons --><\/div><h2>La serie desentra\u00f1a el misterio de un inquietante pueblo del que nadie puede escapar y que atrapa a todo aquel que llega.<\/h2>\n<p><img loading=\"lazy\" decoding=\"async\" class=\"size-medium wp-image-41091 aligncenter\" src=\"http:\/\/cronicasyversiones.com\/wp-content\/uploads\/2026\/03\/descarga-2-300x200.png\" alt=\"\" width=\"300\" height=\"200\" srcset=\"http:\/\/cronicasyversiones.com\/wp-content\/uploads\/2026\/03\/descarga-2-300x200.png 300w, http:\/\/cronicasyversiones.com\/wp-content\/uploads\/2026\/03\/descarga-2-768x512.png 768w, http:\/\/cronicasyversiones.com\/wp-content\/uploads\/2026\/03\/descarga-2.png 810w\" sizes=\"auto, (max-width: 300px) 100vw, 300px\" \/><\/p>\n<p><strong>Universal+<\/strong> anuncia el esperado estreno este 20 de abril 2026, en exclusiva en Argentina, de la cuarta temporada de <em><strong>From.<\/strong><\/em> La exitosa serie de terror creada por <strong>John Griffin<\/strong> (The Twilight Zone) est\u00e1 de regreso con el sheriff Boyd Stevens interpretado por <strong>Harold Perrineau<\/strong> (Lost, Sons of Anarchy) al frente de una lucha contra presencias demon\u00edacas en un pueblo sin salida.<\/p>\n<p><em><strong>From<\/strong><\/em> desentra\u00f1a el misterio de un inquietante pueblo del que nadie puede escapar y que atrapa a todo aquel que llega. Mientras sus habitantes, atrapados contra su voluntad, luchan por mantener una apariencia de normalidad y encontrar una salida, tambi\u00e9n deben enfrentarse a las amenazas del bosque que los rodea, incluidas las aterradoras criaturas que emergen al caer la noche.<\/p>\n<p>En esta nueva y esperada temporada 4, cuanto m\u00e1s cerca est\u00e9n los residentes del pueblo de las respuestas que buscan, lo m\u00e1s aterrador ser\u00e1 su b\u00fasqueda.<\/p>\n<p>\u00bfQui\u00e9n es el hombre de amarillo y qu\u00e9 quiere?, \u00bfla revelaci\u00f3n de Jade y Tabitha ser\u00e1 la clave para llegar a casa al fin?, \u00bfpor cu\u00e1nto tiempo podr\u00e1 Boyd mantener al pueblo unido cuando su cuerpo y mente se est\u00e1n derrumbando?, y \u00bfqu\u00e9 papel tendr\u00e1 la llegada m\u00e1s reciente al pueblo en los eventos por venir? La temporada 4 abrir\u00e1 puertas que algunos miembros del pueblo desear\u00e1n que permanezcan cerradas.<\/p>\n<div style=\"padding-bottom:20px; padding-top:10px;\" class=\"hupso-share-buttons\"><!-- Hupso Share Buttons - https:\/\/www.hupso.com\/share\/ --><a class=\"hupso_counters\" href=\"https:\/\/www.hupso.com\/share\/\"><img decoding=\"async\" src=\"http:\/\/static.hupso.com\/share\/buttons\/lang\/es\/share-small.png\" style=\"border:0px; padding-top:2px; float:left;\" alt=\"Share Button\"\/><\/a><script type=\"text\/javascript\">var hupso_services_c=new Array(\"twitter\",\"facebook_like\",\"google\");var hupso_counters_lang = \"es_LA\";var hupso_image_folder_url = \"\";var hupso_twitter_via=\"crsyvrs\";var hupso_url_c=\"\";<\/script><script type=\"text\/javascript\" src=\"http:\/\/static.hupso.com\/share\/js\/counters.js\"><\/script><!-- Hupso Share Buttons --><\/div> ","protected":false},"excerpt":{"rendered":"<div style=\"padding-bottom:20px; padding-top:10px;\" class=\"hupso-share-buttons\"><!-- Hupso Share Buttons - https:\/\/www.hupso.com\/share\/ --><a class=\"hupso_counters\" href=\"https:\/\/www.hupso.com\/share\/\"><img src=\"http:\/\/static.hupso.com\/share\/buttons\/lang\/es\/share-small.png\" style=\"border:0px; padding-top:2px; float:left;\" alt=\"Share Button\"\/><\/a><script type=\"text\/javascript\">var hupso_services_c=new Array(\"twitter\",\"facebook_like\",\"google\");var hupso_counters_lang = \"es_LA\";var hupso_image_folder_url = \"\";var hupso_twitter_via=\"crsyvrs\";var hupso_url_c=\"\";<\/script><script type=\"text\/javascript\" src=\"http:\/\/static.hupso.com\/share\/js\/counters.js\"><\/script><!-- Hupso Share Buttons --><\/div><p>La serie desentra\u00f1a el misterio de un inquietante pueblo del que nadie puede escapar y que atrapa a todo aquel que llega. Universal+ anuncia el esperado estreno este 20 de abril 2026, en exclusiva en Argentina, de la cuarta&#46;&#46;&#46;<\/p>\n<div style=\"padding-bottom:20px; padding-top:10px;\" class=\"hupso-share-buttons\"><!-- Hupso Share Buttons - https:\/\/www.hupso.com\/share\/ --><a class=\"hupso_counters\" href=\"https:\/\/www.hupso.com\/share\/\"><img src=\"http:\/\/static.hupso.com\/share\/buttons\/lang\/es\/share-small.png\" style=\"border:0px; padding-top:2px; float:left;\" alt=\"Share Button\"\/><\/a><script type=\"text\/javascript\">var hupso_services_c=new Array(\"twitter\",\"facebook_like\",\"google\");var hupso_counters_lang = \"es_LA\";var hupso_image_folder_url = \"\";var hupso_twitter_via=\"crsyvrs\";var hupso_url_c=\"\";<\/script><script type=\"text\/javascript\" src=\"http:\/\/static.hupso.com\/share\/js\/counters.js\"><\/script><!-- Hupso Share Buttons --><\/div>","protected":false},"author":5,"featured_media":41092,"comment_status":"closed","ping_status":"closed","sticky":false,"template":"","format":"standard","meta":{"footnotes":""},"categories":[6],"tags":[],"class_list":["post-41090","post","type-post","status-publish","format-standard","has-post-thumbnail","hentry","category-radio-y-tv"],"_links":{"self":[{"href":"http:\/\/cronicasyversiones.com\/index.php?rest_route=\/wp\/v2\/posts\/41090","targetHints":{"allow":["GET"]}}],"collection":[{"href":"http:\/\/cronicasyversiones.com\/index.php?rest_route=\/wp\/v2\/posts"}],"about":[{"href":"http:\/\/cronicasyversiones.com\/index.php?rest_route=\/wp\/v2\/types\/post"}],"author":[{"embeddable":true,"href":"http:\/\/cronicasyversiones.com\/index.php?rest_route=\/wp\/v2\/users\/5"}],"replies":[{"embeddable":true,"href":"http:\/\/cronicasyversiones.com\/index.php?rest_route=%2Fwp%2Fv2%2Fcomments&post=41090"}],"version-history":[{"count":1,"href":"http:\/\/cronicasyversiones.com\/index.php?rest_route=\/wp\/v2\/posts\/41090\/revisions"}],"predecessor-version":[{"id":41093,"href":"http:\/\/cronicasyversiones.com\/index.php?rest_route=\/wp\/v2\/posts\/41090\/revisions\/41093"}],"wp:featuredmedia":[{"embeddable":true,"href":"http:\/\/cronicasyversiones.com\/index.php?rest_route=\/wp\/v2\/media\/41092"}],"wp:attachment":[{"href":"http:\/\/cronicasyversiones.com\/index.php?rest_route=%2Fwp%2Fv2%2Fmedia&parent=41090"}],"wp:term":[{"taxonomy":"category","embeddable":true,"href":"http:\/\/cronicasyversiones.com\/index.php?rest_route=%2Fwp%2Fv2%2Fcategories&post=41090"},{"taxonomy":"post_tag","embeddable":true,"href":"http:\/\/cronicasyversiones.com\/index.php?rest_route=%2Fwp%2Fv2%2Ftags&post=41090"}],"curies":[{"name":"wp","href":"https:\/\/api.w.org\/{rel}","templated":true}]}}