{"id":41182,"date":"2026-04-29T10:21:09","date_gmt":"2026-04-29T13:21:09","guid":{"rendered":"http:\/\/cronicasyversiones.com\/?p=41182"},"modified":"2026-04-29T10:21:09","modified_gmt":"2026-04-29T13:21:09","slug":"patti-smith-premio-princesa-de-asturias-de-las-artes-2026","status":"publish","type":"post","link":"http:\/\/cronicasyversiones.com\/?p=41182","title":{"rendered":"Patti Smith, Premio Princesa de Asturias de las Artes 2026"},"content":{"rendered":"<div style=\"padding-bottom:20px; padding-top:10px;\" class=\"hupso-share-buttons\"><!-- Hupso Share Buttons - https:\/\/www.hupso.com\/share\/ --><a class=\"hupso_counters\" href=\"https:\/\/www.hupso.com\/share\/\"><img decoding=\"async\" src=\"http:\/\/static.hupso.com\/share\/buttons\/lang\/es\/share-small.png\" style=\"border:0px; padding-top:2px; float:left;\" alt=\"Share Button\"\/><\/a><script type=\"text\/javascript\">var hupso_services_c=new Array(\"twitter\",\"facebook_like\",\"google\");var hupso_counters_lang = \"es_LA\";var hupso_image_folder_url = \"\";var hupso_twitter_via=\"crsyvrs\";var hupso_url_c=\"\";<\/script><script type=\"text\/javascript\" src=\"http:\/\/static.hupso.com\/share\/js\/counters.js\"><\/script><!-- Hupso Share Buttons --><\/div><h2>El galard\u00f3n fue para la artista, cantante, compositora, escritora y activista esta considerada como &#8216;la madrina del punk&#8217;-<\/h2>\n<p><img decoding=\"async\" class=\"aligncenter\" src=\"https:\/\/pbs.twimg.com\/media\/HHEUwnHaYAA-BpR?format=jpg&amp;name=small\" alt=\"Imagen\" \/><\/p>\n<p>La artista, cantante, compositora, escritora y activista estadounidense\u00a0<strong><span class=\"highlightWire\">Patti<\/span>\u00a0Smith<\/strong>, considerada &#8216;la madrina del punk&#8217;, ha sido galardonada este mi\u00e9rcoles con el <strong>Premio Princesa de Asturias de las Artes 2026.<\/strong><\/p>\n<p><strong>Patricia &#8216;<span class=\"highlightWire\">Patti<\/span>&#8216; Lee Smith<\/strong> (1946, Chicago, Estados Unidos), cuyas composiciones oscilan entre lo po\u00e9tico y lo musical, ha firmado a lo largo de sus m\u00e1s de cinco d\u00e9cadas de trayectoria profesional t\u00edtulos tan conocidos como &#8216;Because the night&#8217;, coescrito con Bruce Springsteen, o &#8216;People have the power&#8217;.<\/p>\n<p>Admiradora del simbolismo po\u00e9tico de<strong> Rimbaud y Bob Dylan,<\/strong> y apasionada de <strong>Federico Garc\u00eda Lorca,<\/strong> ha triunfado a lo largo de su laureada carrera con numerosos \u00e9xitos interpretados con una voz rota y una m\u00fasica con la energ\u00eda de las bandas &#8216;garage&#8217; de rock de finales de los sesenta.<\/p>\n<p>Autora de varios poemarios y artista visual, Smith salt\u00f3 a la fama con su \u00e1lbum debut, &#8216;Horses&#8217; (1975), con el que propuso un punto de vista feminista e intelectual a la m\u00fasica punk y se convirti\u00f3 en una de las artistas m\u00e1s influyentes de la m\u00fasica rock.<\/p>\n<p>El acta del jurado del premio, presidido por la bailaora y core\u00f3grafa espa\u00f1ola Mar\u00eda Pag\u00e9s, resalta que la \u00abimpetuosa creatividad\u00bb de Smith \u00abconecta el rock, la poes\u00eda simbolista y el esp\u00edritu de la contracultura con una gran potencia expresiva\u00bb.<\/p>\n<p>\u00abInt\u00e9rprete de estilo vigoroso\u00bb, Smith ha plasmado la rebeld\u00eda del individuo en la sociedad \u00aben canciones palpitantes, algunas de las cuales ya son iconos de la m\u00fasica popular de nuestro tiempo\u00bb, recoge el acta le\u00edda en la ciudad de Oviedo (norte de Espa\u00f1a).<\/p>\n<p>Como escritora, ha transmitido adem\u00e1s \u00abuna visi\u00f3n po\u00e9tica de la vida, comprometida con ofrecer un mensaje de esperanza frente a las injusticias\u00bb, y \u00abcon una actitud inconformista y transgresora\u00bb se ha convertido en \u00abejemplo para muchas artistas\u00bb.<\/p>\n<p>\u00abHa conmovido a oyentes y lectores de todo el mundo y sigue inspirando a las nuevas generaciones\u00bb, concluye el jurado.<\/p>\n<p>Smith, que se ha impuesto a otras cincuenta y cuatro candidaturas de una treintena de nacionalidades, toma el relevo como ganadora de este premio de la fot\u00f3grafa mexicana Graciela Iturbide.<\/p>\n<p>El Premio Princesa de Asturias de las Artes est\u00e1 destinado a distinguir \u00abla labor de creaci\u00f3n, cultivo y perfeccionamiento de la arquitectura, la cinematograf\u00eda, la danza, la escultura, la fotograf\u00eda, la m\u00fasica, la pintura, el teatro y otras manifestaciones art\u00edsticas\u00bb<\/p>\n<div style=\"padding-bottom:20px; padding-top:10px;\" class=\"hupso-share-buttons\"><!-- Hupso Share Buttons - https:\/\/www.hupso.com\/share\/ --><a class=\"hupso_counters\" href=\"https:\/\/www.hupso.com\/share\/\"><img decoding=\"async\" src=\"http:\/\/static.hupso.com\/share\/buttons\/lang\/es\/share-small.png\" style=\"border:0px; padding-top:2px; float:left;\" alt=\"Share Button\"\/><\/a><script type=\"text\/javascript\">var hupso_services_c=new Array(\"twitter\",\"facebook_like\",\"google\");var hupso_counters_lang = \"es_LA\";var hupso_image_folder_url = \"\";var hupso_twitter_via=\"crsyvrs\";var hupso_url_c=\"\";<\/script><script type=\"text\/javascript\" src=\"http:\/\/static.hupso.com\/share\/js\/counters.js\"><\/script><!-- Hupso Share Buttons --><\/div> ","protected":false},"excerpt":{"rendered":"<div style=\"padding-bottom:20px; padding-top:10px;\" class=\"hupso-share-buttons\"><!-- Hupso Share Buttons - https:\/\/www.hupso.com\/share\/ --><a class=\"hupso_counters\" href=\"https:\/\/www.hupso.com\/share\/\"><img src=\"http:\/\/static.hupso.com\/share\/buttons\/lang\/es\/share-small.png\" style=\"border:0px; padding-top:2px; float:left;\" alt=\"Share Button\"\/><\/a><script type=\"text\/javascript\">var hupso_services_c=new Array(\"twitter\",\"facebook_like\",\"google\");var hupso_counters_lang = \"es_LA\";var hupso_image_folder_url = \"\";var hupso_twitter_via=\"crsyvrs\";var hupso_url_c=\"\";<\/script><script type=\"text\/javascript\" src=\"http:\/\/static.hupso.com\/share\/js\/counters.js\"><\/script><!-- Hupso Share Buttons --><\/div><p>El galard\u00f3n fue para la artista, cantante, compositora, escritora y activista esta considerada como &#8216;la madrina del punk&#8217;- La artista, cantante, compositora, escritora y activista estadounidense\u00a0Patti\u00a0Smith, considerada &#8216;la madrina del punk&#8217;, ha sido galardonada este mi\u00e9rcoles con el Premio&#46;&#46;&#46;<\/p>\n<div style=\"padding-bottom:20px; padding-top:10px;\" class=\"hupso-share-buttons\"><!-- Hupso Share Buttons - https:\/\/www.hupso.com\/share\/ --><a class=\"hupso_counters\" href=\"https:\/\/www.hupso.com\/share\/\"><img src=\"http:\/\/static.hupso.com\/share\/buttons\/lang\/es\/share-small.png\" style=\"border:0px; padding-top:2px; float:left;\" alt=\"Share Button\"\/><\/a><script type=\"text\/javascript\">var hupso_services_c=new Array(\"twitter\",\"facebook_like\",\"google\");var hupso_counters_lang = \"es_LA\";var hupso_image_folder_url = \"\";var hupso_twitter_via=\"crsyvrs\";var hupso_url_c=\"\";<\/script><script type=\"text\/javascript\" src=\"http:\/\/static.hupso.com\/share\/js\/counters.js\"><\/script><!-- Hupso Share Buttons --><\/div>","protected":false},"author":5,"featured_media":41183,"comment_status":"closed","ping_status":"closed","sticky":false,"template":"","format":"standard","meta":{"footnotes":""},"categories":[3],"tags":[],"class_list":["post-41182","post","type-post","status-publish","format-standard","has-post-thumbnail","hentry","category-musica"],"_links":{"self":[{"href":"http:\/\/cronicasyversiones.com\/index.php?rest_route=\/wp\/v2\/posts\/41182","targetHints":{"allow":["GET"]}}],"collection":[{"href":"http:\/\/cronicasyversiones.com\/index.php?rest_route=\/wp\/v2\/posts"}],"about":[{"href":"http:\/\/cronicasyversiones.com\/index.php?rest_route=\/wp\/v2\/types\/post"}],"author":[{"embeddable":true,"href":"http:\/\/cronicasyversiones.com\/index.php?rest_route=\/wp\/v2\/users\/5"}],"replies":[{"embeddable":true,"href":"http:\/\/cronicasyversiones.com\/index.php?rest_route=%2Fwp%2Fv2%2Fcomments&post=41182"}],"version-history":[{"count":1,"href":"http:\/\/cronicasyversiones.com\/index.php?rest_route=\/wp\/v2\/posts\/41182\/revisions"}],"predecessor-version":[{"id":41184,"href":"http:\/\/cronicasyversiones.com\/index.php?rest_route=\/wp\/v2\/posts\/41182\/revisions\/41184"}],"wp:featuredmedia":[{"embeddable":true,"href":"http:\/\/cronicasyversiones.com\/index.php?rest_route=\/wp\/v2\/media\/41183"}],"wp:attachment":[{"href":"http:\/\/cronicasyversiones.com\/index.php?rest_route=%2Fwp%2Fv2%2Fmedia&parent=41182"}],"wp:term":[{"taxonomy":"category","embeddable":true,"href":"http:\/\/cronicasyversiones.com\/index.php?rest_route=%2Fwp%2Fv2%2Fcategories&post=41182"},{"taxonomy":"post_tag","embeddable":true,"href":"http:\/\/cronicasyversiones.com\/index.php?rest_route=%2Fwp%2Fv2%2Ftags&post=41182"}],"curies":[{"name":"wp","href":"https:\/\/api.w.org\/{rel}","templated":true}]}}