{"id":41185,"date":"2026-04-30T11:24:54","date_gmt":"2026-04-30T14:24:54","guid":{"rendered":"http:\/\/cronicasyversiones.com\/?p=41185"},"modified":"2026-04-30T11:24:54","modified_gmt":"2026-04-30T14:24:54","slug":"todos-los-estrenos-de-mubi-de-mayo","status":"publish","type":"post","link":"http:\/\/cronicasyversiones.com\/?p=41185","title":{"rendered":"Todos los estrenos de MUBI de mayo"},"content":{"rendered":"<div style=\"padding-bottom:20px; padding-top:10px;\" class=\"hupso-share-buttons\"><!-- Hupso Share Buttons - https:\/\/www.hupso.com\/share\/ --><a class=\"hupso_counters\" href=\"https:\/\/www.hupso.com\/share\/\"><img decoding=\"async\" src=\"http:\/\/static.hupso.com\/share\/buttons\/lang\/es\/share-small.png\" style=\"border:0px; padding-top:2px; float:left;\" alt=\"Share Button\"\/><\/a><script type=\"text\/javascript\">var hupso_services_c=new Array(\"twitter\",\"facebook_like\",\"google\");var hupso_counters_lang = \"es_LA\";var hupso_image_folder_url = \"\";var hupso_twitter_via=\"crsyvrs\";var hupso_url_c=\"\";<\/script><script type=\"text\/javascript\" src=\"http:\/\/static.hupso.com\/share\/js\/counters.js\"><\/script><!-- Hupso Share Buttons --><\/div><h2>Entre los destacados del mes en la plataforma se encuentran La Grazia, la nueva y deslumbrante pel\u00edcula de Paolo Sorrentino.<\/h2>\n<p><img decoding=\"async\" class=\"aligncenter\" src=\"https:\/\/assets.mubicdn.net\/images\/film\/437598\/image-w856.jpg?1751620976\" \/><\/p>\n<p><strong>MUBI<\/strong>, la distribuidora global de pel\u00edculas, plataforma de streaming y productora, anuncia sus estrenos de Mayo 2026. Entre los destacados del mes se encuentran La Grazia, la nueva y deslumbrante pel\u00edcula de Paolo Sorrentino, el aclamado drama My Father\u2019s Shadow del director Akinola Davies Jr., y Peter Hujar\u2019s Day, el delicado retrato dirigido por Ira Sachs.<\/p>\n<p>La selecci\u00f3n incluye adem\u00e1s la nominada al Oscar\u00ae Sir\u00e2t, la hipn\u00f3tica traves\u00eda espiritual de Oliver Laxe, junto con una destacada curadur\u00eda dedicada a Pedro Almod\u00f3var, colecciones especiales que celebran el cine de Nueva York y el horror coreano, y ciclos dedicados a autores clave como Brian De Palma.<\/p>\n<p><strong>LA GRAZIA.\u00a0 ESTRENO: 8 DE MAYO<\/strong><\/p>\n<p>A medida que se acerca el final de su mandato como presidente de Italia, Mariano De Santis se enfrenta a decisiones dif\u00edciles, tanto pol\u00edticas como profundamente personales. Paolo Sorrentino ha logrado en LA GRAZIA, un delicado equilibrio entre su virtuosismo visual y una sensible exploraci\u00f3n del vac\u00edo que deja el poder. Con una actuaci\u00f3n premiada en el Festival de Cine de Venecia de Toni Servillo.<\/p>\n<p><strong>MY FATHER\u2019S SHADOW.\u00a0ESTRENO: 8 DE MAYO<\/strong><\/p>\n<p>Luego de su participaci\u00f3n en el Festival de Cine de Cannes y en el Festival Internacional de Cine de Toronto en 2025, MY FATHER&#8217;S SHADOW llega a la plataforma. La \u00f3pera prima del director Akinola Davies Jr.\u00a0 es un clavado po\u00e9ticamente pol\u00edtico de la paternidad. Durante un d\u00eda, un padre intenta rescatar la distante relaci\u00f3n que tiene con sus dos hijos, todo al margen de la crisis electoral nigeriana de 1993. Delicado y contundente, este largometraje fue ganador del premio a Mejor Director en los 35\u00b0 Gotham Awards y del premio a Mejor \u00d3pera Prima en los 79\u00b0 BAFTA Awards, entre una larga lista de reconocimientos internacionales.<\/p>\n<p><strong>PETER HUJAR\u2019S DAY.\u00a0ESTRENO: 22 DE MAYO<\/strong><\/p>\n<p>A partir de una conversaci\u00f3n grabada en 1974, PETER HUJAR\u00b4S DAY reconstruye con delicadeza un d\u00eda en la vida del fot\u00f3grafo, trazando un retrato \u00edntimo del Nueva York art\u00edstico de los 70 y de una mente que observa, recuerda y crea en el mismo gesto. Basada en la novela hom\u00f3nima de Linda Rosenkrantz publicada en 2021, est\u00e1 pel\u00edcula es protagonizada por Ben Whishaw y Rebecca Hall, bajo la direcci\u00f3n del cineasta Ira Sachs.<\/p>\n<p><strong>SIR\u00c2T.\u00a0ESTRENO: 15 DE MAYO<\/strong><\/p>\n<p>SIR\u00c2T, de Oliver Laxe, se despliega como una traves\u00eda espiritual y sensorial donde lo f\u00edsico y lo trascendental se entrelazan en un paisaje \u00e1spero y desolado. Con una puesta en escena austera y una mirada hipn\u00f3tica, la pel\u00edcula sigue a sus personajes en un recorrido marcado por el silencio, la resistencia y la b\u00fasqueda de sentido. Entre lo terrenal y lo m\u00edstico, construye una experiencia envolvente que indaga en los l\u00edmites del cuerpo, la fe y la redenci\u00f3n.<\/p>\n<p><strong>COLECCI\u00d3N \u201cEMPIRE CITY: NEW YORK ON FILM\u201d.\u00a0ESTRENO: 1\u00b0 DE MAYO<\/strong><\/p>\n<p>\u00abEmpire City: New York on Film\u00bb es una colecci\u00f3n que rinde homenaje a una de las ciudades m\u00e1s emblem\u00e1ticas del mundo, un lugar que ha dejado varios cl\u00e1sicos del cine y que contin\u00faa, hasta el d\u00eda de hoy, siendo un escenario primordial en la producci\u00f3n cinematogr\u00e1fica internacional. Dentro de esta selecci\u00f3n, destaca DO THE RIGHT THING de Spike Lee, una pel\u00edcula que muestra la vida cotidiana de un joven repartidor de pizza en el Brooklyn de 1989; un retrato de la complejidad cultural de una ciudad en la que se cruzan diversas nacionalidades e identidades entre rascacielos, parques, monumentos y barrios de todo tipo. Otros t\u00edtulos que forman parte de esta curadur\u00eda son el memorable chick flick WHEN HARRY MET SALLY de Rob Reiner, el \u00edcono Y2K de Iain Softley titulada HACKERS o la contempor\u00e1nea A DIFFERENT MAN de Aaron Schimberg.<\/p>\n<p><strong>COLECCI\u00d3N \u201cPROGRAMA DOBLE DE HORROR COREANO\u201d.\u00a0ESTRENO: 1\u00b0 DE MAYO<\/strong><\/p>\n<p>Kim Jee-woon, uno de los directores m\u00e1s emblem\u00e1ticos de Corea del Sur, se hace presente en la plataforma con la colecci\u00f3n \u201cPrograma doble de horror coreano\u00bb, integrada por I SAW THE DEVIL y A TALE OF TWO SISTERS, la primera pel\u00edcula de horror surcoreano que tuvo un estreno comercial en cines estadounidenses. Sangriento, brutal y misterioso, el thriller de este cineasta ha marcado al g\u00e9nero de manera innegable.<\/p>\n<p><strong>COLECCI\u00d3N \u201cMAGN\u00cdFICAS OBSESIONES: LAS PEL\u00cdCULAS DE PEDRO ALMOD\u00d3VAR\u201d.\u00a0ESTRENO: 5 DE MAYO<\/strong><\/p>\n<p>La curadur\u00eda \u00abMagn\u00edficas obsesiones: Las pel\u00edculas de Pedro Almod\u00f3var\u00bb se caracteriza por una evoluci\u00f3n que va de lo provocador y transgresor a lo emocionalmente sofisticado, al mantener siempre un estilo muy marcado: pasiones ardientes, narrativas serpenteantes y una fascinaci\u00f3n por la sexualidad, la identidad espa\u00f1ola y la maternidad. Una colecci\u00f3n que celebra la llegada a la plataforma de TODO SOBRE MI MADRE y \u00a1\u00c1TAME! (que llega a la plataforma el 29 de mayo), pel\u00edculas clave en la trayectoria del aclamado director, guionista y productor espa\u00f1ol.<\/p>\n<p><strong>COLECCI\u00d3N \u201cPROGRAMA TRIPLE: PAOLO SORRENTINO\u201d.\u00a0ESTRENO: 8 DE MAYO<\/strong><\/p>\n<p>Junto al estreno de LA GRAZIA, llega la colecci\u00f3n \u00abPrograma Triple: Paolo Sorrentino\u00bb, una curadur\u00eda que re\u00fane THIS MUST BE THE PLACE y YOUTH. Dos relatos atravesados por la introspecci\u00f3n y el paso del tiempo, donde personajes en pausa enfrentan sus propias preguntas con una mezcla de melancol\u00eda y belleza. Un complemento que ampl\u00eda y profundiza estas emociones tambi\u00e9n latentes en la m\u00e1s reciente pel\u00edcula del cineasta italiano.<\/p>\n<p><strong>COLECCI\u00d3N PANORAMA: CINE AFRICANO EN CANNES.\u00a0 ESTRENO: 8 DE MAYO<\/strong><\/p>\n<p>Junto con la llegada al cat\u00e1logo de MY FATHER&#8217;S SHADOW, presentamos \u00abPanorama: Cine africano en Cannes\u00bb una colecci\u00f3n que muestra la evoluci\u00f3n de la cinematograf\u00eda en el continente africano, con aclamadas producciones que van de 1968 hasta el 2006. Seis obras radicales provenientes de Mal\u00ed, Argelia, Chad, Burkina Faso y Egipto, que desde la ficci\u00f3n evidencian las problem\u00e1ticas generales que atraviesan la regi\u00f3n. Esta curadur\u00eda est\u00e1 integrada por t\u00edtulos como THE BLAZING SUN de Youssef Chahine o CHRONICLE OF THE YEARS OF FIRE de Mohammed Lakhdar-Hamina.<\/p>\n<p><strong>COLECCI\u00d3N \u201cMAESTRO DEL SUSPENSO: CUATRO DE BRIAN DE PALMA.\u00a0ESTRENO: 17 DE MAYO<\/strong><\/p>\n<p>\u00abMaestro del suspenso: Cuatro de Brian de Palma\u00bb re\u00fane cuatro t\u00edtulos fundamentales de su filmograf\u00eda, CARRIE, DRESSED TO KILL, BLOW OUT y CARLITO&#8217;S WAY que dan cuenta de su maestr\u00eda en la construcci\u00f3n de tensi\u00f3n, el uso expresivo de la c\u00e1mara y su inconfundible estilo visual. Dentro de esta selecci\u00f3n, destaca especialmente CARLITO\u2019S WAY, una obra de tono crepuscular que combina el relato criminal con una dimensi\u00f3n emocional m\u00e1s profunda, consolid\u00e1ndose como uno de los t\u00edtulos m\u00e1s elegantes y perdurables de su carrera.<\/p>\n<p>&nbsp;<\/p>\n<p>&nbsp;<\/p>\n<div style=\"padding-bottom:20px; padding-top:10px;\" class=\"hupso-share-buttons\"><!-- Hupso Share Buttons - https:\/\/www.hupso.com\/share\/ --><a class=\"hupso_counters\" href=\"https:\/\/www.hupso.com\/share\/\"><img decoding=\"async\" src=\"http:\/\/static.hupso.com\/share\/buttons\/lang\/es\/share-small.png\" style=\"border:0px; padding-top:2px; float:left;\" alt=\"Share Button\"\/><\/a><script type=\"text\/javascript\">var hupso_services_c=new Array(\"twitter\",\"facebook_like\",\"google\");var hupso_counters_lang = \"es_LA\";var hupso_image_folder_url = \"\";var hupso_twitter_via=\"crsyvrs\";var hupso_url_c=\"\";<\/script><script type=\"text\/javascript\" src=\"http:\/\/static.hupso.com\/share\/js\/counters.js\"><\/script><!-- Hupso Share Buttons --><\/div> ","protected":false},"excerpt":{"rendered":"<div style=\"padding-bottom:20px; padding-top:10px;\" class=\"hupso-share-buttons\"><!-- Hupso Share Buttons - https:\/\/www.hupso.com\/share\/ --><a class=\"hupso_counters\" href=\"https:\/\/www.hupso.com\/share\/\"><img src=\"http:\/\/static.hupso.com\/share\/buttons\/lang\/es\/share-small.png\" style=\"border:0px; padding-top:2px; float:left;\" alt=\"Share Button\"\/><\/a><script type=\"text\/javascript\">var hupso_services_c=new Array(\"twitter\",\"facebook_like\",\"google\");var hupso_counters_lang = \"es_LA\";var hupso_image_folder_url = \"\";var hupso_twitter_via=\"crsyvrs\";var hupso_url_c=\"\";<\/script><script type=\"text\/javascript\" src=\"http:\/\/static.hupso.com\/share\/js\/counters.js\"><\/script><!-- Hupso Share Buttons --><\/div><p>Entre los destacados del mes en la plataforma se encuentran La Grazia, la nueva y deslumbrante pel\u00edcula de Paolo Sorrentino. MUBI, la distribuidora global de pel\u00edculas, plataforma de streaming y productora, anuncia sus estrenos de Mayo 2026. Entre los&#46;&#46;&#46;<\/p>\n<div style=\"padding-bottom:20px; padding-top:10px;\" class=\"hupso-share-buttons\"><!-- Hupso Share Buttons - https:\/\/www.hupso.com\/share\/ --><a class=\"hupso_counters\" href=\"https:\/\/www.hupso.com\/share\/\"><img src=\"http:\/\/static.hupso.com\/share\/buttons\/lang\/es\/share-small.png\" style=\"border:0px; padding-top:2px; float:left;\" alt=\"Share Button\"\/><\/a><script type=\"text\/javascript\">var hupso_services_c=new Array(\"twitter\",\"facebook_like\",\"google\");var hupso_counters_lang = \"es_LA\";var hupso_image_folder_url = \"\";var hupso_twitter_via=\"crsyvrs\";var hupso_url_c=\"\";<\/script><script type=\"text\/javascript\" src=\"http:\/\/static.hupso.com\/share\/js\/counters.js\"><\/script><!-- Hupso Share Buttons --><\/div>","protected":false},"author":5,"featured_media":41186,"comment_status":"closed","ping_status":"closed","sticky":false,"template":"","format":"standard","meta":{"footnotes":""},"categories":[4],"tags":[],"class_list":["post-41185","post","type-post","status-publish","format-standard","has-post-thumbnail","hentry","category-cine"],"_links":{"self":[{"href":"http:\/\/cronicasyversiones.com\/index.php?rest_route=\/wp\/v2\/posts\/41185","targetHints":{"allow":["GET"]}}],"collection":[{"href":"http:\/\/cronicasyversiones.com\/index.php?rest_route=\/wp\/v2\/posts"}],"about":[{"href":"http:\/\/cronicasyversiones.com\/index.php?rest_route=\/wp\/v2\/types\/post"}],"author":[{"embeddable":true,"href":"http:\/\/cronicasyversiones.com\/index.php?rest_route=\/wp\/v2\/users\/5"}],"replies":[{"embeddable":true,"href":"http:\/\/cronicasyversiones.com\/index.php?rest_route=%2Fwp%2Fv2%2Fcomments&post=41185"}],"version-history":[{"count":1,"href":"http:\/\/cronicasyversiones.com\/index.php?rest_route=\/wp\/v2\/posts\/41185\/revisions"}],"predecessor-version":[{"id":41187,"href":"http:\/\/cronicasyversiones.com\/index.php?rest_route=\/wp\/v2\/posts\/41185\/revisions\/41187"}],"wp:featuredmedia":[{"embeddable":true,"href":"http:\/\/cronicasyversiones.com\/index.php?rest_route=\/wp\/v2\/media\/41186"}],"wp:attachment":[{"href":"http:\/\/cronicasyversiones.com\/index.php?rest_route=%2Fwp%2Fv2%2Fmedia&parent=41185"}],"wp:term":[{"taxonomy":"category","embeddable":true,"href":"http:\/\/cronicasyversiones.com\/index.php?rest_route=%2Fwp%2Fv2%2Fcategories&post=41185"},{"taxonomy":"post_tag","embeddable":true,"href":"http:\/\/cronicasyversiones.com\/index.php?rest_route=%2Fwp%2Fv2%2Ftags&post=41185"}],"curies":[{"name":"wp","href":"https:\/\/api.w.org\/{rel}","templated":true}]}}