{"id":4139,"date":"2014-10-29T00:01:45","date_gmt":"2014-10-29T03:01:45","guid":{"rendered":"http:\/\/cronicasyversiones.com\/?p=4139"},"modified":"2014-10-28T23:03:51","modified_gmt":"2014-10-29T02:03:51","slug":"cortazar-modelo-para-armar-en-la-usina-del-arte","status":"publish","type":"post","link":"http:\/\/cronicasyversiones.com\/?p=4139","title":{"rendered":"\u00abCort\u00e1zar, Modelo para armar\u00bb, en la Usina del Arte"},"content":{"rendered":"<div style=\"padding-bottom:20px; padding-top:10px;\" class=\"hupso-share-buttons\"><!-- Hupso Share Buttons - https:\/\/www.hupso.com\/share\/ --><a class=\"hupso_counters\" href=\"https:\/\/www.hupso.com\/share\/\"><img decoding=\"async\" src=\"http:\/\/static.hupso.com\/share\/buttons\/lang\/es\/share-small.png\" style=\"border:0px; padding-top:2px; float:left;\" alt=\"Share Button\"\/><\/a><script type=\"text\/javascript\">var hupso_services_c=new Array(\"twitter\",\"facebook_like\",\"google\");var hupso_counters_lang = \"es_LA\";var hupso_image_folder_url = \"\";var hupso_twitter_via=\"crsyvrs\";var hupso_url_c=\"\";<\/script><script type=\"text\/javascript\" src=\"http:\/\/static.hupso.com\/share\/js\/counters.js\"><\/script><!-- Hupso Share Buttons --><\/div><h2 style=\"text-align: justify;\">Un espect\u00e1culo multidisciplinario le rinde homenaje al autor de \u00abRayuela\u00bb a trav\u00e9s del dise\u00f1o de indumentaria, las artes visuales, la danza y la m\u00fasica.<\/h2>\n<p><a href=\"http:\/\/cronicasyversiones.com\/wp-content\/uploads\/2014\/10\/C.jpg\"><img loading=\"lazy\" decoding=\"async\" class=\"wp-image-4140 aligncenter\" src=\"http:\/\/cronicasyversiones.com\/wp-content\/uploads\/2014\/10\/C.jpg\" alt=\"C\" width=\"738\" height=\"479\" srcset=\"http:\/\/cronicasyversiones.com\/wp-content\/uploads\/2014\/10\/C.jpg 562w, http:\/\/cronicasyversiones.com\/wp-content\/uploads\/2014\/10\/C-300x194.jpg 300w\" sizes=\"auto, (max-width: 738px) 100vw, 738px\" \/><\/a><\/p>\n<p><em><strong>\u00abCort\u00e1zar, Modelo para armar\u00bb<\/strong><\/em>, un espect\u00e1culo multidisciplinario que le rinde homenaje al autor de <em><strong>\u00abRayuela\u00bb ,<\/strong><\/em> a prop\u00f3sito del de cumplirse un siglo de su nacimiento, a trav\u00e9s del dise\u00f1o de indumentaria, las artes visuales, la danza y la m\u00fasica, se desarrollar\u00e1 a partir del s\u00e1bado 1 de noviembre a partir de las 20 en la <strong>Usina del Arte, un espacio porte\u00f1o ubicado en Agust\u00edn Caffarena 1, en el barrio de La Boca.<br \/>\n<\/strong><\/p>\n<p>El encuentro, organizado por el<strong> Centro Cultural Rector Ricardo Rojas<\/strong>, est\u00e1 basado en una idea de<strong> Laura Isola<\/strong>, est\u00e1 dirigido por <strong>Andrea Servera<\/strong> y cuenta con la asistencia de<strong> Fernando Martumanian<\/strong>, quienes presentan a los bailarines Agust\u00edn Franzoni, Agustina Fitzsimons, Milo Moya, Facundo Nieto, Angeles Piqu\u00e9, Mariela Puyol, Renzo Rampori, Nelson Iv\u00e1n Simonelli.<\/p>\n<p>El dise\u00f1o de vestuario est\u00e1 a cargo de<strong> Renata Schussheim,<\/strong> Marisa Dom\u00ednguez y Mart\u00edn Canale y, adem\u00e1s, se presentar\u00e1 el trompetista <strong>Juan Cruz de Urquiza<\/strong>, acompa\u00f1ado por piano, bater\u00eda y contrabajo.<\/p>\n<p>Participan, tambi\u00e9n, los estudiantes de las c\u00e1tedras Brocher, Fiorini, Mart\u00edn, Moragues y Saltzman: Noelia Adamoli, Jennifer Ayala, Manuela Barcelo, Leonel Brandetti, Martina Chiaborelli, Maite Esandi, Tamara Espeleta Vicari, Juan Ignacio Garc\u00eda Bizzio, Cecilia Giarini, Agostina Hidalgo, Melisa Higa, Stefania Liaudat, Valeria Nieto, M\u00eda Soifer, Eugenia Valles.<\/p>\n<p>&nbsp;<\/p>\n<p>&nbsp;<\/p>\n<p>&nbsp;<\/p>\n<p>&nbsp;<\/p>\n<div style=\"padding-bottom:20px; padding-top:10px;\" class=\"hupso-share-buttons\"><!-- Hupso Share Buttons - https:\/\/www.hupso.com\/share\/ --><a class=\"hupso_counters\" href=\"https:\/\/www.hupso.com\/share\/\"><img decoding=\"async\" src=\"http:\/\/static.hupso.com\/share\/buttons\/lang\/es\/share-small.png\" style=\"border:0px; padding-top:2px; float:left;\" alt=\"Share Button\"\/><\/a><script type=\"text\/javascript\">var hupso_services_c=new Array(\"twitter\",\"facebook_like\",\"google\");var hupso_counters_lang = \"es_LA\";var hupso_image_folder_url = \"\";var hupso_twitter_via=\"crsyvrs\";var hupso_url_c=\"\";<\/script><script type=\"text\/javascript\" src=\"http:\/\/static.hupso.com\/share\/js\/counters.js\"><\/script><!-- Hupso Share Buttons --><\/div> ","protected":false},"excerpt":{"rendered":"<div style=\"padding-bottom:20px; padding-top:10px;\" class=\"hupso-share-buttons\"><!-- Hupso Share Buttons - https:\/\/www.hupso.com\/share\/ --><a class=\"hupso_counters\" href=\"https:\/\/www.hupso.com\/share\/\"><img src=\"http:\/\/static.hupso.com\/share\/buttons\/lang\/es\/share-small.png\" style=\"border:0px; padding-top:2px; float:left;\" alt=\"Share Button\"\/><\/a><script type=\"text\/javascript\">var hupso_services_c=new Array(\"twitter\",\"facebook_like\",\"google\");var hupso_counters_lang = \"es_LA\";var hupso_image_folder_url = \"\";var hupso_twitter_via=\"crsyvrs\";var hupso_url_c=\"\";<\/script><script type=\"text\/javascript\" src=\"http:\/\/static.hupso.com\/share\/js\/counters.js\"><\/script><!-- Hupso Share Buttons --><\/div><p>Un espect\u00e1culo multidisciplinario le rinde homenaje al autor de \u00abRayuela\u00bb a trav\u00e9s del dise\u00f1o de indumentaria, las artes visuales, la danza y la m\u00fasica. \u00abCort\u00e1zar, Modelo para armar\u00bb, un espect\u00e1culo multidisciplinario que le rinde homenaje al autor de \u00abRayuela\u00bb&#46;&#46;&#46;<\/p>\n<div style=\"padding-bottom:20px; padding-top:10px;\" class=\"hupso-share-buttons\"><!-- Hupso Share Buttons - https:\/\/www.hupso.com\/share\/ --><a class=\"hupso_counters\" href=\"https:\/\/www.hupso.com\/share\/\"><img src=\"http:\/\/static.hupso.com\/share\/buttons\/lang\/es\/share-small.png\" style=\"border:0px; padding-top:2px; float:left;\" alt=\"Share Button\"\/><\/a><script type=\"text\/javascript\">var hupso_services_c=new Array(\"twitter\",\"facebook_like\",\"google\");var hupso_counters_lang = \"es_LA\";var hupso_image_folder_url = \"\";var hupso_twitter_via=\"crsyvrs\";var hupso_url_c=\"\";<\/script><script type=\"text\/javascript\" src=\"http:\/\/static.hupso.com\/share\/js\/counters.js\"><\/script><!-- Hupso Share Buttons --><\/div>","protected":false},"author":5,"featured_media":0,"comment_status":"open","ping_status":"open","sticky":false,"template":"","format":"standard","meta":{"footnotes":""},"categories":[2571,9],"tags":[],"class_list":["post-4139","post","type-post","status-publish","format-standard","hentry","category-el-centenario-de-julio-cortazar","category-sociedad"],"_links":{"self":[{"href":"http:\/\/cronicasyversiones.com\/index.php?rest_route=\/wp\/v2\/posts\/4139","targetHints":{"allow":["GET"]}}],"collection":[{"href":"http:\/\/cronicasyversiones.com\/index.php?rest_route=\/wp\/v2\/posts"}],"about":[{"href":"http:\/\/cronicasyversiones.com\/index.php?rest_route=\/wp\/v2\/types\/post"}],"author":[{"embeddable":true,"href":"http:\/\/cronicasyversiones.com\/index.php?rest_route=\/wp\/v2\/users\/5"}],"replies":[{"embeddable":true,"href":"http:\/\/cronicasyversiones.com\/index.php?rest_route=%2Fwp%2Fv2%2Fcomments&post=4139"}],"version-history":[{"count":0,"href":"http:\/\/cronicasyversiones.com\/index.php?rest_route=\/wp\/v2\/posts\/4139\/revisions"}],"wp:attachment":[{"href":"http:\/\/cronicasyversiones.com\/index.php?rest_route=%2Fwp%2Fv2%2Fmedia&parent=4139"}],"wp:term":[{"taxonomy":"category","embeddable":true,"href":"http:\/\/cronicasyversiones.com\/index.php?rest_route=%2Fwp%2Fv2%2Fcategories&post=4139"},{"taxonomy":"post_tag","embeddable":true,"href":"http:\/\/cronicasyversiones.com\/index.php?rest_route=%2Fwp%2Fv2%2Ftags&post=4139"}],"curies":[{"name":"wp","href":"https:\/\/api.w.org\/{rel}","templated":true}]}}