{"id":41463,"date":"2026-08-31T11:44:13","date_gmt":"2026-08-31T14:44:13","guid":{"rendered":"http:\/\/cronicasyversiones.com\/?p=41463"},"modified":"2026-08-31T11:44:13","modified_gmt":"2026-08-31T14:44:13","slug":"el-fah-vuelve-al-rojas-con-tres-dias-de-actividades-y-mas-de-40-sellos","status":"publish","type":"post","link":"http:\/\/cronicasyversiones.com\/?p=41463","title":{"rendered":"El \u00a1FAH! vuelve al Rojas con tres d\u00edas de actividades y m\u00e1s de 40 sellos"},"content":{"rendered":"<div style=\"padding-bottom:20px; padding-top:10px;\" class=\"hupso-share-buttons\"><!-- Hupso Share Buttons - https:\/\/www.hupso.com\/share\/ --><a class=\"hupso_counters\" href=\"https:\/\/www.hupso.com\/share\/\"><img decoding=\"async\" src=\"http:\/\/static.hupso.com\/share\/buttons\/lang\/es\/share-small.png\" style=\"border:0px; padding-top:2px; float:left;\" alt=\"Share Button\"\/><\/a><script type=\"text\/javascript\">var hupso_services_c=new Array(\"twitter\",\"facebook_like\",\"google\");var hupso_counters_lang = \"es_LA\";var hupso_image_folder_url = \"\";var hupso_twitter_via=\"crsyvrs\";var hupso_url_c=\"\";<\/script><script type=\"text\/javascript\" src=\"http:\/\/static.hupso.com\/share\/js\/counters.js\"><\/script><!-- Hupso Share Buttons --><\/div><h2 class=\"article-deck\">Con entrada gratuita, el encuentro reunir\u00e1 del 4 al 6 de septiembre a autores, editoriales y lectores, con charlas, talleres, cine, m\u00fasica y una muestra.<\/h2>\n<p><img decoding=\"async\" class=\"aligncenter\" src=\"https:\/\/alpha-app.tadevel-cdn.com\/hostname\/noticiasargentinas.com\/api\/v1\/resizer?asset=6a9496ade1acc70d7f99eebb&amp;format=jpeg&amp;width=1200&amp;height=675&amp;focuspoint=0.3766598645491379%2C0.5053677579629137&amp;v=2feffc7f7af7d2bcbad20a34c687aac6&amp;s=89b51a2a14379b34636b26dbe21c24fa\" alt=\"La historieta toma el Rojas: la grilla completa del \u00a1FAH! - Agencia  Noticias Argentinas\" \/><\/p>\n<p><strong>El Festival Argentino de Historieta \u00a1FAH!<\/strong>\u00a0tendr\u00e1 su tercera edici\u00f3n del\u00a0<strong>4 al 6 de septiembre en el Centro Cultural Rojas,<\/strong>\u00a0con entrada libre y gratuita, m\u00e1s de\u00a0<strong>40 sellos editoriales de todo el pa\u00eds\u00a0<\/strong>y una programaci\u00f3n que combinar\u00e1 feria de libros, charlas, talleres, proyecciones y propuestas que vinculan la historieta con la m\u00fasica, el cine y otras disciplinas art\u00edsticas.<\/p>\n<p>El encuentro, organizado por la comisi\u00f3n de historieta de la C\u00e1mara Argentina del Libro y el Centro Cultural Rojas, coincidir\u00e1 con el D\u00eda Nacional de la Historieta Argentina, que se celebra el 4 de septiembre en conmemoraci\u00f3n de la publicaci\u00f3n del primer n\u00famero de\u00a0<i>El Eternauta<\/i>\u00a0en la revista\u00a0<i>Hora Cero<\/i>, en 1957.<\/p>\n<p>Entre los invitados se encuentran Enrique Breccia, Kundo Krunch, Flavita Banana, Carlos G\u00f3mez, Chanti, \u00d3scar Z\u00e1rate, Isol, Alejandra Lunik, Fer Calvi, Quique Alcatena, Pablo Vigo, Diego Agrimbau, Maite Diorio, Luciano Saracino, Christian Montenegro y otros referentes del g\u00e9nero. Adem\u00e1s, se podr\u00e1 visitar la muestra\u00a0<i>El sue\u00f1ero<\/i>, con originales de Enrique Breccia.<\/p>\n<p>Reunir\u00e1, entre otros, a Estudio Mafia, Hotel de las Ideas, Primavera Rev\u00f3lver, Comiks Debris, Comic.ar, Maten al Mensajero, Tren en Movimiento, Libros del Zorzal, La Editorial Com\u00fan, Ovni Press, Pictus, Loco Rabia, Colihue, Libros del Zorro Rojo, Muchas Nueces y Fondo de Cultura Econ\u00f3mica. Bibliotecas, librer\u00edas y comiquer\u00edas tendr\u00e1n un 50% de descuento en sus compras.<\/p>\n<p><img decoding=\"async\" class=\"aligncenter\" src=\"https:\/\/pbs.twimg.com\/media\/HQ0-7t1XoAE10l4?format=jpg&amp;name=small\" alt=\"Imagen\" \/><\/p>\n<h2>La programaci\u00f3n<\/h2>\n<p><strong>Jueves 3 de septiembre. Actividad pre \u00a1FAH!<\/strong><\/p>\n<p><strong>18:30.<\/strong>\u00a0En la librer\u00eda Hern\u00e1ndez (Av. Corrientes 1436), conversatorio\u00a0<i>IA generativa: Autodefensa frente a la desregulaci\u00f3n y deshumanizaci\u00f3n<\/i>, con representantes de Feminismo Gr\u00e1fico, Colectivo Autoras de C\u00f3mic de Espa\u00f1a, ilustradoras, especialistas en Activismo de Datos, IA y arte y creadorxs. Modera Melo Melona.<\/p>\n<p><strong>Viernes 4 de septiembre. Inauguraci\u00f3n, exposici\u00f3n y charlas<\/strong><\/p>\n<p><strong>17:30 a 20:00.<\/strong>\u00a0Muestra\u00a0<i>El sue\u00f1ero<\/i>, originales de Enrique Breccia, en la Fotogaler\u00eda.<\/p>\n<p><strong>17:30.<\/strong>\u00a0Inauguraci\u00f3n oficial del festival, en la Sala Batato Barea.<\/p>\n<p><strong>18:00.<\/strong>\u00a0<i>Salir de la vi\u00f1eta: comunicaci\u00f3n de la lectura en tiempos de las redes sociales<\/i>, con Cecilia Bona, en el Auditorio Abuelas de Plaza de Mayo.<\/p>\n<p><strong>19:00.<\/strong>\u00a0<i>Chamam\u00e9: un recorrido entre m\u00fasica e historietas por la historia del g\u00e9nero<\/i>, con \u00d3scar Z\u00e1rate y Enzo De Martini en acorde\u00f3n, en la Sala Batato Barea.<\/p>\n<p><strong>S\u00e1bado 5 de septiembre. Feria, talleres, charlas, cine y m\u00fasica<\/strong><\/p>\n<p><strong>14:00 a 21:00.<\/strong>\u00a0Muestra\u00a0<i>El sue\u00f1ero<\/i>, de Enrique Breccia, en la Fotogaler\u00eda.<\/p>\n<p><strong>15:00.<\/strong>\u00a0<i>Mundo Chanti \u2013 Charla dibujada<\/i>, taller infantil con Chanti, en el SUM.<\/p>\n<p><strong>15:00.<\/strong>\u00a0Proyecci\u00f3n de\u00a0<i>Ast\u00e9rix y Ob\u00e9lix: Misi\u00f3n Cleopatra<\/i>, de Alain Chabat, en la Sala Batato Barea, en homenaje al centenario del nacimiento de Ren\u00e9 Goscinny.<\/p>\n<p><strong>16:00.<\/strong>\u00a0<i>Carlos G\u00f3mez y Quique Alcatena en el mercado internacional<\/i>, sobre la circulaci\u00f3n y el trabajo de historietistas argentinos en el exterior. Modera Anah\u00ed Blu. Auditorio Abuelas de Plaza de Mayo.<\/p>\n<p><strong>16:30.<\/strong>\u00a0Taller de guion narrativo gr\u00e1fico-collage\u00a0<i>Contra todos los sentidos<\/i>, a cargo de femi\u00f1etas, en la Sala Sosa Pujato.<\/p>\n<p><strong>17:00.<\/strong>\u00a0<i>Petit, del libro a la serie, ida y vuelta<\/i>, con Isol, en la Sala Batato Barea.<\/p>\n<p><strong>18:00.<\/strong>\u00a0<i>Tinder de historieta<\/i>, en el SUM.<\/p>\n<p><strong>18:00.<\/strong>\u00a0Conversatorio de humor gr\u00e1fico feminista\u00a0<i>\u00bfQu\u00e9 se disputa en el humor en \u00e9pocas de fascismo?<\/i>, con Flavita Banana, Alejandra Lunik y Agustina Casot. Modera Melo Melona. Auditorio Abuelas de Plaza de Mayo.<\/p>\n<p><strong>Domingo 6 de septiembre. Feria, creaci\u00f3n, animaci\u00f3n y cine<\/strong><\/p>\n<p><strong>14:00 a 21:00.<\/strong>\u00a0Muestra\u00a0<i>El sue\u00f1ero<\/i>, de Enrique Breccia, en la Fotogaler\u00eda.<\/p>\n<p><strong>15:00.<\/strong>\u00a0Taller\u00a0<i>Monstruos, robots y princesas<\/i>, con Fer Calvi, en el SUM.<\/p>\n<p><strong>15:00.<\/strong>\u00a0Taller de manga, con Celeste Mandacini, en la Sala Sosa Pujato.<\/p>\n<p><strong>15:00.<\/strong>\u00a0Proyecci\u00f3n de\u00a0<i>Vig\u00eda planetario<\/i>\u00a0y del tr\u00e1iler\u00a0<i>La huella del oro<\/i>, del animador y director Daniel Duche, en la Sala Batato Barea.<\/p>\n<p><strong>16:00.<\/strong>\u00a0<i>Jam de guionistas<\/i>, en el Auditorio Abuelas de Plaza de Mayo.<\/p>\n<p><strong>17:00.<\/strong>\u00a0Taller de vi\u00f1etismo\u00a0<i>Gimnasio mental<\/i>, con Flavita Banana, en el SUM.<\/p>\n<p><strong>17:00.<\/strong>\u00a0<i>Charla-Muestra<\/i>, actividad vinculada a la muestra dedicada a Enrique Breccia y Juan Sasturain. Modera Mart\u00edn P\u00e9rez. Sala Batato Barea.<\/p>\n<p><strong>17:30.<\/strong>\u00a0Taller de animaci\u00f3n\u00a0<i>Creaci\u00f3n de storyboard<\/i>, con Daniel Duche y Laura Desmery, en la Sala Sosa Pujato.<\/p>\n<p><strong>18:30.<\/strong>\u00a0Proyecci\u00f3n de\u00a0<i>La famosa invasi\u00f3n de los osos a Sicilia<\/i>, de Lorenzo Mattotti, basada en el libro infantil de Dino Buzzati, en la Sala Batato Barea.<\/p>\n<p>Con una propuesta que busca acercar la historieta tanto a lectores especializados como a nuevos p\u00fablicos, el \u00a1FAH! apuesta a consolidar al g\u00e9nero como un espacio cultural abierto, diverso y en di\u00e1logo con otras expresiones art\u00edsticas.<\/p>\n<div style=\"padding-bottom:20px; padding-top:10px;\" class=\"hupso-share-buttons\"><!-- Hupso Share Buttons - https:\/\/www.hupso.com\/share\/ --><a class=\"hupso_counters\" href=\"https:\/\/www.hupso.com\/share\/\"><img decoding=\"async\" src=\"http:\/\/static.hupso.com\/share\/buttons\/lang\/es\/share-small.png\" style=\"border:0px; padding-top:2px; float:left;\" alt=\"Share Button\"\/><\/a><script type=\"text\/javascript\">var hupso_services_c=new Array(\"twitter\",\"facebook_like\",\"google\");var hupso_counters_lang = \"es_LA\";var hupso_image_folder_url = \"\";var hupso_twitter_via=\"crsyvrs\";var hupso_url_c=\"\";<\/script><script type=\"text\/javascript\" src=\"http:\/\/static.hupso.com\/share\/js\/counters.js\"><\/script><!-- Hupso Share Buttons --><\/div> ","protected":false},"excerpt":{"rendered":"<div style=\"padding-bottom:20px; padding-top:10px;\" class=\"hupso-share-buttons\"><!-- Hupso Share Buttons - https:\/\/www.hupso.com\/share\/ --><a class=\"hupso_counters\" href=\"https:\/\/www.hupso.com\/share\/\"><img src=\"http:\/\/static.hupso.com\/share\/buttons\/lang\/es\/share-small.png\" style=\"border:0px; padding-top:2px; float:left;\" alt=\"Share Button\"\/><\/a><script type=\"text\/javascript\">var hupso_services_c=new Array(\"twitter\",\"facebook_like\",\"google\");var hupso_counters_lang = \"es_LA\";var hupso_image_folder_url = \"\";var hupso_twitter_via=\"crsyvrs\";var hupso_url_c=\"\";<\/script><script type=\"text\/javascript\" src=\"http:\/\/static.hupso.com\/share\/js\/counters.js\"><\/script><!-- Hupso Share Buttons --><\/div><p>Con entrada gratuita, el encuentro reunir\u00e1 del 4 al 6 de septiembre a autores, editoriales y lectores, con charlas, talleres, cine, m\u00fasica y una muestra. El Festival Argentino de Historieta \u00a1FAH!\u00a0tendr\u00e1 su tercera edici\u00f3n del\u00a04 al 6 de septiembre&#46;&#46;&#46;<\/p>\n<div style=\"padding-bottom:20px; padding-top:10px;\" class=\"hupso-share-buttons\"><!-- Hupso Share Buttons - https:\/\/www.hupso.com\/share\/ --><a class=\"hupso_counters\" href=\"https:\/\/www.hupso.com\/share\/\"><img src=\"http:\/\/static.hupso.com\/share\/buttons\/lang\/es\/share-small.png\" style=\"border:0px; padding-top:2px; float:left;\" alt=\"Share Button\"\/><\/a><script type=\"text\/javascript\">var hupso_services_c=new Array(\"twitter\",\"facebook_like\",\"google\");var hupso_counters_lang = \"es_LA\";var hupso_image_folder_url = \"\";var hupso_twitter_via=\"crsyvrs\";var hupso_url_c=\"\";<\/script><script type=\"text\/javascript\" src=\"http:\/\/static.hupso.com\/share\/js\/counters.js\"><\/script><!-- Hupso Share Buttons --><\/div>","protected":false},"author":5,"featured_media":41464,"comment_status":"closed","ping_status":"closed","sticky":false,"template":"","format":"standard","meta":{"footnotes":""},"categories":[7,9],"tags":[],"class_list":["post-41463","post","type-post","status-publish","format-standard","has-post-thumbnail","hentry","category-literatura","category-sociedad"],"_links":{"self":[{"href":"http:\/\/cronicasyversiones.com\/index.php?rest_route=\/wp\/v2\/posts\/41463","targetHints":{"allow":["GET"]}}],"collection":[{"href":"http:\/\/cronicasyversiones.com\/index.php?rest_route=\/wp\/v2\/posts"}],"about":[{"href":"http:\/\/cronicasyversiones.com\/index.php?rest_route=\/wp\/v2\/types\/post"}],"author":[{"embeddable":true,"href":"http:\/\/cronicasyversiones.com\/index.php?rest_route=\/wp\/v2\/users\/5"}],"replies":[{"embeddable":true,"href":"http:\/\/cronicasyversiones.com\/index.php?rest_route=%2Fwp%2Fv2%2Fcomments&post=41463"}],"version-history":[{"count":1,"href":"http:\/\/cronicasyversiones.com\/index.php?rest_route=\/wp\/v2\/posts\/41463\/revisions"}],"predecessor-version":[{"id":41465,"href":"http:\/\/cronicasyversiones.com\/index.php?rest_route=\/wp\/v2\/posts\/41463\/revisions\/41465"}],"wp:featuredmedia":[{"embeddable":true,"href":"http:\/\/cronicasyversiones.com\/index.php?rest_route=\/wp\/v2\/media\/41464"}],"wp:attachment":[{"href":"http:\/\/cronicasyversiones.com\/index.php?rest_route=%2Fwp%2Fv2%2Fmedia&parent=41463"}],"wp:term":[{"taxonomy":"category","embeddable":true,"href":"http:\/\/cronicasyversiones.com\/index.php?rest_route=%2Fwp%2Fv2%2Fcategories&post=41463"},{"taxonomy":"post_tag","embeddable":true,"href":"http:\/\/cronicasyversiones.com\/index.php?rest_route=%2Fwp%2Fv2%2Ftags&post=41463"}],"curies":[{"name":"wp","href":"https:\/\/api.w.org\/{rel}","templated":true}]}}