{"id":41481,"date":"2026-09-03T09:46:03","date_gmt":"2026-09-03T12:46:03","guid":{"rendered":"http:\/\/cronicasyversiones.com\/?p=41481"},"modified":"2026-09-03T09:46:03","modified_gmt":"2026-09-03T12:46:03","slug":"netflix-estrena-fito-paez-el-mundo-cabe-en-una-cancion","status":"publish","type":"post","link":"http:\/\/cronicasyversiones.com\/?p=41481","title":{"rendered":"Netflix estrena \u00abFito P\u00e1ez: el mundo cabe en una canci\u00f3n\u00bb"},"content":{"rendered":"<div style=\"padding-bottom:20px; padding-top:10px;\" class=\"hupso-share-buttons\"><!-- Hupso Share Buttons - https:\/\/www.hupso.com\/share\/ --><a class=\"hupso_counters\" href=\"https:\/\/www.hupso.com\/share\/\"><img decoding=\"async\" src=\"http:\/\/static.hupso.com\/share\/buttons\/lang\/es\/share-small.png\" style=\"border:0px; padding-top:2px; float:left;\" alt=\"Share Button\"\/><\/a><script type=\"text\/javascript\">var hupso_services_c=new Array(\"twitter\",\"facebook_like\",\"google\");var hupso_counters_lang = \"es_LA\";var hupso_image_folder_url = \"\";var hupso_twitter_via=\"crsyvrs\";var hupso_url_c=\"\";<\/script><script type=\"text\/javascript\" src=\"http:\/\/static.hupso.com\/share\/js\/counters.js\"><\/script><!-- Hupso Share Buttons --><\/div><h2>Se trata de un documental argentino que recorre la vida y la carrera del m\u00fasico desde una mirada \u00edntima y vulnerable.<\/h2>\n<p><img decoding=\"async\" class=\"aligncenter\" src=\"https:\/\/television.com.ar\/wp-content\/uploads\/2026\/08\/Fito-Paez-el-mundo-cabe-en-una-cancion.jpg\" \/><\/p>\n<p><strong>Netflix<\/strong> estrena globalmente <em><strong>Fito P\u00e1ez: el mundo cabe en una canci\u00f3n<\/strong><\/em>, un documental argentino que recorre la vida y la carrera del m\u00fasico desde una mirada \u00edntima y vulnerable, con material in\u00e9dito, registros en vivo y conversaciones en primera persona que revelan al artista detr\u00e1s de sus canciones.<\/p>\n<p><strong>Netflix<\/strong> vuelve a apostar por la m\u00fasica argentina y por uno de sus grandes protagonistas con <em><strong>Fito P\u00e1ez: el mundo cabe en una canci\u00f3n<\/strong><\/em>, un documental que propone algo m\u00e1s que un repaso por la trayectoria de uno de los artistas m\u00e1s importantes de la m\u00fasica en espa\u00f1ol: una mirada \u00edntima sobre el hombre detr\u00e1s de una carrera que ya lleva m\u00e1s de cuatro d\u00e9cadas.<\/p>\n<p><iframe loading=\"lazy\" title=\"YouTube video player\" src=\"https:\/\/www.youtube.com\/embed\/4P0PSlJDZvk?si=RArdOBTKFyZpMCUx\" width=\"560\" height=\"315\" frameborder=\"0\" allowfullscreen=\"allowfullscreen\"><\/iframe><\/p>\n<p>La propuesta encuentra su punto de partida en un momento de fragilidad. Un accidente que oblig\u00f3 a Fito a interrumpir parte de su gira en 2024 se convierte en el disparador para detenerse, mirar hacia atr\u00e1s y revisar una vida atravesada por \u00e9xitos, p\u00e9rdidas, v\u00ednculos, ca\u00eddas y reinvenciones. Desde ese lugar, el documental abandona por momentos la l\u00f3gica tradicional del homenaje para construir un relato mucho m\u00e1s personal, contado en primera persona y desde una vulnerabilidad poco habitual en torno a una figura de su dimensi\u00f3n.<\/p>\n<p>Ese cambio de perspectiva es, probablemente, uno de los mayores atractivos de la producci\u00f3n. Fito P\u00e1ez no aparece \u00fanicamente como el m\u00fasico que construy\u00f3 canciones que forman parte del imaginario popular, sino como alguien que revisita las distintas etapas de su vida con la distancia que permite el paso del tiempo. La pausa forzada se transforma as\u00ed en una oportunidad narrativa para recuperar recuerdos y reflexionar sobre aquello que qued\u00f3 detr\u00e1s de una carrera marcada por la exposici\u00f3n permanente.<\/p>\n<p>El acceso tambi\u00e9n juega un papel central. Material de archivo in\u00e9dito, registros en vivo y conversaciones \u00edntimas permiten construir un retrato que busca alejarse de la imagen p\u00fablica m\u00e1s conocida del artista. La direcci\u00f3n de Mat\u00edas Gueilburt, amigo personal de P\u00e1ez y realizador de reconocidos documentales sobre figuras y fen\u00f3menos argentinos, resulta clave para alcanzar ese nivel de cercan\u00eda. La relaci\u00f3n previa entre director y protagonista permite que la c\u00e1mara encuentre espacios que dif\u00edcilmente podr\u00edan construirse desde una mirada estrictamente externa.<\/p>\n<p>&nbsp;<\/p>\n<p>&nbsp;<\/p>\n<p>&nbsp;<\/p>\n<div style=\"padding-bottom:20px; padding-top:10px;\" class=\"hupso-share-buttons\"><!-- Hupso Share Buttons - https:\/\/www.hupso.com\/share\/ --><a class=\"hupso_counters\" href=\"https:\/\/www.hupso.com\/share\/\"><img decoding=\"async\" src=\"http:\/\/static.hupso.com\/share\/buttons\/lang\/es\/share-small.png\" style=\"border:0px; padding-top:2px; float:left;\" alt=\"Share Button\"\/><\/a><script type=\"text\/javascript\">var hupso_services_c=new Array(\"twitter\",\"facebook_like\",\"google\");var hupso_counters_lang = \"es_LA\";var hupso_image_folder_url = \"\";var hupso_twitter_via=\"crsyvrs\";var hupso_url_c=\"\";<\/script><script type=\"text\/javascript\" src=\"http:\/\/static.hupso.com\/share\/js\/counters.js\"><\/script><!-- Hupso Share Buttons --><\/div> ","protected":false},"excerpt":{"rendered":"<div style=\"padding-bottom:20px; padding-top:10px;\" class=\"hupso-share-buttons\"><!-- Hupso Share Buttons - https:\/\/www.hupso.com\/share\/ --><a class=\"hupso_counters\" href=\"https:\/\/www.hupso.com\/share\/\"><img src=\"http:\/\/static.hupso.com\/share\/buttons\/lang\/es\/share-small.png\" style=\"border:0px; padding-top:2px; float:left;\" alt=\"Share Button\"\/><\/a><script type=\"text\/javascript\">var hupso_services_c=new Array(\"twitter\",\"facebook_like\",\"google\");var hupso_counters_lang = \"es_LA\";var hupso_image_folder_url = \"\";var hupso_twitter_via=\"crsyvrs\";var hupso_url_c=\"\";<\/script><script type=\"text\/javascript\" src=\"http:\/\/static.hupso.com\/share\/js\/counters.js\"><\/script><!-- Hupso Share Buttons --><\/div><p>Se trata de un documental argentino que recorre la vida y la carrera del m\u00fasico desde una mirada \u00edntima y vulnerable. Netflix estrena globalmente Fito P\u00e1ez: el mundo cabe en una canci\u00f3n, un documental argentino que recorre la vida&#46;&#46;&#46;<\/p>\n<div style=\"padding-bottom:20px; padding-top:10px;\" class=\"hupso-share-buttons\"><!-- Hupso Share Buttons - https:\/\/www.hupso.com\/share\/ --><a class=\"hupso_counters\" href=\"https:\/\/www.hupso.com\/share\/\"><img src=\"http:\/\/static.hupso.com\/share\/buttons\/lang\/es\/share-small.png\" style=\"border:0px; padding-top:2px; float:left;\" alt=\"Share Button\"\/><\/a><script type=\"text\/javascript\">var hupso_services_c=new Array(\"twitter\",\"facebook_like\",\"google\");var hupso_counters_lang = \"es_LA\";var hupso_image_folder_url = \"\";var hupso_twitter_via=\"crsyvrs\";var hupso_url_c=\"\";<\/script><script type=\"text\/javascript\" src=\"http:\/\/static.hupso.com\/share\/js\/counters.js\"><\/script><!-- Hupso Share Buttons --><\/div>","protected":false},"author":5,"featured_media":41482,"comment_status":"closed","ping_status":"closed","sticky":false,"template":"","format":"standard","meta":{"footnotes":""},"categories":[4,3],"tags":[],"class_list":["post-41481","post","type-post","status-publish","format-standard","has-post-thumbnail","hentry","category-cine","category-musica"],"_links":{"self":[{"href":"http:\/\/cronicasyversiones.com\/index.php?rest_route=\/wp\/v2\/posts\/41481","targetHints":{"allow":["GET"]}}],"collection":[{"href":"http:\/\/cronicasyversiones.com\/index.php?rest_route=\/wp\/v2\/posts"}],"about":[{"href":"http:\/\/cronicasyversiones.com\/index.php?rest_route=\/wp\/v2\/types\/post"}],"author":[{"embeddable":true,"href":"http:\/\/cronicasyversiones.com\/index.php?rest_route=\/wp\/v2\/users\/5"}],"replies":[{"embeddable":true,"href":"http:\/\/cronicasyversiones.com\/index.php?rest_route=%2Fwp%2Fv2%2Fcomments&post=41481"}],"version-history":[{"count":1,"href":"http:\/\/cronicasyversiones.com\/index.php?rest_route=\/wp\/v2\/posts\/41481\/revisions"}],"predecessor-version":[{"id":41483,"href":"http:\/\/cronicasyversiones.com\/index.php?rest_route=\/wp\/v2\/posts\/41481\/revisions\/41483"}],"wp:featuredmedia":[{"embeddable":true,"href":"http:\/\/cronicasyversiones.com\/index.php?rest_route=\/wp\/v2\/media\/41482"}],"wp:attachment":[{"href":"http:\/\/cronicasyversiones.com\/index.php?rest_route=%2Fwp%2Fv2%2Fmedia&parent=41481"}],"wp:term":[{"taxonomy":"category","embeddable":true,"href":"http:\/\/cronicasyversiones.com\/index.php?rest_route=%2Fwp%2Fv2%2Fcategories&post=41481"},{"taxonomy":"post_tag","embeddable":true,"href":"http:\/\/cronicasyversiones.com\/index.php?rest_route=%2Fwp%2Fv2%2Ftags&post=41481"}],"curies":[{"name":"wp","href":"https:\/\/api.w.org\/{rel}","templated":true}]}}