{"id":41484,"date":"2026-09-03T16:29:45","date_gmt":"2026-09-03T19:29:45","guid":{"rendered":"http:\/\/cronicasyversiones.com\/?p=41484"},"modified":"2026-09-03T16:29:45","modified_gmt":"2026-09-03T19:29:45","slug":"llega-una-nueva-edicion-del-filba-con-teatro-danza-y-propuestas-escenicas","status":"publish","type":"post","link":"http:\/\/cronicasyversiones.com\/?p=41484","title":{"rendered":"Llega una nueva edici\u00f3n del FILBA con teatro, danza y propuestas esc\u00e9nicas"},"content":{"rendered":"<div style=\"padding-bottom:20px; padding-top:10px;\" class=\"hupso-share-buttons\"><!-- Hupso Share Buttons - https:\/\/www.hupso.com\/share\/ --><a class=\"hupso_counters\" href=\"https:\/\/www.hupso.com\/share\/\"><img decoding=\"async\" src=\"http:\/\/static.hupso.com\/share\/buttons\/lang\/es\/share-small.png\" style=\"border:0px; padding-top:2px; float:left;\" alt=\"Share Button\"\/><\/a><script type=\"text\/javascript\">var hupso_services_c=new Array(\"twitter\",\"facebook_like\",\"google\");var hupso_counters_lang = \"es_LA\";var hupso_image_folder_url = \"\";var hupso_twitter_via=\"crsyvrs\";var hupso_url_c=\"\";<\/script><script type=\"text\/javascript\" src=\"http:\/\/static.hupso.com\/share\/js\/counters.js\"><\/script><!-- Hupso Share Buttons --><\/div><h2 class=\"article-deck\">El festival internacional se realizar\u00e1 del 9 al 20 de septiembre con una programaci\u00f3n que re\u00fane teatro, danza y propuestas esc\u00e9nicas de Argentina y otros pa\u00edses.<\/h2>\n<p><img decoding=\"async\" src=\"https:\/\/www.diariodecultura.com.ar\/wp-content\/uploads\/2026\/09\/asdsasasassas-6.png\" alt=\"FIBA 2026: Buenos Aires vuelve a convertirse en escenario de una fiesta  internacional de las artes \u2013 Diario de Cultura\" \/><\/p>\n<p>&nbsp;<\/p>\n<p>La Ciudad volver\u00e1 a convertirse en escenario de una amplia\u00a0<strong>celebraci\u00f3n de las artes esc\u00e9nicas\u00a0<\/strong>con una nueva edici\u00f3n del<strong>\u00a0Festival Internacional de Buenos Aires (FIBA)<\/strong>, que se desarrollar\u00e1 del 9 al 20 de septiembre y reunir\u00e1 producciones nacionales e internacionales en distintos espacios de la ciudad.<\/p>\n<p>La programaci\u00f3n de\u00a0<strong>FIBA 2026\u00a0<\/strong>incluye proyectos de<strong>\u00a0Argentina y de pa\u00edses como Espa\u00f1a, Francia, Brasil, Chile, B\u00e9lgica, Corea del Sur, Ecuador, Colombia, Suiza, Bolivia y Lituania,<\/strong>\u00a0con propuestas que atraviesan el\u00a0<strong>teatro, la danza y diferentes lenguajes contempor\u00e1neos<\/strong>. La selecci\u00f3n combina obras ya estrenadas con proyectos que integran la producci\u00f3n local y los cruces internacionales.<\/p>\n<p>Entre los t\u00edtulos internacionales figuran\u00a0<i>Cicatriz<\/i>, de Espa\u00f1a;\u00a0<i>Contre-nature<\/i>, de Francia;\u00a0<i>Dorian<\/i>, de Lituania;\u00a0<i>EDSON<\/i>, de Brasil;\u00a0<i>Except That You Cannot See Me, Vol. 2<\/i>, de Corea del Sur;\u00a0<i>Monica<\/i>, coproducci\u00f3n entre B\u00e9lgica y Espa\u00f1a;\u00a0<i>Vania<\/i>, de Chile; y\u00a0<i>La trocha<\/i>, una producci\u00f3n de Ecuador, Colombia y Argentina. Tambi\u00e9n forman parte de la programaci\u00f3n\u00a0<i>Encantado<\/i>, de la compa\u00f1\u00eda brasile\u00f1a dirigida por Lia Rodrigues, y\u00a0<i>NO\/MAS\/SACRE<\/i>, de Espa\u00f1a y Brasil.<\/p>\n<p><strong>La presencia argentina ocupa un lugar central en la edici\u00f3n.<\/strong>\u00a0Entre las obras seleccionadas aparecen\u00a0<i>\u00a1Oh cabezas locas de las religiosas!<\/i>, de Mia Miceli;\u00a0<i>Amanuenses<\/i>, de Constanza Feldman;\u00a0<i>Atlas de un mundo imaginado<\/i>, de Silvia G\u00f3mez Giusto y Aliana Alvarez Pacheco;\u00a0<i>El trabajo<\/i>, de Federico Le\u00f3n;\u00a0<i>En Mitad De Tanto Fuego<\/i>, de Alejandro Tantanian;\u00a0<i>Juego del tiempo<\/i>, de Margarita Bali y Gerardo Litvak;\u00a0<i>La Gravedad de las burbujas<\/i>, de Juan Pablo Galimberti;\u00a0<i>Menos detalles<\/i>, de Gustavo Tarr\u00edo; y\u00a0<i>Venado asesino<\/i>, entre otras.<\/p>\n<p>El festival tambi\u00e9n funciona como espacio de<strong>\u00a0impulso a la dramaturgia.<\/strong>\u00a0En ese marco se realiz\u00f3 la 17\u00aa edici\u00f3n del Premio Germ\u00e1n Rozenmacher de Nueva Dramaturgia, organizado junto con el Centro Cultural Rector Ricardo Rojas de la Universidad de Buenos Aires, destinado a promover la escritura teatral de autores j\u00f3venes.<\/p>\n<p>La programaci\u00f3n propone adem\u00e1s un fuerte intercambio regional. En\u00a0<i>Encantado<\/i>, por ejemplo, Lia Rodrigues Companhia de Dan\u00e7a trabaja sobre imaginarios afroind\u00edgenas, el miedo y la construcci\u00f3n de lo colectivo, mientras que la m\u00fasica incorpora cantos del pueblo Guaran\u00ed Mbya. La obra tendr\u00e1 funciones el 13 y 14 de septiembre en el Centro Cultural 25 de Mayo.<\/p>\n<p>Con una programaci\u00f3n que cruza disciplinas, generaciones y procedencias, FIBA 2026 volver\u00e1 a plantear a Buenos Aires como un territorio de encuentro para artistas locales e internacionales y como un espacio de circulaci\u00f3n de las nuevas formas de creaci\u00f3n esc\u00e9nica.<\/p>\n<div style=\"padding-bottom:20px; padding-top:10px;\" class=\"hupso-share-buttons\"><!-- Hupso Share Buttons - https:\/\/www.hupso.com\/share\/ --><a class=\"hupso_counters\" href=\"https:\/\/www.hupso.com\/share\/\"><img decoding=\"async\" src=\"http:\/\/static.hupso.com\/share\/buttons\/lang\/es\/share-small.png\" style=\"border:0px; padding-top:2px; float:left;\" alt=\"Share Button\"\/><\/a><script type=\"text\/javascript\">var hupso_services_c=new Array(\"twitter\",\"facebook_like\",\"google\");var hupso_counters_lang = \"es_LA\";var hupso_image_folder_url = \"\";var hupso_twitter_via=\"crsyvrs\";var hupso_url_c=\"\";<\/script><script type=\"text\/javascript\" src=\"http:\/\/static.hupso.com\/share\/js\/counters.js\"><\/script><!-- Hupso Share Buttons --><\/div> ","protected":false},"excerpt":{"rendered":"<div style=\"padding-bottom:20px; padding-top:10px;\" class=\"hupso-share-buttons\"><!-- Hupso Share Buttons - https:\/\/www.hupso.com\/share\/ --><a class=\"hupso_counters\" href=\"https:\/\/www.hupso.com\/share\/\"><img src=\"http:\/\/static.hupso.com\/share\/buttons\/lang\/es\/share-small.png\" style=\"border:0px; padding-top:2px; float:left;\" alt=\"Share Button\"\/><\/a><script type=\"text\/javascript\">var hupso_services_c=new Array(\"twitter\",\"facebook_like\",\"google\");var hupso_counters_lang = \"es_LA\";var hupso_image_folder_url = \"\";var hupso_twitter_via=\"crsyvrs\";var hupso_url_c=\"\";<\/script><script type=\"text\/javascript\" src=\"http:\/\/static.hupso.com\/share\/js\/counters.js\"><\/script><!-- Hupso Share Buttons --><\/div><p>El festival internacional se realizar\u00e1 del 9 al 20 de septiembre con una programaci\u00f3n que re\u00fane teatro, danza y propuestas esc\u00e9nicas de Argentina y otros pa\u00edses. &nbsp; La Ciudad volver\u00e1 a convertirse en escenario de una amplia\u00a0celebraci\u00f3n de las&#46;&#46;&#46;<\/p>\n<div style=\"padding-bottom:20px; padding-top:10px;\" class=\"hupso-share-buttons\"><!-- Hupso Share Buttons - https:\/\/www.hupso.com\/share\/ --><a class=\"hupso_counters\" href=\"https:\/\/www.hupso.com\/share\/\"><img src=\"http:\/\/static.hupso.com\/share\/buttons\/lang\/es\/share-small.png\" style=\"border:0px; padding-top:2px; float:left;\" alt=\"Share Button\"\/><\/a><script type=\"text\/javascript\">var hupso_services_c=new Array(\"twitter\",\"facebook_like\",\"google\");var hupso_counters_lang = \"es_LA\";var hupso_image_folder_url = \"\";var hupso_twitter_via=\"crsyvrs\";var hupso_url_c=\"\";<\/script><script type=\"text\/javascript\" src=\"http:\/\/static.hupso.com\/share\/js\/counters.js\"><\/script><!-- Hupso Share Buttons --><\/div>","protected":false},"author":5,"featured_media":41485,"comment_status":"closed","ping_status":"closed","sticky":false,"template":"","format":"standard","meta":{"footnotes":""},"categories":[9,5],"tags":[],"class_list":["post-41484","post","type-post","status-publish","format-standard","has-post-thumbnail","hentry","category-sociedad","category-teatro"],"_links":{"self":[{"href":"http:\/\/cronicasyversiones.com\/index.php?rest_route=\/wp\/v2\/posts\/41484","targetHints":{"allow":["GET"]}}],"collection":[{"href":"http:\/\/cronicasyversiones.com\/index.php?rest_route=\/wp\/v2\/posts"}],"about":[{"href":"http:\/\/cronicasyversiones.com\/index.php?rest_route=\/wp\/v2\/types\/post"}],"author":[{"embeddable":true,"href":"http:\/\/cronicasyversiones.com\/index.php?rest_route=\/wp\/v2\/users\/5"}],"replies":[{"embeddable":true,"href":"http:\/\/cronicasyversiones.com\/index.php?rest_route=%2Fwp%2Fv2%2Fcomments&post=41484"}],"version-history":[{"count":1,"href":"http:\/\/cronicasyversiones.com\/index.php?rest_route=\/wp\/v2\/posts\/41484\/revisions"}],"predecessor-version":[{"id":41486,"href":"http:\/\/cronicasyversiones.com\/index.php?rest_route=\/wp\/v2\/posts\/41484\/revisions\/41486"}],"wp:featuredmedia":[{"embeddable":true,"href":"http:\/\/cronicasyversiones.com\/index.php?rest_route=\/wp\/v2\/media\/41485"}],"wp:attachment":[{"href":"http:\/\/cronicasyversiones.com\/index.php?rest_route=%2Fwp%2Fv2%2Fmedia&parent=41484"}],"wp:term":[{"taxonomy":"category","embeddable":true,"href":"http:\/\/cronicasyversiones.com\/index.php?rest_route=%2Fwp%2Fv2%2Fcategories&post=41484"},{"taxonomy":"post_tag","embeddable":true,"href":"http:\/\/cronicasyversiones.com\/index.php?rest_route=%2Fwp%2Fv2%2Ftags&post=41484"}],"curies":[{"name":"wp","href":"https:\/\/api.w.org\/{rel}","templated":true}]}}