{"id":4204,"date":"2014-11-03T00:01:05","date_gmt":"2014-11-03T03:01:05","guid":{"rendered":"http:\/\/cronicasyversiones.com\/?p=4204"},"modified":"2014-11-02T20:33:52","modified_gmt":"2014-11-02T23:33:52","slug":"calle-13-presenta-multiviral-en-el-personal-fest","status":"publish","type":"post","link":"http:\/\/cronicasyversiones.com\/?p=4204","title":{"rendered":"Calle 13 presenta \u201cMultiviral\u201d en el Personal Fest"},"content":{"rendered":"<div style=\"padding-bottom:20px; padding-top:10px;\" class=\"hupso-share-buttons\"><!-- Hupso Share Buttons - https:\/\/www.hupso.com\/share\/ --><a class=\"hupso_counters\" href=\"https:\/\/www.hupso.com\/share\/\"><img decoding=\"async\" src=\"http:\/\/static.hupso.com\/share\/buttons\/lang\/es\/share-small.png\" style=\"border:0px; padding-top:2px; float:left;\" alt=\"Share Button\"\/><\/a><script type=\"text\/javascript\">var hupso_services_c=new Array(\"twitter\",\"facebook_like\",\"google\");var hupso_counters_lang = \"es_LA\";var hupso_image_folder_url = \"\";var hupso_twitter_via=\"crsyvrs\";var hupso_url_c=\"\";<\/script><script type=\"text\/javascript\" src=\"http:\/\/static.hupso.com\/share\/js\/counters.js\"><\/script><!-- Hupso Share Buttons --><\/div><h2 style=\"text-align: justify;\">El d\u00fao puertorrique\u00f1o, como parte de su nueva gira, saldr\u00e1 a escena en la nueva edici\u00f3n del festival para luego recalar en Lima, Santiago de Chile y el DF mexicano.<\/h2>\n<p><a href=\"http:\/\/cronicasyversiones.com\/wp-content\/uploads\/2014\/11\/calle-13-fotorock-2014-03.jpg\"><img loading=\"lazy\" decoding=\"async\" class=\"wp-image-4205 aligncenter\" src=\"http:\/\/cronicasyversiones.com\/wp-content\/uploads\/2014\/11\/calle-13-fotorock-2014-03-1024x670.jpg\" alt=\"calle-13-fotorock-2014-03\" width=\"763\" height=\"499\" srcset=\"http:\/\/cronicasyversiones.com\/wp-content\/uploads\/2014\/11\/calle-13-fotorock-2014-03-1024x670.jpg 1024w, http:\/\/cronicasyversiones.com\/wp-content\/uploads\/2014\/11\/calle-13-fotorock-2014-03-300x196.jpg 300w, http:\/\/cronicasyversiones.com\/wp-content\/uploads\/2014\/11\/calle-13-fotorock-2014-03-624x408.jpg 624w, http:\/\/cronicasyversiones.com\/wp-content\/uploads\/2014\/11\/calle-13-fotorock-2014-03.jpg 1200w\" sizes=\"auto, (max-width: 763px) 100vw, 763px\" \/><\/a><\/p>\n<p><strong>Calle 13<\/strong> recala nuevamente en la Argentina para brindar un show el pr\u00f3ximo domingo 9 de noviembre en el estadio <strong>GEBA San Mart\u00edn<\/strong>, que se desarrollar\u00e1 en el <strong>Personal Fest<\/strong> y en el que estar\u00e1n <em><strong>\u00abMultiviral\u00bb<\/strong><\/em>, su \u00faltimo disco.<\/p>\n<p>En medio de la <strong>Gira Multiviral 2014,<\/strong> el d\u00fao portorrique\u00f1o que en septiembre y octubre estuvo tocando en ciudades de E<strong>stados Unidos, M\u00e9xico y Colombia<\/strong>, arranca en Buenos Aires la segunda parte de un periplo que lo llevar\u00e1 a <strong>Lima<\/strong> el jueves 13, S<strong>antiago de Chile<\/strong> el s\u00e1bado 15 y el<strong> Palacio de Deportes de la Ciudad de M\u00e9xico<\/strong> el jueves 27.<\/p>\n<p>La gira que encaran <strong>Residente y Visitante<\/strong> tendr\u00e1 continuidad en el <strong>Estadio del Ej\u00e9rcito de la Ciudad de Guatemala<\/strong> el s\u00e1bado 29, para finalizar el 6 de diciembre en estadio Hiram Bithorn de<strong> San Juan de Puerto Rico.<\/strong><\/p>\n<p>Nominado a 9 premios Grammy Latinos<em><strong>, \u00abMultiviral\u00bb<\/strong> <\/em>es el quinto \u00e1lbum de estudio del d\u00fao, lanzado mundialmente el 1 de marzo y el primero que editan a trav\u00e9s de su sello propio, <strong>El Abismo.<\/strong><\/p>\n<div style=\"padding-bottom:20px; padding-top:10px;\" class=\"hupso-share-buttons\"><!-- Hupso Share Buttons - https:\/\/www.hupso.com\/share\/ --><a class=\"hupso_counters\" href=\"https:\/\/www.hupso.com\/share\/\"><img decoding=\"async\" src=\"http:\/\/static.hupso.com\/share\/buttons\/lang\/es\/share-small.png\" style=\"border:0px; padding-top:2px; float:left;\" alt=\"Share Button\"\/><\/a><script type=\"text\/javascript\">var hupso_services_c=new Array(\"twitter\",\"facebook_like\",\"google\");var hupso_counters_lang = \"es_LA\";var hupso_image_folder_url = \"\";var hupso_twitter_via=\"crsyvrs\";var hupso_url_c=\"\";<\/script><script type=\"text\/javascript\" src=\"http:\/\/static.hupso.com\/share\/js\/counters.js\"><\/script><!-- Hupso Share Buttons --><\/div> ","protected":false},"excerpt":{"rendered":"<div style=\"padding-bottom:20px; padding-top:10px;\" class=\"hupso-share-buttons\"><!-- Hupso Share Buttons - https:\/\/www.hupso.com\/share\/ --><a class=\"hupso_counters\" href=\"https:\/\/www.hupso.com\/share\/\"><img src=\"http:\/\/static.hupso.com\/share\/buttons\/lang\/es\/share-small.png\" style=\"border:0px; padding-top:2px; float:left;\" alt=\"Share Button\"\/><\/a><script type=\"text\/javascript\">var hupso_services_c=new Array(\"twitter\",\"facebook_like\",\"google\");var hupso_counters_lang = \"es_LA\";var hupso_image_folder_url = \"\";var hupso_twitter_via=\"crsyvrs\";var hupso_url_c=\"\";<\/script><script type=\"text\/javascript\" src=\"http:\/\/static.hupso.com\/share\/js\/counters.js\"><\/script><!-- Hupso Share Buttons --><\/div><p>El d\u00fao puertorrique\u00f1o, como parte de su nueva gira, saldr\u00e1 a escena en la nueva edici\u00f3n del festival para luego recalar en Lima, Santiago de Chile y el DF mexicano. Calle 13 recala nuevamente en la Argentina para brindar&#46;&#46;&#46;<\/p>\n<div style=\"padding-bottom:20px; padding-top:10px;\" class=\"hupso-share-buttons\"><!-- Hupso Share Buttons - https:\/\/www.hupso.com\/share\/ --><a class=\"hupso_counters\" href=\"https:\/\/www.hupso.com\/share\/\"><img src=\"http:\/\/static.hupso.com\/share\/buttons\/lang\/es\/share-small.png\" style=\"border:0px; padding-top:2px; float:left;\" alt=\"Share Button\"\/><\/a><script type=\"text\/javascript\">var hupso_services_c=new Array(\"twitter\",\"facebook_like\",\"google\");var hupso_counters_lang = \"es_LA\";var hupso_image_folder_url = \"\";var hupso_twitter_via=\"crsyvrs\";var hupso_url_c=\"\";<\/script><script type=\"text\/javascript\" src=\"http:\/\/static.hupso.com\/share\/js\/counters.js\"><\/script><!-- Hupso Share Buttons --><\/div>","protected":false},"author":5,"featured_media":0,"comment_status":"open","ping_status":"open","sticky":false,"template":"","format":"standard","meta":{"footnotes":""},"categories":[3],"tags":[374,3236,1884],"class_list":["post-4204","post","type-post","status-publish","format-standard","hentry","category-musica","tag-calle-13","tag-multiviral","tag-personal-fest-2014"],"_links":{"self":[{"href":"http:\/\/cronicasyversiones.com\/index.php?rest_route=\/wp\/v2\/posts\/4204","targetHints":{"allow":["GET"]}}],"collection":[{"href":"http:\/\/cronicasyversiones.com\/index.php?rest_route=\/wp\/v2\/posts"}],"about":[{"href":"http:\/\/cronicasyversiones.com\/index.php?rest_route=\/wp\/v2\/types\/post"}],"author":[{"embeddable":true,"href":"http:\/\/cronicasyversiones.com\/index.php?rest_route=\/wp\/v2\/users\/5"}],"replies":[{"embeddable":true,"href":"http:\/\/cronicasyversiones.com\/index.php?rest_route=%2Fwp%2Fv2%2Fcomments&post=4204"}],"version-history":[{"count":0,"href":"http:\/\/cronicasyversiones.com\/index.php?rest_route=\/wp\/v2\/posts\/4204\/revisions"}],"wp:attachment":[{"href":"http:\/\/cronicasyversiones.com\/index.php?rest_route=%2Fwp%2Fv2%2Fmedia&parent=4204"}],"wp:term":[{"taxonomy":"category","embeddable":true,"href":"http:\/\/cronicasyversiones.com\/index.php?rest_route=%2Fwp%2Fv2%2Fcategories&post=4204"},{"taxonomy":"post_tag","embeddable":true,"href":"http:\/\/cronicasyversiones.com\/index.php?rest_route=%2Fwp%2Fv2%2Ftags&post=4204"}],"curies":[{"name":"wp","href":"https:\/\/api.w.org\/{rel}","templated":true}]}}