{"id":4310,"date":"2014-11-11T07:40:21","date_gmt":"2014-11-11T10:40:21","guid":{"rendered":"http:\/\/cronicasyversiones.com\/?p=4310"},"modified":"2014-11-11T07:40:21","modified_gmt":"2014-11-11T10:40:21","slug":"quentin-tarantino-aseguro-que-se-retira-luego-de-su-decima-pelicula","status":"publish","type":"post","link":"http:\/\/cronicasyversiones.com\/?p=4310","title":{"rendered":"Quentin Tarantino asegur\u00f3 que se retira luego de su d\u00e9cima pel\u00edcula"},"content":{"rendered":"<div style=\"padding-bottom:20px; padding-top:10px;\" class=\"hupso-share-buttons\"><!-- Hupso Share Buttons - https:\/\/www.hupso.com\/share\/ --><a class=\"hupso_counters\" href=\"https:\/\/www.hupso.com\/share\/\"><img decoding=\"async\" src=\"http:\/\/static.hupso.com\/share\/buttons\/lang\/es\/share-small.png\" style=\"border:0px; padding-top:2px; float:left;\" alt=\"Share Button\"\/><\/a><script type=\"text\/javascript\">var hupso_services_c=new Array(\"twitter\",\"facebook_like\",\"google\");var hupso_counters_lang = \"es_LA\";var hupso_image_folder_url = \"\";var hupso_twitter_via=\"crsyvrs\";var hupso_url_c=\"\";<\/script><script type=\"text\/javascript\" src=\"http:\/\/static.hupso.com\/share\/js\/counters.js\"><\/script><!-- Hupso Share Buttons --><\/div><h2 style=\"text-align: justify;\">El director dijo que pretende dejar al p\u00fablico con \u201cganas de ver m\u00e1s\u201d y que quiere correrse de escena \u201cen lo alto\u201d. \u201cThe Hateful Eight\u201d, su octavo film, llegar\u00e1 a las salas el a\u00f1o pr\u00f3ximo.<\/h2>\n<p><a href=\"http:\/\/cronicasyversiones.com\/wp-content\/uploads\/2014\/11\/Quentin1.jpeg\"><img loading=\"lazy\" decoding=\"async\" class=\"wp-image-4312 aligncenter\" src=\"http:\/\/cronicasyversiones.com\/wp-content\/uploads\/2014\/11\/Quentin1-1024x682.jpeg\" alt=\"1148233_quentin_tarantino_djungo_KDM_\" width=\"754\" height=\"502\" srcset=\"http:\/\/cronicasyversiones.com\/wp-content\/uploads\/2014\/11\/Quentin1-1024x682.jpeg 1024w, http:\/\/cronicasyversiones.com\/wp-content\/uploads\/2014\/11\/Quentin1-300x199.jpeg 300w, http:\/\/cronicasyversiones.com\/wp-content\/uploads\/2014\/11\/Quentin1-624x415.jpeg 624w, http:\/\/cronicasyversiones.com\/wp-content\/uploads\/2014\/11\/Quentin1.jpeg 2048w\" sizes=\"auto, (max-width: 754px) 100vw, 754px\" \/><\/a><\/p>\n<p>&nbsp;<\/p>\n<p style=\"text-align: justify;\"><a href=\"http:\/\/cronicasyversiones.com\/?p=2419\" target=\"_blank\"><strong>Quentin Tarantino<\/strong><\/a>, el director de <em><strong>\u201c<a href=\"http:\/\/cronicasyversiones.com\/?p=3737\" target=\"_blank\">Pulp Fiction<\/a>\u201d<\/strong><\/em>, asegur\u00f3 que se retirar\u00e1 de la actividad despu\u00e9s de rodar su d\u00e9cima pel\u00edcula, mientras la pr\u00f3xima <em><strong>\u201d<a href=\"http:\/\/cronicasyversiones.com\/?p=1458\" target=\"_blank\">The Hateful Eight<\/a>\u201d<\/strong><\/em> es la octava en la trayectoria del director estadounidense.<\/p>\n<p style=\"text-align: justify;\"><strong>\u00abNo creo que deba seguir dirigiendo hasta que la gente se canse, y me pida que lo deje\u00bb<\/strong>, dispar\u00f3 el cineasta en conferencia de prensa.<\/p>\n<p style=\"text-align: justify;\">Adem\u00e1s, agreg\u00f3 que quiere <strong>\u00abretirarse en todo lo alto\u00bb,<\/strong> dejando al p\u00fablico con ganas de ver algo m\u00e1s. Tambi\u00e9n asegur\u00f3 que exhibir\u00e1 alg\u00fan tipo de \u201cconexi\u00f3n\u201d entre su \u00f3pera prima y la \u00faltima que ruede.<\/p>\n<p style=\"text-align: justify;\">\u201c<strong>No es una regla que est\u00e9 escrita en piedra,<\/strong> quien sabe, pero en principio me parece un gran plan para terminar\u00bb, aclar\u00f3 finalmente entreabriendo la posibilidad de no retirarse tan precozmente.<\/p>\n<p style=\"text-align: justify;\"><em><strong>\u201cThe Hateful Eight\u201d,<\/strong><\/em> la octava pel\u00edcula del realizador tuvo varias idas y vueltas luego de que se filtrara en la Web el gui\u00f3n original. Tarantino desecho llevar a delante el proyecto por ese motivo, pero luego decidi\u00f3 llevar a delante el rodaje y el film llegar\u00e1 a las salas en el 2015.<\/p>\n<p style=\"text-align: justify;\">El elenco de la octava aventura del director lo completan <strong>Samuel L. Jackson<\/strong> como el Alcalde Marquis Warren, Kurt Russell como John &#8216;Ahorcado&#8217; Ruth, <a href=\"http:\/\/cronicasyversiones.com\/?p=3903\" target=\"_blank\">Jennifer Jason Leigh<\/a> como Daisy Domergue, Walton Goggins como Chris Mannix, Demian Bichir como Bob, Tim Roth como Oswaldo Mobray, Michael Madsen como Joe Gage, Bruce Dern como el general Stanford Smithers y Channing Tatum en un papel desconocido.<\/p>\n<p style=\"text-align: justify;\">Con muchas escenas reescritas, el argumento gira sobre un peculiar grupo formado por cazarrecompensas, convictos y soldados cuya caravana queda desviada por culpa de un temporal.<\/p>\n<div style=\"padding-bottom:20px; padding-top:10px;\" class=\"hupso-share-buttons\"><!-- Hupso Share Buttons - https:\/\/www.hupso.com\/share\/ --><a class=\"hupso_counters\" href=\"https:\/\/www.hupso.com\/share\/\"><img decoding=\"async\" src=\"http:\/\/static.hupso.com\/share\/buttons\/lang\/es\/share-small.png\" style=\"border:0px; padding-top:2px; float:left;\" alt=\"Share Button\"\/><\/a><script type=\"text\/javascript\">var hupso_services_c=new Array(\"twitter\",\"facebook_like\",\"google\");var hupso_counters_lang = \"es_LA\";var hupso_image_folder_url = \"\";var hupso_twitter_via=\"crsyvrs\";var hupso_url_c=\"\";<\/script><script type=\"text\/javascript\" src=\"http:\/\/static.hupso.com\/share\/js\/counters.js\"><\/script><!-- Hupso Share Buttons --><\/div> ","protected":false},"excerpt":{"rendered":"<div style=\"padding-bottom:20px; padding-top:10px;\" class=\"hupso-share-buttons\"><!-- Hupso Share Buttons - https:\/\/www.hupso.com\/share\/ --><a class=\"hupso_counters\" href=\"https:\/\/www.hupso.com\/share\/\"><img src=\"http:\/\/static.hupso.com\/share\/buttons\/lang\/es\/share-small.png\" style=\"border:0px; padding-top:2px; float:left;\" alt=\"Share Button\"\/><\/a><script type=\"text\/javascript\">var hupso_services_c=new Array(\"twitter\",\"facebook_like\",\"google\");var hupso_counters_lang = \"es_LA\";var hupso_image_folder_url = \"\";var hupso_twitter_via=\"crsyvrs\";var hupso_url_c=\"\";<\/script><script type=\"text\/javascript\" src=\"http:\/\/static.hupso.com\/share\/js\/counters.js\"><\/script><!-- Hupso Share Buttons --><\/div><p>El director dijo que pretende dejar al p\u00fablico con \u201cganas de ver m\u00e1s\u201d y que quiere correrse de escena \u201cen lo alto\u201d. \u201cThe Hateful Eight\u201d, su octavo film, llegar\u00e1 a las salas el a\u00f1o pr\u00f3ximo. &nbsp; Quentin Tarantino, el&#46;&#46;&#46;<\/p>\n<div style=\"padding-bottom:20px; padding-top:10px;\" class=\"hupso-share-buttons\"><!-- Hupso Share Buttons - https:\/\/www.hupso.com\/share\/ --><a class=\"hupso_counters\" href=\"https:\/\/www.hupso.com\/share\/\"><img src=\"http:\/\/static.hupso.com\/share\/buttons\/lang\/es\/share-small.png\" style=\"border:0px; padding-top:2px; float:left;\" alt=\"Share Button\"\/><\/a><script type=\"text\/javascript\">var hupso_services_c=new Array(\"twitter\",\"facebook_like\",\"google\");var hupso_counters_lang = \"es_LA\";var hupso_image_folder_url = \"\";var hupso_twitter_via=\"crsyvrs\";var hupso_url_c=\"\";<\/script><script type=\"text\/javascript\" src=\"http:\/\/static.hupso.com\/share\/js\/counters.js\"><\/script><!-- Hupso Share Buttons --><\/div>","protected":false},"author":5,"featured_media":0,"comment_status":"open","ping_status":"open","sticky":false,"template":"","format":"standard","meta":{"footnotes":""},"categories":[4],"tags":[268,561,1970,562],"class_list":["post-4310","post","type-post","status-publish","format-standard","hentry","category-cine","tag-pulp-fiction","tag-quentin-tarantino","tag-samuel-l-jackson","tag-the-hateful-eight"],"_links":{"self":[{"href":"http:\/\/cronicasyversiones.com\/index.php?rest_route=\/wp\/v2\/posts\/4310","targetHints":{"allow":["GET"]}}],"collection":[{"href":"http:\/\/cronicasyversiones.com\/index.php?rest_route=\/wp\/v2\/posts"}],"about":[{"href":"http:\/\/cronicasyversiones.com\/index.php?rest_route=\/wp\/v2\/types\/post"}],"author":[{"embeddable":true,"href":"http:\/\/cronicasyversiones.com\/index.php?rest_route=\/wp\/v2\/users\/5"}],"replies":[{"embeddable":true,"href":"http:\/\/cronicasyversiones.com\/index.php?rest_route=%2Fwp%2Fv2%2Fcomments&post=4310"}],"version-history":[{"count":0,"href":"http:\/\/cronicasyversiones.com\/index.php?rest_route=\/wp\/v2\/posts\/4310\/revisions"}],"wp:attachment":[{"href":"http:\/\/cronicasyversiones.com\/index.php?rest_route=%2Fwp%2Fv2%2Fmedia&parent=4310"}],"wp:term":[{"taxonomy":"category","embeddable":true,"href":"http:\/\/cronicasyversiones.com\/index.php?rest_route=%2Fwp%2Fv2%2Fcategories&post=4310"},{"taxonomy":"post_tag","embeddable":true,"href":"http:\/\/cronicasyversiones.com\/index.php?rest_route=%2Fwp%2Fv2%2Ftags&post=4310"}],"curies":[{"name":"wp","href":"https:\/\/api.w.org\/{rel}","templated":true}]}}