{"id":4352,"date":"2014-11-13T07:31:39","date_gmt":"2014-11-13T10:31:39","guid":{"rendered":"http:\/\/cronicasyversiones.com\/?p=4352"},"modified":"2014-11-13T07:31:39","modified_gmt":"2014-11-13T10:31:39","slug":"los-osbournes-vuelven-a-la-tv","status":"publish","type":"post","link":"http:\/\/cronicasyversiones.com\/?p=4352","title":{"rendered":"\u201cLos Osbournes\u201d vuelven a la TV"},"content":{"rendered":"<div style=\"padding-bottom:20px; padding-top:10px;\" class=\"hupso-share-buttons\"><!-- Hupso Share Buttons - https:\/\/www.hupso.com\/share\/ --><a class=\"hupso_counters\" href=\"https:\/\/www.hupso.com\/share\/\"><img decoding=\"async\" src=\"http:\/\/static.hupso.com\/share\/buttons\/lang\/es\/share-small.png\" style=\"border:0px; padding-top:2px; float:left;\" alt=\"Share Button\"\/><\/a><script type=\"text\/javascript\">var hupso_services_c=new Array(\"twitter\",\"facebook_like\",\"google\");var hupso_counters_lang = \"es_LA\";var hupso_image_folder_url = \"\";var hupso_twitter_via=\"crsyvrs\";var hupso_url_c=\"\";<\/script><script type=\"text\/javascript\" src=\"http:\/\/static.hupso.com\/share\/js\/counters.js\"><\/script><!-- Hupso Share Buttons --><\/div><h2 style=\"text-align: justify;\">Lo confirm\u00f3 Sharon, la esposa del ex cantante de Black Sabbath, y adelant\u00f3 que el a\u00f1o pr\u00f3ximo har\u00e1n solamente una escueta temporada de unos ocho episodios.<\/h2>\n<p><a href=\"http:\/\/cronicasyversiones.com\/wp-content\/uploads\/2014\/11\/the-osbournes-57660_w1000.jpg\"><img loading=\"lazy\" decoding=\"async\" class=\"wp-image-4353 aligncenter\" src=\"http:\/\/cronicasyversiones.com\/wp-content\/uploads\/2014\/11\/the-osbournes-57660_w1000.jpg\" alt=\"the-osbournes-57660_w1000\" width=\"774\" height=\"451\" srcset=\"http:\/\/cronicasyversiones.com\/wp-content\/uploads\/2014\/11\/the-osbournes-57660_w1000.jpg 1000w, http:\/\/cronicasyversiones.com\/wp-content\/uploads\/2014\/11\/the-osbournes-57660_w1000-300x174.jpg 300w, http:\/\/cronicasyversiones.com\/wp-content\/uploads\/2014\/11\/the-osbournes-57660_w1000-624x363.jpg 624w\" sizes=\"auto, (max-width: 774px) 100vw, 774px\" \/><\/a><\/p>\n<p style=\"text-align: justify;\"><em><strong>\u201cLos Osbournes\u201d<\/strong><\/em>, el reality show que irrumpi\u00f3 en la pantalla de<strong> MTV<\/strong> y que hizo part\u00edcipe a los televidentes de la vida cotidiana de la familia de <strong>Ozzy Osbourne, su esposa Sharon y sus hijos Kelly y Jack,<\/strong> vuelve a la televisi\u00f3n tras nueve a\u00f1os de ausencia en el aire.<\/p>\n<p style=\"text-align: justify;\">El env\u00edo, que fue <strong>un furor de audiencia durante su emisi\u00f3n entre 2002 y 2005<\/strong> en base a lo novedoso del formato y por mostrar a una familia bastante particular, regresa a la pantalla para una escueta temporada de ocho cap\u00edtulos.<\/p>\n<p style=\"text-align: justify;\"><strong>\u00abOzzy quiere hacer otros pocos episodios.<\/strong> No toda una temporada, alrededor de ocho cap\u00edtulos. Ya hace diez a\u00f1os del \u00faltimo, y \u00e9l admite que en aquella \u00e9poca estaba siempre ebrio, de manera que quiere hacer otros programas en los que aparezca sobrio\u00bb, se\u00f1al\u00f3 <strong>Sharon Osbourne<\/strong> en el talk show brit\u00e1nico Loose Women.<\/p>\n<p style=\"text-align: justify;\">La esposa del ex cantante de <strong>Black Sabbath<\/strong> agreg\u00f3 m\u00e1s datos sobre esta vuelta. \u201cNo es como que regresemos en una serie propiamente. A lo mucho habr\u00e1n unos seis u ocho episodios, y es solo para<strong> ponerlos al corriente de lo que ha sido nuestra vida\u201d<\/strong>, sostuvo.<\/p>\n<p style=\"text-align: justify;\">Por su parte, se indic\u00f3 que en este retorno no estar\u00eda la conductora de <em><strong>\u00abFashion Police\u00bb<\/strong><\/em>, Kelly Osbourne, aunque s\u00ed se incorporar\u00e1n dos integrantes m\u00e1s a la familia, la nuera y nieto de Ozzy.<\/p>\n<p style=\"text-align: justify;\">El rodaje de esta nueva mini temporada de<em><strong> \u201cLos Osbournes\u201d<\/strong><\/em> comenzar\u00e1 en enero del a\u00f1o pr\u00f3ximo y tendr\u00e1 como locaci\u00f3n a la mansi\u00f3n que posee la familia en California.<\/p>\n<div style=\"padding-bottom:20px; padding-top:10px;\" class=\"hupso-share-buttons\"><!-- Hupso Share Buttons - https:\/\/www.hupso.com\/share\/ --><a class=\"hupso_counters\" href=\"https:\/\/www.hupso.com\/share\/\"><img decoding=\"async\" src=\"http:\/\/static.hupso.com\/share\/buttons\/lang\/es\/share-small.png\" style=\"border:0px; padding-top:2px; float:left;\" alt=\"Share Button\"\/><\/a><script type=\"text\/javascript\">var hupso_services_c=new Array(\"twitter\",\"facebook_like\",\"google\");var hupso_counters_lang = \"es_LA\";var hupso_image_folder_url = \"\";var hupso_twitter_via=\"crsyvrs\";var hupso_url_c=\"\";<\/script><script type=\"text\/javascript\" src=\"http:\/\/static.hupso.com\/share\/js\/counters.js\"><\/script><!-- Hupso Share Buttons --><\/div> ","protected":false},"excerpt":{"rendered":"<div style=\"padding-bottom:20px; padding-top:10px;\" class=\"hupso-share-buttons\"><!-- Hupso Share Buttons - https:\/\/www.hupso.com\/share\/ --><a class=\"hupso_counters\" href=\"https:\/\/www.hupso.com\/share\/\"><img src=\"http:\/\/static.hupso.com\/share\/buttons\/lang\/es\/share-small.png\" style=\"border:0px; padding-top:2px; float:left;\" alt=\"Share Button\"\/><\/a><script type=\"text\/javascript\">var hupso_services_c=new Array(\"twitter\",\"facebook_like\",\"google\");var hupso_counters_lang = \"es_LA\";var hupso_image_folder_url = \"\";var hupso_twitter_via=\"crsyvrs\";var hupso_url_c=\"\";<\/script><script type=\"text\/javascript\" src=\"http:\/\/static.hupso.com\/share\/js\/counters.js\"><\/script><!-- Hupso Share Buttons --><\/div><p>Lo confirm\u00f3 Sharon, la esposa del ex cantante de Black Sabbath, y adelant\u00f3 que el a\u00f1o pr\u00f3ximo har\u00e1n solamente una escueta temporada de unos ocho episodios. \u201cLos Osbournes\u201d, el reality show que irrumpi\u00f3 en la pantalla de MTV y&#46;&#46;&#46;<\/p>\n<div style=\"padding-bottom:20px; padding-top:10px;\" class=\"hupso-share-buttons\"><!-- Hupso Share Buttons - https:\/\/www.hupso.com\/share\/ --><a class=\"hupso_counters\" href=\"https:\/\/www.hupso.com\/share\/\"><img src=\"http:\/\/static.hupso.com\/share\/buttons\/lang\/es\/share-small.png\" style=\"border:0px; padding-top:2px; float:left;\" alt=\"Share Button\"\/><\/a><script type=\"text\/javascript\">var hupso_services_c=new Array(\"twitter\",\"facebook_like\",\"google\");var hupso_counters_lang = \"es_LA\";var hupso_image_folder_url = \"\";var hupso_twitter_via=\"crsyvrs\";var hupso_url_c=\"\";<\/script><script type=\"text\/javascript\" src=\"http:\/\/static.hupso.com\/share\/js\/counters.js\"><\/script><!-- Hupso Share Buttons --><\/div>","protected":false},"author":5,"featured_media":0,"comment_status":"open","ping_status":"open","sticky":false,"template":"","format":"standard","meta":{"footnotes":""},"categories":[6],"tags":[3124,3318,1041,3123],"class_list":["post-4352","post","type-post","status-publish","format-standard","hentry","category-radio-y-tv","tag-black-sabbath","tag-los-osbournes","tag-mtv","tag-ozzy-osbourne"],"_links":{"self":[{"href":"http:\/\/cronicasyversiones.com\/index.php?rest_route=\/wp\/v2\/posts\/4352","targetHints":{"allow":["GET"]}}],"collection":[{"href":"http:\/\/cronicasyversiones.com\/index.php?rest_route=\/wp\/v2\/posts"}],"about":[{"href":"http:\/\/cronicasyversiones.com\/index.php?rest_route=\/wp\/v2\/types\/post"}],"author":[{"embeddable":true,"href":"http:\/\/cronicasyversiones.com\/index.php?rest_route=\/wp\/v2\/users\/5"}],"replies":[{"embeddable":true,"href":"http:\/\/cronicasyversiones.com\/index.php?rest_route=%2Fwp%2Fv2%2Fcomments&post=4352"}],"version-history":[{"count":0,"href":"http:\/\/cronicasyversiones.com\/index.php?rest_route=\/wp\/v2\/posts\/4352\/revisions"}],"wp:attachment":[{"href":"http:\/\/cronicasyversiones.com\/index.php?rest_route=%2Fwp%2Fv2%2Fmedia&parent=4352"}],"wp:term":[{"taxonomy":"category","embeddable":true,"href":"http:\/\/cronicasyversiones.com\/index.php?rest_route=%2Fwp%2Fv2%2Fcategories&post=4352"},{"taxonomy":"post_tag","embeddable":true,"href":"http:\/\/cronicasyversiones.com\/index.php?rest_route=%2Fwp%2Fv2%2Ftags&post=4352"}],"curies":[{"name":"wp","href":"https:\/\/api.w.org\/{rel}","templated":true}]}}