{"id":4356,"date":"2014-11-13T08:29:11","date_gmt":"2014-11-13T11:29:11","guid":{"rendered":"http:\/\/cronicasyversiones.com\/?p=4356"},"modified":"2014-11-13T08:29:21","modified_gmt":"2014-11-13T11:29:21","slug":"ahora-dicen-que-vincent-van-gogh-no-se-suicido","status":"publish","type":"post","link":"http:\/\/cronicasyversiones.com\/?p=4356","title":{"rendered":"Ahora dicen que Vincent van Gogh no se suicid\u00f3"},"content":{"rendered":"<div style=\"padding-bottom:20px; padding-top:10px;\" class=\"hupso-share-buttons\"><!-- Hupso Share Buttons - https:\/\/www.hupso.com\/share\/ --><a class=\"hupso_counters\" href=\"https:\/\/www.hupso.com\/share\/\"><img decoding=\"async\" src=\"http:\/\/static.hupso.com\/share\/buttons\/lang\/es\/share-small.png\" style=\"border:0px; padding-top:2px; float:left;\" alt=\"Share Button\"\/><\/a><script type=\"text\/javascript\">var hupso_services_c=new Array(\"twitter\",\"facebook_like\",\"google\");var hupso_counters_lang = \"es_LA\";var hupso_image_folder_url = \"\";var hupso_twitter_via=\"crsyvrs\";var hupso_url_c=\"\";<\/script><script type=\"text\/javascript\" src=\"http:\/\/static.hupso.com\/share\/js\/counters.js\"><\/script><!-- Hupso Share Buttons --><\/div><h2 style=\"text-align: justify;\">Uno de los forenses m\u00e1s reconocidos del mundo en heridas de bala, Vincent di Maio, refrenda la hip\u00f3tesis m\u00e1s difundida sobre la causa de la muerte del pintor holand\u00e9s.<\/h2>\n<p><a href=\"http:\/\/cronicasyversiones.com\/wp-content\/uploads\/2014\/11\/Vincent-Van-Gogh.jpg\"><img loading=\"lazy\" decoding=\"async\" class=\"wp-image-4357 aligncenter\" src=\"http:\/\/cronicasyversiones.com\/wp-content\/uploads\/2014\/11\/Vincent-Van-Gogh-1024x576.jpg\" alt=\"Vincent-Van-Gogh\" width=\"782\" height=\"440\" srcset=\"http:\/\/cronicasyversiones.com\/wp-content\/uploads\/2014\/11\/Vincent-Van-Gogh-1024x576.jpg 1024w, http:\/\/cronicasyversiones.com\/wp-content\/uploads\/2014\/11\/Vincent-Van-Gogh-300x168.jpg 300w, http:\/\/cronicasyversiones.com\/wp-content\/uploads\/2014\/11\/Vincent-Van-Gogh-624x351.jpg 624w, http:\/\/cronicasyversiones.com\/wp-content\/uploads\/2014\/11\/Vincent-Van-Gogh.jpg 1280w\" sizes=\"auto, (max-width: 782px) 100vw, 782px\" \/><\/a><\/p>\n<p style=\"text-align: justify;\"><strong>Vincent di Maio<\/strong>, uno de los forenses y pat\u00f3logos especialista en heridas de bala m\u00e1s reconocidos a nivel ecum\u00e9nico, asegur\u00f3 que <strong>Vincent van Gogh<\/strong> no se suicid\u00f3, tal como lo sostiene la versi\u00f3n m\u00e1s difundida sino que \u00abcon toda probabilidad m\u00e9dica creo que su herida no fue autoinfligida\u00bb, seg\u00fan citaron los bi\u00f3grafos <strong>Steven Naifeh y Gregory White Smith<\/strong> en un art\u00edculo publicado de la revista <strong>Vanity Fair.<\/strong><\/p>\n<p style=\"text-align: justify;\">El doctor Di Maio considera que el pintor holand\u00e9s <strong>no pudo haberse disparado por el lugar del impacto de bala<\/strong> (la parte izquierda del pecho) ya que Van Gogh era diestro y, seg\u00fan describi\u00f3, si se tratara de un suicidio, \u00abhabr\u00eda habido quemaduras de p\u00f3lvora en sus manos, holl\u00edn, huellas tatuadas de p\u00f3lvora y piel abrasada alrededor de la entrada\u00bb.<\/p>\n<p style=\"text-align: justify;\"><strong>\u00abNada de esto fue descrito<\/strong>. Esto indica la boca de ca\u00f1\u00f3n se encontraba a una distancia de m\u00e1s de uno o dos pies. Con toda probabilidad m\u00e9dica creo que la herida de Van Gogh no fue autoinfligida. En otras palabras, \u00e9l no se dispar\u00f3\u00bb, enfatiz\u00f3 el especialista citado por bi\u00f3grafos de Van Gogh.<\/p>\n<p style=\"text-align: justify;\">Si bien la biograf\u00eda<em><strong> \u00abVan Gogh: la vida\u00bb<\/strong><\/em> publicada en 2011, ambos investigadores refrendaron su hip\u00f3tesis en un art\u00edculo de la revista estadounidense Vanity Fair con un art\u00edculo sobre el misterio detr\u00e1s de su muerte.<\/p>\n<p style=\"text-align: justify;\">Durante muchas d\u00e9cadas, el suicidio fue el \u00faltimo cap\u00edtulo incuestionable de la leyenda de Van Gogh, pero Naifeh y White Smith ofrecen otro escenario con la ayuda de los forenses y <strong>diseccionan la hip\u00f3tesis del asesinato.<\/strong><\/p>\n<p style=\"text-align: justify;\">La versi\u00f3n ampliamente difundida es que, con 37 a\u00f1os, el artista se dispar\u00f3 un tiro en el pecho mientras paseaba por la mismas tierras que acababa de pintar en<em><strong> \u00abCampo de trigo con cuervos\u00bb<\/strong> <\/em>(julio de 1890), una obra considerada premonitoria del drama que se cern\u00eda sobre el artista.<\/p>\n<p style=\"text-align: justify;\">Estas nuevas hip\u00f3tesis que se vierten sobre la figura del pintor aparecen pocos meses antes de celebrarse el <strong>125 aniversario de su muerte<\/strong>. A prop\u00f3sito de esta celebraci\u00f3n, en Holanda se anunciaron m\u00faltiples actos culturales y futuras muestras para el 2015 que tambi\u00e9n se extender\u00e1n por Francia y B\u00e9lgica, pa\u00edses con los que el artista estuvo especialmente ligado<\/p>\n<p style=\"text-align: justify;\">\n<div style=\"padding-bottom:20px; padding-top:10px;\" class=\"hupso-share-buttons\"><!-- Hupso Share Buttons - https:\/\/www.hupso.com\/share\/ --><a class=\"hupso_counters\" href=\"https:\/\/www.hupso.com\/share\/\"><img decoding=\"async\" src=\"http:\/\/static.hupso.com\/share\/buttons\/lang\/es\/share-small.png\" style=\"border:0px; padding-top:2px; float:left;\" alt=\"Share Button\"\/><\/a><script type=\"text\/javascript\">var hupso_services_c=new Array(\"twitter\",\"facebook_like\",\"google\");var hupso_counters_lang = \"es_LA\";var hupso_image_folder_url = \"\";var hupso_twitter_via=\"crsyvrs\";var hupso_url_c=\"\";<\/script><script type=\"text\/javascript\" src=\"http:\/\/static.hupso.com\/share\/js\/counters.js\"><\/script><!-- Hupso Share Buttons --><\/div> ","protected":false},"excerpt":{"rendered":"<div style=\"padding-bottom:20px; padding-top:10px;\" class=\"hupso-share-buttons\"><!-- Hupso Share Buttons - https:\/\/www.hupso.com\/share\/ --><a class=\"hupso_counters\" href=\"https:\/\/www.hupso.com\/share\/\"><img src=\"http:\/\/static.hupso.com\/share\/buttons\/lang\/es\/share-small.png\" style=\"border:0px; padding-top:2px; float:left;\" alt=\"Share Button\"\/><\/a><script type=\"text\/javascript\">var hupso_services_c=new Array(\"twitter\",\"facebook_like\",\"google\");var hupso_counters_lang = \"es_LA\";var hupso_image_folder_url = \"\";var hupso_twitter_via=\"crsyvrs\";var hupso_url_c=\"\";<\/script><script type=\"text\/javascript\" src=\"http:\/\/static.hupso.com\/share\/js\/counters.js\"><\/script><!-- Hupso Share Buttons --><\/div><p>Uno de los forenses m\u00e1s reconocidos del mundo en heridas de bala, Vincent di Maio, refrenda la hip\u00f3tesis m\u00e1s difundida sobre la causa de la muerte del pintor holand\u00e9s. Vincent di Maio, uno de los forenses y pat\u00f3logos especialista&#46;&#46;&#46;<\/p>\n<div style=\"padding-bottom:20px; padding-top:10px;\" class=\"hupso-share-buttons\"><!-- Hupso Share Buttons - https:\/\/www.hupso.com\/share\/ --><a class=\"hupso_counters\" href=\"https:\/\/www.hupso.com\/share\/\"><img src=\"http:\/\/static.hupso.com\/share\/buttons\/lang\/es\/share-small.png\" style=\"border:0px; padding-top:2px; float:left;\" alt=\"Share Button\"\/><\/a><script type=\"text\/javascript\">var hupso_services_c=new Array(\"twitter\",\"facebook_like\",\"google\");var hupso_counters_lang = \"es_LA\";var hupso_image_folder_url = \"\";var hupso_twitter_via=\"crsyvrs\";var hupso_url_c=\"\";<\/script><script type=\"text\/javascript\" src=\"http:\/\/static.hupso.com\/share\/js\/counters.js\"><\/script><!-- Hupso Share Buttons --><\/div>","protected":false},"author":5,"featured_media":0,"comment_status":"open","ping_status":"open","sticky":false,"template":"","format":"standard","meta":{"footnotes":""},"categories":[8],"tags":[3320,3319,976],"class_list":["post-4356","post","type-post","status-publish","format-standard","hentry","category-artes-plasticas","tag-vanity-fair","tag-vincent-di-maio","tag-vincent-van-gogh"],"_links":{"self":[{"href":"http:\/\/cronicasyversiones.com\/index.php?rest_route=\/wp\/v2\/posts\/4356","targetHints":{"allow":["GET"]}}],"collection":[{"href":"http:\/\/cronicasyversiones.com\/index.php?rest_route=\/wp\/v2\/posts"}],"about":[{"href":"http:\/\/cronicasyversiones.com\/index.php?rest_route=\/wp\/v2\/types\/post"}],"author":[{"embeddable":true,"href":"http:\/\/cronicasyversiones.com\/index.php?rest_route=\/wp\/v2\/users\/5"}],"replies":[{"embeddable":true,"href":"http:\/\/cronicasyversiones.com\/index.php?rest_route=%2Fwp%2Fv2%2Fcomments&post=4356"}],"version-history":[{"count":0,"href":"http:\/\/cronicasyversiones.com\/index.php?rest_route=\/wp\/v2\/posts\/4356\/revisions"}],"wp:attachment":[{"href":"http:\/\/cronicasyversiones.com\/index.php?rest_route=%2Fwp%2Fv2%2Fmedia&parent=4356"}],"wp:term":[{"taxonomy":"category","embeddable":true,"href":"http:\/\/cronicasyversiones.com\/index.php?rest_route=%2Fwp%2Fv2%2Fcategories&post=4356"},{"taxonomy":"post_tag","embeddable":true,"href":"http:\/\/cronicasyversiones.com\/index.php?rest_route=%2Fwp%2Fv2%2Ftags&post=4356"}],"curies":[{"name":"wp","href":"https:\/\/api.w.org\/{rel}","templated":true}]}}